{"id":11339,"date":"2012-02-29T10:27:50","date_gmt":"2012-02-29T08:27:50","guid":{"rendered":"\/parlonsen\/?p=11339"},"modified":"2012-03-22T15:53:46","modified_gmt":"2012-03-22T13:53:46","slug":"cine-monclar-en-mars-2012","status":"publish","type":"post","link":"https:\/\/www.o-p-i.fr\/parlonsen\/localisation\/au-pays-des-tescous\/monclar\/cine-monclar-en-mars-2012\/","title":{"rendered":"Cin\u00e9 Monclar en Mars 2012"},"content":{"rendered":"<p style=\"text-align: justify;\">A vos agendas ! Voil\u00e0 le programme de <a title=\"Cliquez pour ouvrir la fiche dans l'annuaire d'OPI\" href=\"https:\/\/www.o-p-i.fr\/aupays\/annuaire\/loisirs\/cine-monclar\/\">Cin\u00e9 Monclar<\/a> pour le mois de Mars 2012 ! <!--more--><\/p>\n<blockquote>\n<p style=\"text-align: justify;\">\n<figure id=\"attachment_11341\" aria-describedby=\"caption-attachment-11341\" style=\"width: 218px\" class=\"wp-caption alignright\"><a href=\"https:\/\/i0.wp.com\/www.o-p-i.fr\/parlonsen\/wp-content\/uploads\/cinemonclar_missionimpossible.jpg?ssl=1\"><img data-recalc-dims=\"1\" loading=\"lazy\" decoding=\"async\" class=\"size-full wp-image-11341\" title=\"Mission impossible\" src=\"https:\/\/i0.wp.com\/www.o-p-i.fr\/parlonsen\/wp-content\/uploads\/cinemonclar_missionimpossible.jpg?resize=218%2C132&#038;ssl=1\" alt=\"Mission impossible\" width=\"218\" height=\"132\" \/><\/a><figcaption id=\"caption-attachment-11341\" class=\"wp-caption-text\">Mission impossible<\/figcaption><\/figure>\n<ul style=\"text-align: justify;\">\n<li><strong>Mission impossible<\/strong><\/li>\n<\/ul>\n<p style=\"text-align: justify;\"><strong> <span style=\"color: #ff6600;\">Mardi 6 \u00e0 21h<\/span><\/strong><br \/>\nR\u00e9alis\u00e9 par Brad Bird<br \/>\nAvec Tom Cruise, Jeremy Renner, Simon Pegg<br \/>\nGenre Action, Espionnage, Thriller<br \/>\nDur\u00e9e : 2h13<\/p>\n<p style=\"text-align: justify;\">Impliqu\u00e9e dans l&rsquo;attentat terroriste du Kremlin, l&rsquo;agence Mission Impossible (IMF) est totalement discr\u00e9dit\u00e9e. Tandis que le pr\u00e9sident lance l&rsquo;op\u00e9ration \u00ab\u00a0Protocole Fant\u00f4me\u00a0\u00bb, Ethan Hunt, priv\u00e9 de ressources et de renfort, doit trouver le moyen de blanchir l&rsquo;agence et de d\u00e9jouer toute nouvelle tentative d&rsquo;attentat. Mais pour compliquer encore la situation, l&rsquo;agent doit s&rsquo;engager dans cette mission avec une \u00e9quipe de fugitifs d&rsquo;IMF dont il n&rsquo;a pas bien cern\u00e9 les motivations\u2026<\/p>\n<p style=\"text-align: justify;\">Cela fait quinze ans que Tom Cruise incarne Ethan Hunt dans la saga Mission : Impossible. De l&rsquo;autre c\u00f4t\u00e9 de la cam\u00e9ra, ce sont quatre stylistes hors pair qui se sont succ\u00e9d\u00e9s, conf\u00e9rant \u00e0 la franchise un prestige qui lui permet de souvent d\u00e9passer la cat\u00e9gorie blockbuster. Apr\u00e8s Brian De Palma, John Woo et J.J. Abrams, c&rsquo;est au tour de Brad Bird, le p\u00e8re des Indestructibles et de Ratatouille, de faire honneur \u00e0 une saga explosive qui a fait de l&rsquo;efficacit\u00e9 son ma\u00eetre mot.<\/p>\n<p style=\"text-align: justify;\"><em>Les Inrockuptibles : Brad Bird, qui vient de Pixar, (&#8230;) pr\u00e9f\u00e8re (&#8230;) se lover dans les codes \u00e9tablis de la saga plut\u00f4t que de les bousculer. (&#8230;) Tout cela pourrait \u00eatre ennuyeux mais c&rsquo;est passionnant, tant le plaisir que Bird prend \u00e0 manipuler ses jouets est communicatif (&#8230;).<\/em><\/p>\n<p style=\"text-align: justify;\"><em>Charlie Hebdo : Ludique et intelligent, ce quatri\u00e8me \u00e9pisode r\u00e9actualise les grands th\u00e8mes de la s\u00e9rie (&#8230;) en lui injectant le sang infantile et vivifiant des bonnes images anim\u00e9es.<\/em><\/p>\n<figure id=\"attachment_11342\" aria-describedby=\"caption-attachment-11342\" style=\"width: 218px\" class=\"wp-caption alignright\"><a href=\"https:\/\/i0.wp.com\/www.o-p-i.fr\/parlonsen\/wp-content\/uploads\/cinemonclar_happyfeet2.jpg?ssl=1\"><img data-recalc-dims=\"1\" loading=\"lazy\" decoding=\"async\" class=\"size-full wp-image-11342\" title=\"Happy Feet 2\" src=\"https:\/\/i0.wp.com\/www.o-p-i.fr\/parlonsen\/wp-content\/uploads\/cinemonclar_happyfeet2.jpg?resize=218%2C132&#038;ssl=1\" alt=\"Happy Feet 2\" width=\"218\" height=\"132\" \/><\/a><figcaption id=\"caption-attachment-11342\" class=\"wp-caption-text\">Happy Feet 2<\/figcaption><\/figure>\n<ul style=\"text-align: justify;\">\n<li><strong>Happy Feet 2<\/strong><\/li>\n<\/ul>\n<p style=\"text-align: justify;\"><span style=\"color: #ff6600;\"><strong>Dimanche 4 \u00e0 16h<\/strong><\/span><br \/>\nR\u00e9alis\u00e9 par George Miller<br \/>\nAvec Elijah Wood, Ava Acres, Carlos Alazraqui<br \/>\nGenre Animation, famille<br \/>\nDur\u00e9e : 1h39<\/p>\n<p style=\"text-align: justify;\">Mumble, le roi des claquettes, est bien ennuy\u00e9 quand il d\u00e9couvre que son fils Erik est allergique \u00e0 la danse. C\u2019est alors que ce dernier s\u2019enfuit et rencontre Sven Puissant, pingouin capable de voler ! Mumble comprend qu\u2019il ne peut nullement rivaliser avec ce personnage charismatique qu\u2019Erik tente d\u2019imiter&#8230; Mais la situation ne fait qu\u2019empirer quand le monde est menac\u00e9 par des forces telluriques&#8230; Erik prend conscience que son p\u00e8re ne manque pas de cran lorsqu\u2019il mobilise le peuple des pingouins et d\u2019autres cr\u00e9atures fabuleuses, du minuscule Krill au gigantesque \u00e9l\u00e9phant de mer, Elephant Seals, pour r\u00e9tablir l\u2019ordre\u2026<\/p>\n<p style=\"text-align: justify;\">La production du film a r\u00e9uni certains des plus grands danseurs actuels, dont le chor\u00e9graphe Savion Glover, consid\u00e9r\u00e9 comme le meilleur danseur de claquettes au monde. Savion Glover a con\u00e7u les pas de danse les plus embl\u00e9matiques du personnage Mumble (doubl\u00e9 par Clovis Cornillac et Elijah Wood), aux c\u00f4t\u00e9s du chor\u00e9graphe Wade J. Robson qui a \u00e9galement mis en sc\u00e8ne la s\u00e9quence d\u2019ouverture m\u00ealant toutes sortes de danses.<\/p>\n<p style=\"text-align: justify;\"><em>Elle : On ne peut que saluer le retour de nos pingouins pr\u00e9f\u00e9r\u00e9s et leurs chor\u00e9graphies R&rsquo;n&rsquo;B. (&#8230;) Nul doute que parents et enfants retrouveront beaucoup d&rsquo;eux-m\u00eames chez ces ovipares aux pieds glac\u00e9s !<\/em><\/p>\n<p style=\"text-align: justify;\"><em>George Miller joue sur des valeurs f\u00e9d\u00e9ratrices, et le film a une certaine majest\u00e9 : si on nous avait dit qu&rsquo;un jour on serait \u00e9mu par un petit manchot revisitant E lucevan le stelle, le grand air du t\u00e9nor de Tosca&#8230;<\/em><\/p>\n<figure id=\"attachment_11345\" aria-describedby=\"caption-attachment-11345\" style=\"width: 218px\" class=\"wp-caption alignright\"><a href=\"https:\/\/i0.wp.com\/www.o-p-i.fr\/parlonsen\/wp-content\/uploads\/cinemonclar_veritesijemens3.jpg?ssl=1\"><img data-recalc-dims=\"1\" loading=\"lazy\" decoding=\"async\" class=\"size-full wp-image-11345\" title=\"La v\u00e9rit\u00e9 si je mens 3\" src=\"https:\/\/i0.wp.com\/www.o-p-i.fr\/parlonsen\/wp-content\/uploads\/cinemonclar_veritesijemens3.jpg?resize=218%2C132&#038;ssl=1\" alt=\"La v\u00e9rit\u00e9 si je mens 3\" width=\"218\" height=\"132\" \/><\/a><figcaption id=\"caption-attachment-11345\" class=\"wp-caption-text\">La v\u00e9rit\u00e9 si je mens 3<\/figcaption><\/figure>\n<ul style=\"text-align: justify;\">\n<li><strong>La v\u00e9rit\u00e9 si je mens 3<\/strong><\/li>\n<\/ul>\n<p style=\"text-align: justify;\"><span style=\"color: #ff6600;\"><strong>Mardi 13 \u00e0 21h<\/strong><\/span><br \/>\nR\u00e9alis\u00e9 par Thomas Gilou<br \/>\nAvec Richard Anconina, Jos\u00e9 Garcia, Bruno Solo, Vincent Elbaz,  Gilbert Melki<br \/>\nGenre Com\u00e9die<br \/>\nDur\u00e9e : 1h59<\/p>\n<p style=\"text-align: justify;\">Eddie, Dov, Yvan et les autres\u2026 Nos chaleureux amis ont migr\u00e9 du Sentier moribond \u00e0 la banlieue florissante d\u2019Aubervilliers\u2026 L\u00e0 o\u00f9 les vieux entrepreneurs juifs ont laiss\u00e9 le terrain \u00e0 de jeunes grossistes chinois courageux et dynamiques\u2026 La petite bande est toujours aussi soud\u00e9e, solidaire que lors des \u00e9pisodes pr\u00e9c\u00e9dents, et la vie suit son cours, au gr\u00e9 des petits \u00e9v\u00e8nements familiaux et des affaires. Tout irait pour le mieux jusqu\u2019\u00e0 ce qu\u2019un vent mauvais apporte son lot d\u2019adversit\u00e9 compromettant s\u00e9rieusement la coh\u00e9sion du groupe.<\/p>\n<p style=\"text-align: justify;\">Vous avez rat\u00e9 les deux premiers films de la trilogie ? Pas de panique ! Selon le com\u00e9dien Gilbert Melki, ce troisi\u00e8me volet ne s&rsquo;inscrit pas dans la continuit\u00e9 des deux premiers : \u00ab\u00a0C\u2019est peut-\u00eatre un 3, mais ce n\u2019est pas une suite. Il pourrait tr\u00e8s bien s\u2019agir d\u2019un premier. C\u2019est un troisi\u00e8me opus avec la m\u00eame bande dans une autre histoire. Ce film-l\u00e0 est aussi plus surprenant, plus construit. Tous les personnages ont un parcours personnel dans une histoire plus grande\u00a0\u00bb, explique-t-il.<\/p>\n<p style=\"text-align: justify;\"><em>Excessif : L&rsquo;impatience \u00e9tait de taille. Mais \u00e0 l&rsquo;arriv\u00e9e, seule l&rsquo;amertume prime. (&#8230;) N\u00e9anmoins, il se d\u00e9gage de \u00ab\u00a0La V\u00e9rit\u00e9 si je mens ! 3\u00a0\u00bb une jouissance aussi l\u00e9g\u00e8re qu&rsquo;\u00e9vidente, celle de red\u00e9couvrir l&rsquo;\u00e9quipe au grand complet.<\/em><\/p>\n<p style=\"text-align: justify;\"><em>L\u2019Express : (\u2026) mais que l&rsquo;intrigue &#8211; vengeance, arnaque et amiti\u00e9 &#8211; roule sans faire de mal et qu&rsquo;il est plaisant de revoir ces cinq potes d\u00e9conner entre eux- les meilleurs moments du film.<\/em><\/p>\n<figure id=\"attachment_11343\" aria-describedby=\"caption-attachment-11343\" style=\"width: 218px\" class=\"wp-caption alignright\"><a href=\"https:\/\/i0.wp.com\/www.o-p-i.fr\/parlonsen\/wp-content\/uploads\/cinemonclar_sherlock.jpg?ssl=1\"><img data-recalc-dims=\"1\" loading=\"lazy\" decoding=\"async\" class=\"size-full wp-image-11343\" title=\"Sherlock Holmes\" src=\"https:\/\/i0.wp.com\/www.o-p-i.fr\/parlonsen\/wp-content\/uploads\/cinemonclar_sherlock.jpg?resize=218%2C132&#038;ssl=1\" alt=\"Sherlock Holmes\" width=\"218\" height=\"132\" \/><\/a><figcaption id=\"caption-attachment-11343\" class=\"wp-caption-text\">Sherlock Holmes<\/figcaption><\/figure>\n<ul style=\"text-align: justify;\">\n<li><strong>Sherlock Holmes<\/strong><\/li>\n<\/ul>\n<p style=\"text-align: justify;\"><strong> <span style=\"color: #ff6600;\">Mardi 20 \u00e0 21h<\/span><\/strong><br \/>\nR\u00e9alis\u00e9 par Guy Ritchie<br \/>\nAvec Robert Downey Jr., Jude Law, Noomi Rapace<br \/>\nDur\u00e9e : 2h07<\/p>\n<p style=\"text-align: justify;\">Sherlock Holmes a toujours \u00e9t\u00e9 r\u00e9put\u00e9 pour \u00eatre l&rsquo;homme \u00e0 l&rsquo;esprit le plus aff\u00fbt\u00e9 de son \u00e9poque. Jusqu&rsquo;au jour o\u00f9 le redoutable professeur James Moriarty, criminel d&rsquo;une puissance intellectuelle comparable \u00e0 celle du c\u00e9l\u00e8bre d\u00e9tective, fait son entr\u00e9e en sc\u00e8ne\u2026 Il a m\u00eame sans doute un net avantage sur Holmes car il met non seulement son intelligence au service de noirs desseins, mais il est totalement d\u00e9pourvu de sens moral.<\/p>\n<p style=\"text-align: justify;\">Jared Harris, alias Professeur Moriarty, campe l\u2019homme qu\u2019il d\u00e9crit comme le premier \u00ab\u00a0super-m\u00e9chant\u00a0\u00bb de la litt\u00e9rature moderne : \u00ab\u00a0Il doit se comporter de mani\u00e8re \u00e0 justifier l\u2019estime dans laquelle le tient Sherlock Holmes car il incarne une terrible menace. Il faut qu\u2019on puisse croire au fait qu\u2019il est aussi malin que Holmes \u2013 peut-\u00eatre m\u00eame plus malin \u2013 \u00e0 l\u2019image d\u2019un ma\u00eetre des \u00e9checs, capable d\u2019avoir plusieurs coups d\u2019avance sur son adversaire. Mais en r\u00e9alit\u00e9, c\u2019est un redoutable sociopathe, ce qui en fait un personnage tr\u00e8s amusant \u00e0 jouer\u00a0\u00bb, explique le com\u00e9dien.<\/p>\n<p style=\"text-align: justify;\"><em>Paris Match : Ce volet des aventures d&rsquo;Holmes procure un plaisir total gr\u00e2ce au cocktail nitroglyc\u00e9rin\u00e9 d&rsquo;un sc\u00e9nario de BD bien secou\u00e9e, d&rsquo;une intrigue psychotique incorpor\u00e9e \u00e0 un film d&rsquo;action insens\u00e9, servi br\u00fblant par des com\u00e9diens d&rsquo;exception.<\/em><\/p>\n<p style=\"text-align: justify;\"><em>Le Figaroscope : Men\u00e9 tambour battant par un Guy Ritchie survolt\u00e9, ce deuxi\u00e8me film assoit d\u00e9finitivement le tandem Robert Downey Jr &#8211; Jude Law. (&#8230;) les sc\u00e9naristes s&rsquo;amusent m\u00eame \u00e0 instiller un c\u00f4t\u00e9 \u00ab\u00a0gay friendly\u00a0\u00bb (&#8230;) tout en cultivant l&rsquo;effronterie et le flegme britannique.<\/em><\/p>\n<figure id=\"attachment_11344\" aria-describedby=\"caption-attachment-11344\" style=\"width: 218px\" class=\"wp-caption alignright\"><a href=\"https:\/\/i0.wp.com\/www.o-p-i.fr\/parlonsen\/wp-content\/uploads\/cinemonclar_medianeras.jpg?ssl=1\"><img data-recalc-dims=\"1\" loading=\"lazy\" decoding=\"async\" class=\"size-full wp-image-11344\" title=\"Medianeras\" src=\"https:\/\/i0.wp.com\/www.o-p-i.fr\/parlonsen\/wp-content\/uploads\/cinemonclar_medianeras.jpg?resize=218%2C132&#038;ssl=1\" alt=\"Medianeras\" width=\"218\" height=\"132\" \/><\/a><figcaption id=\"caption-attachment-11344\" class=\"wp-caption-text\">Medianeras<\/figcaption><\/figure>\n<ul style=\"text-align: justify;\">\n<li><strong>Medianeras<\/strong><\/li>\n<\/ul>\n<p style=\"text-align: justify;\"><strong> <span style=\"color: #ff6600;\">Mardi 27 \u00e0 21h<\/span><\/strong><br \/>\nR\u00e9alis\u00e9 par Gustavo Taretto<br \/>\nAvec Pilar L\u00f3pez de Ayala, In\u00e9s Efron, Carla Peterson<br \/>\nEspagnol, argentin, allemand<br \/>\nDur\u00e9e : 1h35<br \/>\nVO S\/T<\/p>\n<p style=\"text-align: justify;\">Martin est phobique mais se soigne. Petit \u00e0 petit il parvient \u00e0 sortir de son isolement, de son studio et de sa r\u00e9alit\u00e9 virtuelle. Il est web-designer.<br \/>\nMariana sort d&rsquo;une relation longue. Elle est perdue et confuse, \u00e0 l&rsquo;image du d\u00e9sordre qui r\u00e8gne dans son appartement. Martin et Mariana vivent dans la m\u00eame rue, dans des immeubles l&rsquo;un en face de l&rsquo;autre mais ne se sont jamais rencontr\u00e9s. Ils fr\u00e9quentent les m\u00eames endroits mais ne se remarquent pas. Comment peuvent-ils se rencontrer dans une ville de trois millions d&rsquo;habitants ? Ce qui les s\u00e9pare les rassemble&#8230;<br \/>\nPrix du Public dans le cadre des Rencontres d&rsquo;Am\u00e9rique Latine qui se sont tenues \u00e0 Toulouse.<br \/>\nLe paradoxe de vivre dans un immeuble de 50 appartements est que l&rsquo;on se sent aussi seul que si l&rsquo;on est sur une \u00eele d\u00e9serte, explique Gustavo Taretto. La m\u00eame logique veut que l&rsquo;on reste enti\u00e8rement indiff\u00e9rents les uns vis-\u00e0-vis des autres dans les lieux publics (boulevards, centres commerciaux, m\u00e9tro&#8230;). \u00catre entour\u00e9 provoque malaise et angoisse plus qu&rsquo;autre chose. C&rsquo;est ce que le cin\u00e9aste essaye de retranscrire au travers de Medianeras.<\/p>\n<p style=\"text-align: justify;\"><em>L\u2019Humanit\u00e9 : C&rsquo;est croquignolet, \u00e7a ne mange pas de pain et c&rsquo;est d&rsquo;un ludisme extr\u00eame.<\/em><\/p>\n<p style=\"text-align: justify;\"><em>La Croix : Joliment \u00e9crit, \u00ab\u00a0Medianeras\u00a0\u00bb impose une voix m\u00e9lancolique et pleine d&rsquo;une dr\u00f4lerie d\u00e9cal\u00e9e. Il jette aussi un regard acerbe sur une soci\u00e9t\u00e9 o\u00f9 la technologie a \u00e9chou\u00e9 \u00e0 rapprocher les humains.<\/em><\/p>\n<ul style=\"text-align: justify;\">\n<li><strong>Les acacias<\/strong><\/li>\n<\/ul>\n<p style=\"text-align: justify;\"><span style=\"color: #ff6600;\"><strong>M<\/strong><strong>ardi 3 avril \u00e0 21h<\/strong><\/span><\/p>\n<\/blockquote>\n<p style=\"text-align: justify;\"><span style=\"color: #ff6600;\"><em><span style=\"color: #000000;\">Communiqu\u00e9 de <a title=\"Cliquez pour ouvrir la fiche dans l'annuaire d'OPI\" href=\"https:\/\/www.o-p-i.fr\/aupays\/annuaire\/loisirs\/cine-monclar\/\">Cin\u00e9 Monclar<\/a><\/span><\/em><strong><br \/>\n<\/strong><\/span><\/p>\n","protected":false},"excerpt":{"rendered":"<div class=\"mh-excerpt\">A vos agendas ! Voil\u00e0 le programme de Cin\u00e9 Monclar pour le mois de Mars 2012 !<\/div>\n","protected":false},"author":2,"featured_media":0,"comment_status":"open","ping_status":"open","sticky":false,"template":"","format":"standard","meta":{"om_disable_all_campaigns":false,"advanced_seo_description":"","jetpack_seo_html_title":"","jetpack_seo_noindex":false,"_jetpack_memberships_contains_paid_content":false,"footnotes":"","_links_to":"","_links_to_target":""},"categories":[16,1221],"tags":[82,92,143,323,2561,1264],"class_list":{"0":"post-11339","1":"post","2":"type-post","3":"status-publish","4":"format-standard","6":"category-monclar","7":"category-n-70-fevrier-2012","8":"tag-aines","9":"tag-cine","10":"tag-monclar-de-quercy","11":"tag-enfant","12":"tag-loisirs","13":"tag-programme"},"jetpack_featured_media_url":"","views":{"total":0,"cached_at":"","cached_date":1738287629},"jetpack_likes_enabled":true,"jetpack_sharing_enabled":true,"jetpack_shortlink":"https:\/\/wp.me\/pg7Wxj-2WT","jetpack-related-posts":[],"_links":{"self":[{"href":"https:\/\/www.o-p-i.fr\/parlonsen\/wp-json\/wp\/v2\/posts\/11339","targetHints":{"allow":["GET"]}}],"collection":[{"href":"https:\/\/www.o-p-i.fr\/parlonsen\/wp-json\/wp\/v2\/posts"}],"about":[{"href":"https:\/\/www.o-p-i.fr\/parlonsen\/wp-json\/wp\/v2\/types\/post"}],"author":[{"embeddable":true,"href":"https:\/\/www.o-p-i.fr\/parlonsen\/wp-json\/wp\/v2\/users\/2"}],"replies":[{"embeddable":true,"href":"https:\/\/www.o-p-i.fr\/parlonsen\/wp-json\/wp\/v2\/comments?post=11339"}],"version-history":[{"count":0,"href":"https:\/\/www.o-p-i.fr\/parlonsen\/wp-json\/wp\/v2\/posts\/11339\/revisions"}],"wp:attachment":[{"href":"https:\/\/www.o-p-i.fr\/parlonsen\/wp-json\/wp\/v2\/media?parent=11339"}],"wp:term":[{"taxonomy":"category","embeddable":true,"href":"https:\/\/www.o-p-i.fr\/parlonsen\/wp-json\/wp\/v2\/categories?post=11339"},{"taxonomy":"post_tag","embeddable":true,"href":"https:\/\/www.o-p-i.fr\/parlonsen\/wp-json\/wp\/v2\/tags?post=11339"}],"curies":[{"name":"wp","href":"https:\/\/api.w.org\/{rel}","templated":true}]}}