{"id":11452,"date":"2012-03-14T18:13:34","date_gmt":"2012-03-14T16:13:34","guid":{"rendered":"\/parlonsen\/?p=11452"},"modified":"2012-03-15T11:12:40","modified_gmt":"2012-03-15T09:12:40","slug":"repas-dansant-de-lapem-a-monclar-de-quercy","status":"publish","type":"post","link":"https:\/\/www.o-p-i.fr\/parlonsen\/localisation\/au-pays-des-tescous\/monclar\/repas-dansant-de-lapem-a-monclar-de-quercy\/","title":{"rendered":"Repas dansant de l&rsquo;APEM &#8230; \u00e0 Monclar de Quercy"},"content":{"rendered":"<p>L&rsquo;APEM, association\u00a0 des Parents d\u2019\u00c9l\u00e8ves de l\u2019\u00c9cole Publique La Rose des Vents \u00e0 Monclar de Quercy organise un repas dansant le <strong>Samedi 24 Mars 2012.<\/strong><!--more--><\/p>\n<figure id=\"attachment_11453\" aria-describedby=\"caption-attachment-11453\" style=\"width: 280px\" class=\"wp-caption alignright\"><a href=\"https:\/\/i0.wp.com\/www.o-p-i.fr\/parlonsen\/wp-content\/uploads\/repasdansant-apem2012.jpg?ssl=1\"><img data-recalc-dims=\"1\" loading=\"lazy\" decoding=\"async\" class=\"size-full wp-image-11453 \" title=\"Monclar de Quercy (82)\" src=\"https:\/\/i0.wp.com\/www.o-p-i.fr\/parlonsen\/wp-content\/uploads\/repasdansant-apem2012.jpg?resize=280%2C388&#038;ssl=1\" alt=\"Monclar de Quercy (82)\" width=\"280\" height=\"388\" srcset=\"https:\/\/i0.wp.com\/www.o-p-i.fr\/parlonsen\/wp-content\/uploads\/repasdansant-apem2012.jpg?w=350&amp;ssl=1 350w, https:\/\/i0.wp.com\/www.o-p-i.fr\/parlonsen\/wp-content\/uploads\/repasdansant-apem2012.jpg?resize=216%2C300&amp;ssl=1 216w\" sizes=\"auto, (max-width: 280px) 100vw, 280px\" \/><\/a><figcaption id=\"caption-attachment-11453\" class=\"wp-caption-text\">Monclar de Quercy (82)<\/figcaption><\/figure>\n<p><strong>Pour y aller &#8230; <\/strong><br \/>\n<a title=\"Ouvre le plan dans une nouvelle fen\u00eatre\" href=\"http:\/\/maps.google.fr\/maps?q=Boulevard+des+%C3%89coles,+Monclar-de-Quercy&amp;hl=fr&amp;ie=UTF8&amp;ll=43.964326,1.586537&amp;spn=0.009807,0.026157&amp;sll=43.966063,1.587396&amp;sspn=0.004904,0.013078&amp;oq=Boulevard++Monclar+de+Quercy&amp;hnear=Boulevard+des+%C3%89coles,+82230+Monclar-de-Quercy,+Tarn-Et-Garonne,+Midi-Pyr%C3%A9n%C3%A9es&amp;t=m&amp;z=16\" target=\"_blank\">Salle des F\u00eates du Groupe Scolaire<br \/>\n82230 MONCLAR de QUERCY<\/a><\/p>\n<p><strong>Menu<\/strong><br \/>\nAp\u00e9ritif<br \/>\nCouscous 3 Viandes<br \/>\nTarte aux pommes<br \/>\n1\/4 de vin &amp; Caf\u00e9<\/p>\n<p><strong>Tarifs<\/strong><br \/>\nAdulte : 15\u20ac<br \/>\nEnfant (-12ans) : 5\u20ac<\/p>\n<p><strong>R\u00e9servations <span style=\"text-decoration: underline;\">avant le 16 Mars 2012<\/span> :<\/strong><br \/>\nCoupon-r\u00e9ponse : disponible chez les commer\u00e7ants (8 \u00e0 Huit, <a title=\"Cliquez pour ouvrir la fiche dans l'annuaire d'OPI\" href=\"https:\/\/www.o-p-i.fr\/aupays\/nos-villages\/monclar-de-quercy\/pharmacie-a-monclar-de-quercy\/\">Pharmacie Frances<\/a>, <a title=\"Cliquez pour ouvrir la fiche dans l'annuaire d'OPI\" href=\"https:\/\/www.o-p-i.fr\/aupays\/annuaire\/alimentation\/maison-marsillach-monteillet\/\">Boulangerie Nicolas M&amp;M<\/a>)<br \/>\nT\u00e9l. : 06 82 92 69 42<\/p>\n<p>Paiement \u00e0 l&rsquo;ordre des Parents d\u2019\u00c9l\u00e8ves Motiv\u00e9s (APEM)<br \/>\n<a title=\"Cliquez pour ouvrir la fiche dans l'annuaire d'OPI\" href=\"https:\/\/www.o-p-i.fr\/aupays\/annuaire\/administrations\/ecoles-a-monclar-de-quercy\/\">\u00c9cole Publique La Rose des Vents<\/a><\/p>\n<p><em>Communiqu\u00e9 de l&rsquo;APEM<\/em><\/p>\n<p><a href=\"https:\/\/www.o-p-i.fr\/parlonsen\/agenda\/\"><strong>Retrouvez tous les \u00e9v\u00e8nements dans l&rsquo;agenda !<\/strong><\/a><\/p>\n","protected":false},"excerpt":{"rendered":"<div class=\"mh-excerpt\">L&rsquo;APEM, association\u00a0 des Parents d\u2019\u00c9l\u00e8ves de l\u2019\u00c9cole Publique La Rose des Vents \u00e0 Monclar de Quercy organise un repas dansant le Samedi 24 Mars 2012.<\/div>\n","protected":false},"author":2,"featured_media":0,"comment_status":"open","ping_status":"open","sticky":false,"template":"","format":"standard","meta":{"om_disable_all_campaigns":false,"advanced_seo_description":"","jetpack_seo_html_title":"","jetpack_seo_noindex":false,"_jetpack_memberships_contains_paid_content":false,"footnotes":"","_links_to":"","_links_to_target":""},"categories":[16,54,1242],"tags":[84,121,143,157,323,822,1258],"class_list":{"0":"post-11452","1":"post","2":"type-post","3":"status-publish","4":"format-standard","6":"category-monclar","7":"category-loisirs","8":"category-n-71-mars","9":"tag-danse","10":"tag-association","11":"tag-monclar-de-quercy","12":"tag-repas","13":"tag-enfant","14":"tag-parent","15":"tag-apem"},"jetpack_featured_media_url":"","views":{"total":0,"cached_at":"","cached_date":1738468389},"jetpack_likes_enabled":true,"jetpack_sharing_enabled":true,"jetpack_shortlink":"https:\/\/wp.me\/pg7Wxj-2YI","jetpack-related-posts":[],"_links":{"self":[{"href":"https:\/\/www.o-p-i.fr\/parlonsen\/wp-json\/wp\/v2\/posts\/11452","targetHints":{"allow":["GET"]}}],"collection":[{"href":"https:\/\/www.o-p-i.fr\/parlonsen\/wp-json\/wp\/v2\/posts"}],"about":[{"href":"https:\/\/www.o-p-i.fr\/parlonsen\/wp-json\/wp\/v2\/types\/post"}],"author":[{"embeddable":true,"href":"https:\/\/www.o-p-i.fr\/parlonsen\/wp-json\/wp\/v2\/users\/2"}],"replies":[{"embeddable":true,"href":"https:\/\/www.o-p-i.fr\/parlonsen\/wp-json\/wp\/v2\/comments?post=11452"}],"version-history":[{"count":0,"href":"https:\/\/www.o-p-i.fr\/parlonsen\/wp-json\/wp\/v2\/posts\/11452\/revisions"}],"wp:attachment":[{"href":"https:\/\/www.o-p-i.fr\/parlonsen\/wp-json\/wp\/v2\/media?parent=11452"}],"wp:term":[{"taxonomy":"category","embeddable":true,"href":"https:\/\/www.o-p-i.fr\/parlonsen\/wp-json\/wp\/v2\/categories?post=11452"},{"taxonomy":"post_tag","embeddable":true,"href":"https:\/\/www.o-p-i.fr\/parlonsen\/wp-json\/wp\/v2\/tags?post=11452"}],"curies":[{"name":"wp","href":"https:\/\/api.w.org\/{rel}","templated":true}]}}