{"id":1146,"date":"2009-11-18T01:58:55","date_gmt":"2009-11-17T23:58:55","guid":{"rendered":"\/parlonsen\/?p=1146"},"modified":"2009-11-18T19:05:18","modified_gmt":"2009-11-18T17:05:18","slug":"nos-marches-de-plein-ventsaint-nauphary","status":"publish","type":"post","link":"https:\/\/www.o-p-i.fr\/parlonsen\/parlons-en\/agriculture\/nos-marches-de-plein-ventsaint-nauphary\/","title":{"rendered":"Nos march\u00e9s de \u00ab\u00a0plein vent\u00a0\u00bb&#8230;Saint Nauphary"},"content":{"rendered":"<p style=\"text-align: justify;\">Apr\u00e8s Castelnau de Montmiral, nous\u00a0poursuivons notre visite des march\u00e9s de chez nous par Saint Nauphary,<!--more--> o\u00f9 le dimanche matin la place de la mairie s&rsquo;anime autour de la petite dizaine d&rsquo;\u00e9tals.<\/p>\n<figure id=\"attachment_1173\" aria-describedby=\"caption-attachment-1173\" style=\"width: 319px\" class=\"wp-caption alignright\"><img data-recalc-dims=\"1\" loading=\"lazy\" decoding=\"async\" class=\"size-full wp-image-1173\" title=\"lucien-et-ses-legumes\" src=\"https:\/\/i0.wp.com\/www.o-p-i.fr\/parlonsen\/wp-content\/uploads\/lucien-et-ses-legumes.jpg?resize=319%2C239&#038;ssl=1\" alt=\"Lucien et ses l\u00e9gumes\" width=\"319\" height=\"239\" srcset=\"https:\/\/i0.wp.com\/www.o-p-i.fr\/parlonsen\/wp-content\/uploads\/lucien-et-ses-legumes.jpg?w=319&amp;ssl=1 319w, https:\/\/i0.wp.com\/www.o-p-i.fr\/parlonsen\/wp-content\/uploads\/lucien-et-ses-legumes.jpg?resize=300%2C224&amp;ssl=1 300w\" sizes=\"auto, (max-width: 319px) 100vw, 319px\" \/><figcaption id=\"caption-attachment-1173\" class=\"wp-caption-text\">Lucien et ses l\u00e9gumes<\/figcaption><\/figure>\n<p style=\"text-align: justify;\">Notre premi\u00e8re rencontre a \u00e9t\u00e9 avec <strong>Lucien<\/strong>, sa bonhommie et ses beaux <strong>l\u00e9gumes<\/strong>. On le rencontre aussi \u00e0 Montauban, le mercredi place Lalaque et le samedi au grand march\u00e9 ou bien le jeudi \u00e0 Fronton. A cot\u00e9 de Lucien, il y a &#8230;<\/p>\n<figure id=\"attachment_1174\" aria-describedby=\"caption-attachment-1174\" style=\"width: 319px\" class=\"wp-caption alignleft\"><a href=\"https:\/\/i0.wp.com\/www.o-p-i.fr\/parlonsen\/wp-content\/uploads\/patrick-et-ses-polaires.jpg?ssl=1\"><img data-recalc-dims=\"1\" loading=\"lazy\" decoding=\"async\" class=\"size-full wp-image-1174\" title=\"patrick-et-ses-polaires\" src=\"https:\/\/i0.wp.com\/www.o-p-i.fr\/parlonsen\/wp-content\/uploads\/patrick-et-ses-polaires.jpg?resize=319%2C239&#038;ssl=1\" alt=\"Patrick et ses polaires\" width=\"319\" height=\"239\" srcset=\"https:\/\/i0.wp.com\/www.o-p-i.fr\/parlonsen\/wp-content\/uploads\/patrick-et-ses-polaires.jpg?w=319&amp;ssl=1 319w, https:\/\/i0.wp.com\/www.o-p-i.fr\/parlonsen\/wp-content\/uploads\/patrick-et-ses-polaires.jpg?resize=300%2C224&amp;ssl=1 300w\" sizes=\"auto, (max-width: 319px) 100vw, 319px\" \/><\/a><figcaption id=\"caption-attachment-1174\" class=\"wp-caption-text\">Patrick et ses polaires<\/figcaption><\/figure>\n<div style=\"text-align: justify;\">&#8230; <strong>Patrick<\/strong> et ses <strong>polaires<\/strong> qui sont bien de saison. Il n&rsquo;est pas l\u00e0 tout les dimanches, ce qui n&rsquo;est pas le cas de <strong>Jojo le pizza\u00efolo<\/strong> qui lui est toujours fid\u00e8le au poste ; tellement fid\u00e8le qu&rsquo;il\u00a0vous attend aussi\u00a0le mardi apr\u00e8s-midi jusqu&rsquo;\u00e0 21heures.<\/div>\n<figure id=\"attachment_1178\" aria-describedby=\"caption-attachment-1178\" style=\"width: 319px\" class=\"wp-caption alignright\"><img data-recalc-dims=\"1\" loading=\"lazy\" decoding=\"async\" class=\"size-full wp-image-1178\" title=\"cest-presque-chaud-jojo1\" src=\"https:\/\/i0.wp.com\/www.o-p-i.fr\/parlonsen\/wp-content\/uploads\/cest-presque-chaud-jojo1.jpg?resize=319%2C191&#038;ssl=1\" alt=\"Jojo, c'est presque chaud !\" width=\"319\" height=\"191\" srcset=\"https:\/\/i0.wp.com\/www.o-p-i.fr\/parlonsen\/wp-content\/uploads\/cest-presque-chaud-jojo1.jpg?w=319&amp;ssl=1 319w, https:\/\/i0.wp.com\/www.o-p-i.fr\/parlonsen\/wp-content\/uploads\/cest-presque-chaud-jojo1.jpg?resize=300%2C179&amp;ssl=1 300w\" sizes=\"auto, (max-width: 319px) 100vw, 319px\" \/><figcaption id=\"caption-attachment-1178\" class=\"wp-caption-text\">Jojo, c&#39;est presque chaud !<\/figcaption><\/figure>\n<div style=\"text-align: justify;\">Pas loin de l\u00e0, les abeilles ont travaill\u00e9 pour vous au \u00ab\u00a0<strong>Rucher de Moulis<\/strong>\u00ab\u00a0. Christian \u00e0 r\u00e9colt\u00e9 miel, pollen et gel\u00e9e royale. Il vous a pr\u00e9par\u00e9 du bon pain d&rsquo;\u00e9pice. Il vous attend aussi le lundi \u00e0 Bessi\u00e8res et le mercredi \u00e0 Labastide Saint Pierre, ou bien chez lui \u00e0 Reynies.<\/div>\n<figure id=\"attachment_1181\" aria-describedby=\"caption-attachment-1181\" style=\"width: 319px\" class=\"wp-caption alignleft\"><img data-recalc-dims=\"1\" loading=\"lazy\" decoding=\"async\" class=\"size-full wp-image-1181\" title=\"christian-le-rucher-de-moulis\" src=\"https:\/\/i0.wp.com\/www.o-p-i.fr\/parlonsen\/wp-content\/uploads\/christian-le-rucher-de-moulis.jpg?resize=319%2C239&#038;ssl=1\" alt=\"Christian et le produit de ses abeilles\" width=\"319\" height=\"239\" srcset=\"https:\/\/i0.wp.com\/www.o-p-i.fr\/parlonsen\/wp-content\/uploads\/christian-le-rucher-de-moulis.jpg?w=319&amp;ssl=1 319w, https:\/\/i0.wp.com\/www.o-p-i.fr\/parlonsen\/wp-content\/uploads\/christian-le-rucher-de-moulis.jpg?resize=300%2C224&amp;ssl=1 300w\" sizes=\"auto, (max-width: 319px) 100vw, 319px\" \/><figcaption id=\"caption-attachment-1181\" class=\"wp-caption-text\">Christian et le produit de ses abeilles<\/figcaption><\/figure>\n<div style=\"text-align: justify;\">Tout au fond de la place nous fais de l&rsquo;\u0153il le bel assortiment de <strong>C\u00e9cile la fromag\u00e8re<\/strong>. Elle nous propose \u00e9galement des \u0153ufs et de la charcuterie et l&rsquo;on peut la retrouver le mardi \u00e0 N\u00e9grepelisse.<\/div>\n<figure id=\"attachment_1183\" aria-describedby=\"caption-attachment-1183\" style=\"width: 319px\" class=\"wp-caption alignright\"><img data-recalc-dims=\"1\" loading=\"lazy\" decoding=\"async\" class=\"size-full wp-image-1183\" title=\"cecile-beurre-fromages-salaisons1\" src=\"https:\/\/i0.wp.com\/www.o-p-i.fr\/parlonsen\/wp-content\/uploads\/cecile-beurre-fromages-salaisons1.jpg?resize=319%2C239&#038;ssl=1\" alt=\"C\u00e9cile, beurres, fromages, salaisons...\" width=\"319\" height=\"239\" srcset=\"https:\/\/i0.wp.com\/www.o-p-i.fr\/parlonsen\/wp-content\/uploads\/cecile-beurre-fromages-salaisons1.jpg?w=319&amp;ssl=1 319w, https:\/\/i0.wp.com\/www.o-p-i.fr\/parlonsen\/wp-content\/uploads\/cecile-beurre-fromages-salaisons1.jpg?resize=300%2C224&amp;ssl=1 300w\" sizes=\"auto, (max-width: 319px) 100vw, 319px\" \/><figcaption id=\"caption-attachment-1183\" class=\"wp-caption-text\">C\u00e9cile, beurres, fromages, salaisons...<\/figcaption><\/figure>\n<div style=\"text-align: justify;\">Des <strong>fruits et des l\u00e9gumes<\/strong>, c&rsquo;est la sp\u00e9cialit\u00e9 de <strong>David <\/strong>qui les a choisis pour vous. On le rencontre sur les march\u00e9s de Grisolles, Moissac,<\/div>\n<figure id=\"attachment_1185\" aria-describedby=\"caption-attachment-1185\" style=\"width: 319px\" class=\"wp-caption alignleft\"><img data-recalc-dims=\"1\" loading=\"lazy\" decoding=\"async\" class=\"size-full wp-image-1185\" title=\"david-fruits-et-legumes1\" src=\"https:\/\/i0.wp.com\/www.o-p-i.fr\/parlonsen\/wp-content\/uploads\/david-fruits-et-legumes1.jpg?resize=319%2C239&#038;ssl=1\" alt=\"David, fruits et l\u00e9gumes\" width=\"319\" height=\"239\" srcset=\"https:\/\/i0.wp.com\/www.o-p-i.fr\/parlonsen\/wp-content\/uploads\/david-fruits-et-legumes1.jpg?w=319&amp;ssl=1 319w, https:\/\/i0.wp.com\/www.o-p-i.fr\/parlonsen\/wp-content\/uploads\/david-fruits-et-legumes1.jpg?resize=300%2C224&amp;ssl=1 300w\" sizes=\"auto, (max-width: 319px) 100vw, 319px\" \/><figcaption id=\"caption-attachment-1185\" class=\"wp-caption-text\">David, fruits et l\u00e9gumes<\/figcaption><\/figure>\n<p>Castelsarazin, Larazet.<\/p>\n<div style=\"text-align: justify;\">A cot\u00e9 de lui, c&rsquo;est <strong>Nathalie<\/strong> qui pr\u00e9sente ses <strong>fruits secs et confits<\/strong> ; \u00e9galement un grand choix d&rsquo;olives et d&rsquo;\u00e9pices. On la<\/div>\n<figure id=\"attachment_1187\" aria-describedby=\"caption-attachment-1187\" style=\"width: 319px\" class=\"wp-caption alignright\"><img data-recalc-dims=\"1\" loading=\"lazy\" decoding=\"async\" class=\"size-full wp-image-1187\" title=\"nathalie-fruits-secs-ou-confits-olives-epices1\" src=\"https:\/\/i0.wp.com\/www.o-p-i.fr\/parlonsen\/wp-content\/uploads\/nathalie-fruits-secs-ou-confits-olives-epices1.jpg?resize=319%2C239&#038;ssl=1\" alt=\"Nathalie, fruits secs ou confits, olives, \u00e9pices...\" width=\"319\" height=\"239\" srcset=\"https:\/\/i0.wp.com\/www.o-p-i.fr\/parlonsen\/wp-content\/uploads\/nathalie-fruits-secs-ou-confits-olives-epices1.jpg?w=319&amp;ssl=1 319w, https:\/\/i0.wp.com\/www.o-p-i.fr\/parlonsen\/wp-content\/uploads\/nathalie-fruits-secs-ou-confits-olives-epices1.jpg?resize=300%2C224&amp;ssl=1 300w\" sizes=\"auto, (max-width: 319px) 100vw, 319px\" \/><figcaption id=\"caption-attachment-1187\" class=\"wp-caption-text\">Nathalie, fruits secs ou confits, olives, \u00e9pices...<\/figcaption><\/figure>\n<p style=\"text-align: justify;\">retrouve le mercredi \u00e0 Grisolles et le vendredi \u00e0 Verdun sur Garonne. Et pour accompagner tout \u00e7a,<\/p>\n<figure id=\"attachment_1190\" aria-describedby=\"caption-attachment-1190\" style=\"width: 319px\" class=\"wp-caption alignleft\"><img data-recalc-dims=\"1\" loading=\"lazy\" decoding=\"async\" class=\"size-full wp-image-1190\" title=\"du-bon-vin-bien-de-chez-nous\" src=\"https:\/\/i0.wp.com\/www.o-p-i.fr\/parlonsen\/wp-content\/uploads\/du-bon-vin-bien-de-chez-nous.jpg?resize=319%2C183&#038;ssl=1\" alt=\"Du bon vin bien de chez nous\" width=\"319\" height=\"183\" srcset=\"https:\/\/i0.wp.com\/www.o-p-i.fr\/parlonsen\/wp-content\/uploads\/du-bon-vin-bien-de-chez-nous.jpg?w=319&amp;ssl=1 319w, https:\/\/i0.wp.com\/www.o-p-i.fr\/parlonsen\/wp-content\/uploads\/du-bon-vin-bien-de-chez-nous.jpg?resize=300%2C172&amp;ssl=1 300w\" sizes=\"auto, (max-width: 319px) 100vw, 319px\" \/><figcaption id=\"caption-attachment-1190\" class=\"wp-caption-text\">Du bon vin bien de chez nous<\/figcaption><\/figure>\n<p style=\"text-align: justify;\">qu&rsquo;est ce que l&rsquo;on peut boire ?\u00a0 Le <strong>domaine du Biarn\u00e8s<\/strong> a ce qu&rsquo;il vous faut, quelque soit le menu. Voila, nous avons fait le tour de ce qui viennent \u00e0 vous tous les dimanches matins. Mais il arrive parfois que l&rsquo;<strong>Amicale des Parents d&rsquo;El\u00e8ves <\/strong>de Saint-<\/p>\n<div class=\"mceTemp\">\n<dl id=\"attachment_1194\" class=\"wp-caption alignright\" style=\"width: 329px;\">\n<dt class=\"wp-caption-dt\"><img data-recalc-dims=\"1\" loading=\"lazy\" decoding=\"async\" class=\"size-full wp-image-1194\" title=\"aaep\" src=\"https:\/\/i0.wp.com\/www.o-p-i.fr\/parlonsen\/wp-content\/uploads\/aaep.jpg?resize=319%2C239&#038;ssl=1\" alt=\"Les parents d'\u00e9l\u00e8ves \u00e9taient l\u00e0 aussi\" width=\"319\" height=\"239\" srcset=\"https:\/\/i0.wp.com\/www.o-p-i.fr\/parlonsen\/wp-content\/uploads\/aaep.jpg?w=319&amp;ssl=1 319w, https:\/\/i0.wp.com\/www.o-p-i.fr\/parlonsen\/wp-content\/uploads\/aaep.jpg?resize=300%2C224&amp;ssl=1 300w\" sizes=\"auto, (max-width: 319px) 100vw, 319px\" \/><\/dt>\n<dd class=\"wp-caption-dd\">Les parents d&rsquo;\u00e9l\u00e8ves \u00e9taient l\u00e0 aussi<\/dd>\n<\/dl>\n<p style=\"text-align: justify;\">Nauphary soit l\u00e0 aussi&#8230; et c&rsquo;\u00e9tait le cas ce dimanche. Il faut dire que les enfants de l&rsquo;\u00e9cole\u00a0ont particip\u00e9 \u00e0 la\u00a0comm\u00e9moration de \u00a0l&rsquo;Armistice 1918 en\u00a0chantant la \u00a0\u00ab\u00a0Marseillaise\u00a0\u00bb sous la direction de Monsieur Roland GROS. Au cours de cette c\u00e9r\u00e9monie du souvenir, Monsieur le Maire, des anciens combattants et des enfants ont fleuri le monument qui nous rappelle le sacrifice de nos anciens.<\/p>\n<\/div>\n<div class=\"mceTemp\">\n<dt class=\"wp-caption-dt\"> <\/dt>\n<\/div>\n<p class=\"wp-caption-dd\">\n<p class=\"wp-caption-dd\">\n<p class=\"wp-caption-dd\">\n<p class=\"wp-caption-dd\">Amicale des Parents d\u2019El\u00e8ves de <span style=\"COLOR: #008000\"><strong>Saint-Nauphary<\/strong><\/span> organise une<strong> bourse aux jouets <\/strong>le <strong>Dimanche 6 D\u00e9cembre<\/strong>, \u00e0 partir de 14h.<br \/>\nBuvette, restauration et pr\u00e9sence du P\u00e8re No\u00ebl. Entr\u00e9e Gratuite. Salle des F\u00eates.<\/p>\n<figure style=\"width: 732px\" class=\"wp-caption aligncenter\"><img data-recalc-dims=\"1\" loading=\"lazy\" decoding=\"async\" alt=\"Comm\u00e9moration du 11 Novembre - Saint-Nauphary\" src=\"https:\/\/i0.wp.com\/www.o-p-i.fr\/parlonsen\/wp-content\/uploads\/11-nov-saint-nauphary.jpg?resize=732%2C195&#038;ssl=1\" title=\"Comm\u00e9moration du 11 Novembre - Saint-Nauphary\" width=\"732\" height=\"195\" \/><figcaption class=\"wp-caption-text\">Comm\u00e9moration du 11 Novembre - Saint-Nauphary<\/figcaption><\/figure>\n","protected":false},"excerpt":{"rendered":"<div class=\"mh-excerpt\">Apr\u00e8s Castelnau de Montmiral, nous\u00a0poursuivons notre visite des march\u00e9s de chez nous par Saint Nauphary,<\/div>\n","protected":false},"author":4,"featured_media":0,"comment_status":"open","ping_status":"open","sticky":false,"template":"","format":"standard","meta":{"om_disable_all_campaigns":false,"advanced_seo_description":"","jetpack_seo_html_title":"","jetpack_seo_noindex":false,"_jetpack_memberships_contains_paid_content":false,"footnotes":"","_links_to":"","_links_to_target":""},"categories":[3,4,6,17,141],"tags":[2542,138],"class_list":{"0":"post-1146","1":"post","2":"type-post","3":"status-publish","4":"format-standard","6":"category-agriculture","7":"category-commerce","8":"category-pratique","9":"category-saint_nauphary","10":"category-n-43","11":"tag-saint_nauphary","12":"tag-marche"},"jetpack_featured_media_url":"","views":{"total":5,"cached_at":"","cached_date":1738519517},"jetpack_likes_enabled":true,"jetpack_sharing_enabled":true,"jetpack_shortlink":"https:\/\/wp.me\/pg7Wxj-iu","jetpack-related-posts":[],"_links":{"self":[{"href":"https:\/\/www.o-p-i.fr\/parlonsen\/wp-json\/wp\/v2\/posts\/1146","targetHints":{"allow":["GET"]}}],"collection":[{"href":"https:\/\/www.o-p-i.fr\/parlonsen\/wp-json\/wp\/v2\/posts"}],"about":[{"href":"https:\/\/www.o-p-i.fr\/parlonsen\/wp-json\/wp\/v2\/types\/post"}],"author":[{"embeddable":true,"href":"https:\/\/www.o-p-i.fr\/parlonsen\/wp-json\/wp\/v2\/users\/4"}],"replies":[{"embeddable":true,"href":"https:\/\/www.o-p-i.fr\/parlonsen\/wp-json\/wp\/v2\/comments?post=1146"}],"version-history":[{"count":0,"href":"https:\/\/www.o-p-i.fr\/parlonsen\/wp-json\/wp\/v2\/posts\/1146\/revisions"}],"wp:attachment":[{"href":"https:\/\/www.o-p-i.fr\/parlonsen\/wp-json\/wp\/v2\/media?parent=1146"}],"wp:term":[{"taxonomy":"category","embeddable":true,"href":"https:\/\/www.o-p-i.fr\/parlonsen\/wp-json\/wp\/v2\/categories?post=1146"},{"taxonomy":"post_tag","embeddable":true,"href":"https:\/\/www.o-p-i.fr\/parlonsen\/wp-json\/wp\/v2\/tags?post=1146"}],"curies":[{"name":"wp","href":"https:\/\/api.w.org\/{rel}","templated":true}]}}