{"id":1148,"date":"2009-11-17T16:44:55","date_gmt":"2009-11-17T14:44:55","guid":{"rendered":"\/parlonsen\/?p=1148"},"modified":"2009-11-17T16:44:55","modified_gmt":"2009-11-17T14:44:55","slug":"letoile-du-sud-sassocie-au-telethon-et-organise-une-soiree-de-concerts","status":"publish","type":"post","link":"https:\/\/www.o-p-i.fr\/parlonsen\/parlons-en\/culture\/letoile-du-sud-sassocie-au-telethon-et-organise-une-soiree-de-concerts\/","title":{"rendered":"L&rsquo;\u00c9toile du Sud s&rsquo;associe au T\u00e9l\u00e9thon et organise une soir\u00e9e de concerts"},"content":{"rendered":"<p>Chansons fran\u00e7aises, rock ou pop, il y en aura pour tout le monde !<!--more--><\/p>\n<figure id=\"attachment_1149\" aria-describedby=\"caption-attachment-1149\" style=\"width: 400px\" class=\"wp-caption alignleft\"><img data-recalc-dims=\"1\" loading=\"lazy\" decoding=\"async\" class=\"size-full wp-image-1149\" title=\"L'\u00c9toile du Sud s'associe au T\u00e9l\u00e9thon et organise une soir\u00e9e de concerts\" src=\"https:\/\/i0.wp.com\/www.o-p-i.fr\/parlonsen\/wp-content\/uploads\/affiche-dhivers-talents-09.jpg?resize=400%2C565&#038;ssl=1\" alt=\"L'\u00c9toile du Sud s'associe au T\u00e9l\u00e9thon et organise une soir\u00e9e de concerts\" width=\"400\" height=\"565\" srcset=\"https:\/\/i0.wp.com\/www.o-p-i.fr\/parlonsen\/wp-content\/uploads\/affiche-dhivers-talents-09.jpg?w=400&amp;ssl=1 400w, https:\/\/i0.wp.com\/www.o-p-i.fr\/parlonsen\/wp-content\/uploads\/affiche-dhivers-talents-09.jpg?resize=212%2C300&amp;ssl=1 212w\" sizes=\"auto, (max-width: 400px) 100vw, 400px\" \/><figcaption id=\"caption-attachment-1149\" class=\"wp-caption-text\">L&#39;\u00c9toile du Sud s&#39;associe au T\u00e9l\u00e9thon et organise une soir\u00e9e de concerts<\/figcaption><\/figure>\n<p><strong><br \/>\n<\/strong><\/p>\n<p><strong>Samedi 5 D\u00e9cembre<\/strong> \u00e0 la Salle des F\u00eates de <strong>N\u00e8grepelisse<\/strong>,<br \/>\n\u00e0 partir de 20h.<\/p>\n<p><strong><span style=\"color: #008000;\">Chanson Fran\u00e7aise :<\/span><\/strong> Garanou chante Nougaro <a href=\"http:\/\/www.myspace.com\/garanou\" target=\"_blank\">En savoir +<\/a><\/p>\n<p><strong><span style=\"color: #ff0000;\">Rock : <\/span><\/strong>Sergent Pepper <a href=\"http:\/\/www.myspace.com\/sgtpeppersmusic\" target=\"_blank\">En savoir +<\/a><\/p>\n<p><span style=\"color: #ffff00;\"><strong>Pop : <\/strong><\/span>Jun and the Paradoxe Mind <a href=\"http:\/\/www.myspace.com\/jun2601\" target=\"_blank\">En savoir +<\/a><\/p>\n<p>Entr\u00e9e : 4\u20ac.<br \/>\n1\u20ac par entr\u00e9e sera revers\u00e9 au T\u00e9l\u00e9thon<\/p>\n","protected":false},"excerpt":{"rendered":"<div class=\"mh-excerpt\">Chansons fran\u00e7aises, rock ou pop, il y en aura pour tout le monde !<\/div>\n","protected":false},"author":2,"featured_media":0,"comment_status":"open","ping_status":"open","sticky":false,"template":"","format":"standard","meta":{"om_disable_all_campaigns":false,"advanced_seo_description":"","jetpack_seo_html_title":"","jetpack_seo_noindex":false,"_jetpack_memberships_contains_paid_content":false,"footnotes":"","_links_to":"","_links_to_target":""},"categories":[42,1,91,54,58,141],"tags":[43,2564],"class_list":{"0":"post-1148","1":"post","2":"type-post","3":"status-publish","4":"format-standard","6":"category-a-cote-de-chez-nous","7":"category-culture","8":"category-telethon","9":"category-loisirs","10":"category-sante","11":"category-n-43","12":"tag-concert","13":"tag-telethon"},"jetpack_featured_media_url":"","views":{"total":0,"cached_at":"","cached_date":1738515408},"jetpack_likes_enabled":true,"jetpack_sharing_enabled":true,"jetpack_shortlink":"https:\/\/wp.me\/pg7Wxj-iw","jetpack-related-posts":[],"_links":{"self":[{"href":"https:\/\/www.o-p-i.fr\/parlonsen\/wp-json\/wp\/v2\/posts\/1148","targetHints":{"allow":["GET"]}}],"collection":[{"href":"https:\/\/www.o-p-i.fr\/parlonsen\/wp-json\/wp\/v2\/posts"}],"about":[{"href":"https:\/\/www.o-p-i.fr\/parlonsen\/wp-json\/wp\/v2\/types\/post"}],"author":[{"embeddable":true,"href":"https:\/\/www.o-p-i.fr\/parlonsen\/wp-json\/wp\/v2\/users\/2"}],"replies":[{"embeddable":true,"href":"https:\/\/www.o-p-i.fr\/parlonsen\/wp-json\/wp\/v2\/comments?post=1148"}],"version-history":[{"count":0,"href":"https:\/\/www.o-p-i.fr\/parlonsen\/wp-json\/wp\/v2\/posts\/1148\/revisions"}],"wp:attachment":[{"href":"https:\/\/www.o-p-i.fr\/parlonsen\/wp-json\/wp\/v2\/media?parent=1148"}],"wp:term":[{"taxonomy":"category","embeddable":true,"href":"https:\/\/www.o-p-i.fr\/parlonsen\/wp-json\/wp\/v2\/categories?post=1148"},{"taxonomy":"post_tag","embeddable":true,"href":"https:\/\/www.o-p-i.fr\/parlonsen\/wp-json\/wp\/v2\/tags?post=1148"}],"curies":[{"name":"wp","href":"https:\/\/api.w.org\/{rel}","templated":true}]}}