{"id":11543,"date":"2012-03-23T06:03:30","date_gmt":"2012-03-23T04:03:30","guid":{"rendered":"\/parlonsen\/?p=11543"},"modified":"2012-03-22T16:11:27","modified_gmt":"2012-03-22T14:11:27","slug":"un-reseau-de-chaleur-integre-dans-une-dynamique-territoriale","status":"publish","type":"post","link":"https:\/\/www.o-p-i.fr\/parlonsen\/parlons-en\/agriculture\/un-reseau-de-chaleur-integre-dans-une-dynamique-territoriale\/","title":{"rendered":"Un r\u00e9seau de chaleur int\u00e9gr\u00e9 dans une dynamique territoriale"},"content":{"rendered":"<p style=\"text-align: justify;\">Dans la continuit\u00e9 des actions environnementales r\u00e9alis\u00e9es par la municipalit\u00e9 de N\u00e8grepelisse, la commune va participer \u00e0 la <strong>10\u00e8me \u00e9dition de la semaine du d\u00e9veloppement durable du dimanche 1er au Vendredi 6 avril 2012<\/strong>. <!--more--><\/p>\n<p style=\"text-align: justify;\">\n<figure id=\"attachment_7478\" aria-describedby=\"caption-attachment-7478\" style=\"width: 240px\" class=\"wp-caption alignleft\"><a href=\"https:\/\/i0.wp.com\/www.o-p-i.fr\/aupays\/wp-content\/uploads\/chaufferie-bois_negrepelisse.jpg?ssl=1\"><img data-recalc-dims=\"1\" loading=\"lazy\" decoding=\"async\" class=\"size-full wp-image-7478 \" title=\"Chaufferie-bois \u00e0 N\u00e8grepelisse\" src=\"https:\/\/i0.wp.com\/www.o-p-i.fr\/aupays\/wp-content\/uploads\/chaufferie-bois_negrepelisse.jpg?resize=240%2C160&#038;ssl=1\" alt=\"Chaufferie-bois \u00e0 N\u00e8grepelisse\" width=\"240\" height=\"160\" \/><\/a><figcaption id=\"caption-attachment-7478\" class=\"wp-caption-text\">Chaufferie-bois \u00e0 N\u00e8grepelisse<\/figcaption><\/figure>\n<p style=\"text-align: justify;\">\n<figure id=\"attachment_11546\" aria-describedby=\"caption-attachment-11546\" style=\"width: 400px\" class=\"wp-caption alignright\"><a href=\"https:\/\/i0.wp.com\/www.o-p-i.fr\/parlonsen\/wp-content\/uploads\/dev-durable_negrepelisse2012.jpg?ssl=1\"><img data-recalc-dims=\"1\" loading=\"lazy\" decoding=\"async\" class=\"size-full wp-image-11546\" title=\"N\u00e8grepelisse (82)\" src=\"https:\/\/i0.wp.com\/www.o-p-i.fr\/parlonsen\/wp-content\/uploads\/dev-durable_negrepelisse2012.jpg?resize=400%2C529&#038;ssl=1\" alt=\"N\u00e8grepelisse (82)\" width=\"400\" height=\"529\" srcset=\"https:\/\/i0.wp.com\/www.o-p-i.fr\/parlonsen\/wp-content\/uploads\/dev-durable_negrepelisse2012.jpg?w=400&amp;ssl=1 400w, https:\/\/i0.wp.com\/www.o-p-i.fr\/parlonsen\/wp-content\/uploads\/dev-durable_negrepelisse2012.jpg?resize=226%2C300&amp;ssl=1 226w\" sizes=\"auto, (max-width: 400px) 100vw, 400px\" \/><\/a><figcaption id=\"caption-attachment-11546\" class=\"wp-caption-text\">N\u00e8grepelisse (82)<\/figcaption><\/figure>\n<p style=\"text-align: justify;\">La collectivit\u00e9 se mobilise ainsi pour faire d\u00e9couvrir au grand public de mani\u00e8re ludique et conviviale la <strong>chaufferie-bois de N\u00e8grepelisse<\/strong> et la pr\u00e9sentation de la politique \u00e9nerg\u00e9tique globale de la ville. <strong>Dimanche 1er avril<\/strong> \u00e0 partir de 15h30, un technicien municipal et M. Jacques Ricard, conseiller municipal ouvriront gratuitement les portes de la chaufferie au public. En semaine, les \u00e9l\u00e8ves de cycle 3 des \u00e9coles primaires et les coll\u00e9giens pourront eux aussi d\u00e9couvrir ce b\u00e2timent, exemple en la mati\u00e8re. La construction du r\u00e9seau bois-chaleur de N\u00e8grepelisse est un atout environnemental, un levier de d\u00e9veloppement \u00e9conomique local et un avantage pour l&rsquo;am\u00e9nagement du territoire. Il participe \u00e0 r\u00e9duire par 5 les \u00e9missions de CO2, mais \u00e9galement \u00e0 r\u00e9duire nettement les particules de fioul \u00e9mises par les chaudi\u00e8res traditionnelles. Pour conforter ses actions en mati\u00e8re de cadre de vie, la commune a donc choisi une solution \u00ab\u00e9nergie renouvelable\u00bb. Les 20 b\u00e2timents desservis par le r\u00e9seau de chaleur sont chauff\u00e9s par une chaufferie centrale comprenant une chaudi\u00e8re bois couvrant pr\u00e8s de 80% des besoins et une chaudi\u00e8re fuel en appoint. Les grandes chaufferies, comme celle de N\u00e8grepelisse, permettent une optimisation de la combustion et sont munies de filtres. Le filtre multi-cyclone, plac\u00e9 entre la chaudi\u00e8re et le conduit de fum\u00e9es, garanti un niveau d?\u00e9mission des poussi\u00e8res inf\u00e9rieur \u00e0 150 mg \/ Nm3. Ainsi, l&rsquo;air aux alentours est tr\u00e8s peu pollu\u00e9. Le r\u00e9seau de chaleur bois \u00e9nergie est une solution locale et globale.<\/p>\n<p style=\"text-align: justify;\">Un apr\u00e8s-midi ouvert \u00e0 tous les curieux d\u00e9sireux d&rsquo;en savoir plus sur cette fili\u00e8re !<\/p>\n<p style=\"text-align: justify;\">Pour tous renseignements, s&rsquo;adresser au 05.63.64.26.21<\/p>\n<p style=\"text-align: justify;\"><em>Communiqu\u00e9 de Aurore Deffr\u00e8ne, charg\u00e9e de communication, des affaires culturelles et du Tourisme de la mairie de N\u00e8grepelisse<\/em><\/p>\n<p><em> <\/em><\/p>\n<p><em><\/em><\/p>\n","protected":false},"excerpt":{"rendered":"<div class=\"mh-excerpt\">Dans la continuit\u00e9 des actions environnementales r\u00e9alis\u00e9es par la municipalit\u00e9 de N\u00e8grepelisse, la commune va participer \u00e0 la 10\u00e8me \u00e9dition de la semaine du d\u00e9veloppement durable du dimanche 1er au Vendredi 6 avril 2012.<\/div>\n","protected":false},"author":2,"featured_media":0,"comment_status":"open","ping_status":"open","sticky":false,"template":"","format":"standard","meta":{"om_disable_all_campaigns":false,"advanced_seo_description":"","jetpack_seo_html_title":"","jetpack_seo_noindex":false,"_jetpack_memberships_contains_paid_content":false,"footnotes":"","_links_to":"","_links_to_target":""},"categories":[3,42,55,725,54,6,1242],"tags":[100,169,2562,393,672,777,816,817,1189,1256],"class_list":{"0":"post-11543","1":"post","2":"type-post","3":"status-publish","4":"format-standard","6":"category-agriculture","7":"category-a-cote-de-chez-nous","8":"category-environnement","9":"category-formation-parlons-en","10":"category-loisirs","11":"category-pratique","12":"category-n-71-mars","13":"tag-negrepelisse","14":"tag-energie","15":"tag-environnement","16":"tag-developpement-durable","17":"tag-bois","18":"tag-respect-de-lenvironnement","19":"tag-energies-renouvelables","20":"tag-economies-denergie","21":"tag-chaufferie","22":"tag-chauffage"},"jetpack_featured_media_url":"","views":{"total":2,"cached_at":"","cached_date":1738513535},"jetpack_likes_enabled":true,"jetpack_sharing_enabled":true,"jetpack_shortlink":"https:\/\/wp.me\/pg7Wxj-30b","jetpack-related-posts":[],"_links":{"self":[{"href":"https:\/\/www.o-p-i.fr\/parlonsen\/wp-json\/wp\/v2\/posts\/11543","targetHints":{"allow":["GET"]}}],"collection":[{"href":"https:\/\/www.o-p-i.fr\/parlonsen\/wp-json\/wp\/v2\/posts"}],"about":[{"href":"https:\/\/www.o-p-i.fr\/parlonsen\/wp-json\/wp\/v2\/types\/post"}],"author":[{"embeddable":true,"href":"https:\/\/www.o-p-i.fr\/parlonsen\/wp-json\/wp\/v2\/users\/2"}],"replies":[{"embeddable":true,"href":"https:\/\/www.o-p-i.fr\/parlonsen\/wp-json\/wp\/v2\/comments?post=11543"}],"version-history":[{"count":0,"href":"https:\/\/www.o-p-i.fr\/parlonsen\/wp-json\/wp\/v2\/posts\/11543\/revisions"}],"wp:attachment":[{"href":"https:\/\/www.o-p-i.fr\/parlonsen\/wp-json\/wp\/v2\/media?parent=11543"}],"wp:term":[{"taxonomy":"category","embeddable":true,"href":"https:\/\/www.o-p-i.fr\/parlonsen\/wp-json\/wp\/v2\/categories?post=11543"},{"taxonomy":"post_tag","embeddable":true,"href":"https:\/\/www.o-p-i.fr\/parlonsen\/wp-json\/wp\/v2\/tags?post=11543"}],"curies":[{"name":"wp","href":"https:\/\/api.w.org\/{rel}","templated":true}]}}