{"id":11582,"date":"2012-03-28T15:03:29","date_gmt":"2012-03-28T13:03:29","guid":{"rendered":"\/parlonsen\/?p=11582"},"modified":"2012-03-28T15:08:56","modified_gmt":"2012-03-28T13:08:56","slug":"bal-occitan-scene-ouverte-au-profit-de-la-recherche-sur-la-maladie-orpheline-des-os-de-verre-a-negrepelisse","status":"publish","type":"post","link":"https:\/\/www.o-p-i.fr\/parlonsen\/parlons-en\/culture\/bal-occitan-scene-ouverte-au-profit-de-la-recherche-sur-la-maladie-orpheline-des-os-de-verre-a-negrepelisse\/","title":{"rendered":"Bal OCCitan # Sc\u00e8ne ouverte au profit de la recherche sur la maladie orpheline des os de verre &#8230; \u00e0 N\u00e8grepelisse"},"content":{"rendered":"<p style=\"text-align: justify;\">L&rsquo;Occitanie est bien vivante dans sa convivialit\u00e9 et sa diversit\u00e9. <strong>Vendredi 30 mars 2012<\/strong> \u00e0 21h, Le R\u00e9veil Occitan vous propose une soir\u00e9e\u00a0  au profit de la recherche sur la maladie orpheline des os de verre.<!--more--><\/p>\n<h3 style=\"text-align: justify;\">7 \u00e0 savoir !<\/h3>\n<ul style=\"text-align: justify;\">\n<li><strong>Vendredi 30 Mars 2012 : Bal Occitan \/Sc\u00e8ne ouverte<\/strong> soir\u00e9e\u00a0  au profit de la recherche sur la maladie orpheline des os de verre. <a title=\"Ouvre le site dans une nouvelle fen\u00eatre\" href=\"https:\/\/www.o-p-i.fr\/7alire\/occitanie\/bal-occitan-au-profit-de-la-recherche-sur-les-maladies-orphelines\/\">En savoir +<\/a><\/li>\n<\/ul>\n<ul style=\"text-align: justify;\">\n<li><strong>Samedi 31 mars 2012 : <\/strong>Grande manifestation occitane \u00e0 Toulouse. <a title=\"Ouvre le site dans une nouvelle fen\u00eatre\" href=\"https:\/\/www.o-p-i.fr\/7alire\/occitanie\/tous-a-toulouse-le-31-mars-loccitan-a-lecole-de-la-republique-et-pas-seulement-dans-le-couloir\/\" target=\"_blank\">En savoir + <\/a><\/li>\n<\/ul>\n<p style=\"text-align: justify;\">\n<ul style=\"text-align: justify;\">\n<li><strong>Samedi 14 avril \u00e0 21h :<\/strong> th\u00e9\u00e2tre occitan \u00e0 Saint Nauphary. Deux troupes du Tarn \u00e0 l&rsquo;honneur : La troupe du Centre Culturel Rochegude d&rsquo;Albi et celle de Villeneuve sur V\u00e8re.<br \/>\nDeux pi\u00e8ces comiques &#8230; qui font un tabac \u00e0 chacune de leurs repr\u00e9sentations. Venez rire! (n&rsquo;av\u00e8m plan besonh!). <a title=\"Ouvre le site dans une nouvelle fen\u00eatre\" href=\"https:\/\/www.o-p-i.fr\/7alire\/occitanie\/theatre-occitan-saint-nauphary\/\" target=\"_blank\">En savoir +<\/a><\/li>\n<\/ul>\n<p style=\"text-align: justify;\">\n<ul style=\"text-align: justify;\">\n<li><strong>Concours de la plus belle croix occitane v\u00e9g\u00e9tale<\/strong> .<br \/>\nContact : 06 13 59 38 64 \/ <a href=\"mailto:tarnegaroc@nordnet.fr\">tarnegaroc@nordnet.fr<\/a> ou 06 71 00 29 25 \/ <a href=\"mailto:journalrobert@wanadoo.fr\">journalrobert@wanadoo.fr<\/a><\/li>\n<\/ul>\n<ul style=\"text-align: justify;\">\n<li><strong> Jeunes musiciens <\/strong>(moins de 18 ans),\u00a0 parents contactez nous ; nous avons des activit\u00e9s \u00e0 proposer \u00e0 vos enfants !<br \/>\nContact : 06 71 00 29 25 .<\/li>\n<\/ul>\n<ul style=\"text-align: justify;\">\n<li><strong>Apprenez \u00e0 parler et \u00e0 lire l&rsquo;occitan<\/strong> avec TG&rsquo;OC (Tarn e Garona occitan \/ association Fr\u00e9d\u00e9ric Cayrou).<\/li>\n<\/ul>\n<ul style=\"text-align: justify;\">\n<li><strong>Retrouvez les infos occitanes sur 7 \u00e0 lire !<\/strong>, le site de l&rsquo;association Autriche et Pays d&rsquo;Oc ! <a title=\"Ouvre le site dans une nouvelle fen\u00eatre\" href=\"https:\/\/www.o-p-i.fr\/7alire\/occitanie\/\" target=\"_blank\">https:\/\/www.o-p-i.fr\/7alire\/occitanie\/ <\/a><\/li>\n<\/ul>\n<p style=\"text-align: justify;\"><em>Communiqu\u00e9 de Robert Linas, <a title=\"Cliquez pour ouvrir la fiche dans l'annuaire d'OPI\" href=\"https:\/\/www.o-p-i.fr\/aupays\/annuaire\/loisirs\/autriche-et-pays-doc\/\">Autriche et pays d&rsquo;Oc<\/a><\/em><\/p>\n<p><a href=\"https:\/\/www.o-p-i.fr\/parlonsen\/agenda\/\"><strong>Retrouvez tous les \u00e9v\u00e8nements dans l&rsquo;agenda !<\/strong><\/a><\/p>\n","protected":false},"excerpt":{"rendered":"<div class=\"mh-excerpt\">L&rsquo;Occitanie est bien vivante dans sa convivialit\u00e9 et sa diversit\u00e9. Vendredi 30 mars 2012 \u00e0 21h, Le R\u00e9veil Occitan vous propose une soir\u00e9e\u00a0 au profit de la recherche sur la maladie orpheline des os de <a class=\"mh-excerpt-more\" href=\"https:\/\/www.o-p-i.fr\/parlonsen\/parlons-en\/culture\/bal-occitan-scene-ouverte-au-profit-de-la-recherche-sur-la-maladie-orpheline-des-os-de-verre-a-negrepelisse\/\" title=\"Bal OCCitan # Sc\u00e8ne ouverte au profit de la recherche sur la maladie orpheline des os de verre &#8230; \u00e0 N\u00e8grepelisse\">[&#8230;]<\/a><\/div>\n","protected":false},"author":2,"featured_media":0,"comment_status":"open","ping_status":"open","sticky":false,"template":"","format":"standard","meta":{"om_disable_all_campaigns":false,"advanced_seo_description":"","jetpack_seo_html_title":"","jetpack_seo_noindex":false,"_jetpack_memberships_contains_paid_content":false,"footnotes":"","_links_to":"","_links_to_target":""},"categories":[42,1,725,54,58,291,17,1242],"tags":[57,62,2542,100,133,156,163,201,244,735,849,1176],"class_list":{"0":"post-11582","1":"post","2":"type-post","3":"status-publish","4":"format-standard","6":"category-a-cote-de-chez-nous","7":"category-culture","8":"category-formation-parlons-en","9":"category-loisirs","10":"category-sante","11":"category-solidarite","12":"category-saint_nauphary","13":"category-n-71-mars","14":"tag-theatre","15":"tag-occitan","16":"tag-saint_nauphary","17":"tag-negrepelisse","18":"tag-occitanie","19":"tag-bal","20":"tag-musique","21":"tag-toulouse","22":"tag-formation","23":"tag-soutien","24":"tag-recherche","25":"tag-maladie"},"jetpack_featured_media_url":"","views":{"total":0,"cached_at":"","cached_date":1738293397},"jetpack_likes_enabled":true,"jetpack_sharing_enabled":true,"jetpack_shortlink":"https:\/\/wp.me\/pg7Wxj-30O","jetpack-related-posts":[],"_links":{"self":[{"href":"https:\/\/www.o-p-i.fr\/parlonsen\/wp-json\/wp\/v2\/posts\/11582","targetHints":{"allow":["GET"]}}],"collection":[{"href":"https:\/\/www.o-p-i.fr\/parlonsen\/wp-json\/wp\/v2\/posts"}],"about":[{"href":"https:\/\/www.o-p-i.fr\/parlonsen\/wp-json\/wp\/v2\/types\/post"}],"author":[{"embeddable":true,"href":"https:\/\/www.o-p-i.fr\/parlonsen\/wp-json\/wp\/v2\/users\/2"}],"replies":[{"embeddable":true,"href":"https:\/\/www.o-p-i.fr\/parlonsen\/wp-json\/wp\/v2\/comments?post=11582"}],"version-history":[{"count":0,"href":"https:\/\/www.o-p-i.fr\/parlonsen\/wp-json\/wp\/v2\/posts\/11582\/revisions"}],"wp:attachment":[{"href":"https:\/\/www.o-p-i.fr\/parlonsen\/wp-json\/wp\/v2\/media?parent=11582"}],"wp:term":[{"taxonomy":"category","embeddable":true,"href":"https:\/\/www.o-p-i.fr\/parlonsen\/wp-json\/wp\/v2\/categories?post=11582"},{"taxonomy":"post_tag","embeddable":true,"href":"https:\/\/www.o-p-i.fr\/parlonsen\/wp-json\/wp\/v2\/tags?post=11582"}],"curies":[{"name":"wp","href":"https:\/\/api.w.org\/{rel}","templated":true}]}}