{"id":1166,"date":"2009-11-17T19:18:48","date_gmt":"2009-11-17T17:18:48","guid":{"rendered":"\/parlonsen\/?p=1166"},"modified":"2009-11-17T19:18:48","modified_gmt":"2009-11-17T17:18:48","slug":"a-la-rencontre-des-createurs-de-bruniquel","status":"publish","type":"post","link":"https:\/\/www.o-p-i.fr\/parlonsen\/parlons-en\/commerce\/a-la-rencontre-des-createurs-de-bruniquel\/","title":{"rendered":"A la rencontre des Cr\u00e9ateurs de Bruniquel"},"content":{"rendered":"<p style=\"text-align: justify;\">Durant trois jours,\u00a0 du <strong>4 au 6 d\u00e9cembre 2009<\/strong>, les cr\u00e9ateurs de Bruniquel exposeront leurs \u0153uvres dans le cadre fabuleux du ch\u00e2teau.<!--more--><\/p>\n<figure id=\"attachment_1167\" aria-describedby=\"caption-attachment-1167\" style=\"width: 200px\" class=\"wp-caption alignleft\"><img data-recalc-dims=\"1\" loading=\"lazy\" decoding=\"async\" class=\"size-full wp-image-1167\" title=\"Rencontre des Cr\u00e9ateurs 2009\" src=\"https:\/\/i0.wp.com\/www.o-p-i.fr\/parlonsen\/wp-content\/uploads\/invitation-createurs-09.jpg?resize=200%2C527&#038;ssl=1\" alt=\"Rencontre des Cr\u00e9ateurs 2009\" width=\"200\" height=\"527\" \/><figcaption id=\"caption-attachment-1167\" class=\"wp-caption-text\">Rencontre des Cr\u00e9ateurs 2009<\/figcaption><\/figure>\n<p style=\"text-align: justify;\">Souffleur de verre, c\u00e9ramistes, potier de gr\u00e8s, cr\u00e9atrice couture, tisserande, bijouti\u00e8re, peintre, graveur, crayons branch\u00e9s pr\u00e9senteront leurs toutes nouvelles \u0153uvres et seront pr\u00e9sents tout au long du week-end.<\/p>\n<p style=\"text-align: justify;\">Pour cette 5\u00e8me \u00e9dition, vous pourrez rencontrer 12 cr\u00e9ateurs, artistes et artisans d&rsquo;art, membres de l&rsquo;association \u00ab\u00a0<strong>Cr\u00e9ateurs de Bruniquel<\/strong>\u00a0\u00bb et une invit\u00e9e d&rsquo;honneur, Claudine Ferte, vanni\u00e8re qui apportera un nouvel art \u00e0 l&rsquo;exposition.<\/p>\n<p style=\"text-align: justify;\">Cette manifestation permettra \u00e0 chacun de se r\u00e9galer les yeux et peut-\u00eatre l&rsquo;occasion, en cette\u00a0 fin d&rsquo;ann\u00e9e, de pr\u00e9voir des cadeaux uniques et originaux.<\/p>\n<p><strong>Horaires : <\/strong><br \/>\nvendredi 4 d\u00e9cembre 2009 : de 14 h \u00e0 18 h 30<br \/>\nSamedi 5 et dimanche 6 d\u00e9cembre 2009 : de 11 h \u00e0 18 h 30.<\/p>\n<p><strong>Ap\u00e9ritif concert<\/strong> samedi 5 d\u00e9cembre \u00e0 11 h 30, avec un quartet jazz \u00ab\u00a0In out Quartet\u00a0\u00bb.<br \/>\nEntr\u00e9e libre et vin chaud.<\/p>\n<p>Les restaurants et salons de th\u00e9 du village offriront \u00e0 chacun la possibilit\u00e9 de se restaurer sur place. <a href=\"http:\/\/www.bruniquel.fr\/restaurants.html\" target=\"_blank\">Retrouvez-les sur le site de Bruniquel<\/a> !<\/p>\n","protected":false},"excerpt":{"rendered":"<div class=\"mh-excerpt\">Durant trois jours,\u00a0 du 4 au 6 d\u00e9cembre 2009, les cr\u00e9ateurs de Bruniquel exposeront leurs \u0153uvres dans le cadre fabuleux du ch\u00e2teau.<\/div>\n","protected":false},"author":2,"featured_media":0,"comment_status":"open","ping_status":"open","sticky":false,"template":"","format":"standard","meta":{"om_disable_all_campaigns":false,"advanced_seo_description":"","jetpack_seo_html_title":"","jetpack_seo_noindex":false,"_jetpack_memberships_contains_paid_content":false,"footnotes":"","_links_to":"","_links_to_target":""},"categories":[51,4,42,141],"tags":[170,171],"class_list":{"0":"post-1166","1":"post","2":"type-post","3":"status-publish","4":"format-standard","6":"category-artisanat","7":"category-commerce","8":"category-a-cote-de-chez-nous","9":"category-n-43","10":"tag-createur","11":"tag-bruniquel"},"jetpack_featured_media_url":"","views":{"total":0,"cached_at":"","cached_date":1738515443},"jetpack_likes_enabled":true,"jetpack_sharing_enabled":true,"jetpack_shortlink":"https:\/\/wp.me\/pg7Wxj-iO","jetpack-related-posts":[],"_links":{"self":[{"href":"https:\/\/www.o-p-i.fr\/parlonsen\/wp-json\/wp\/v2\/posts\/1166","targetHints":{"allow":["GET"]}}],"collection":[{"href":"https:\/\/www.o-p-i.fr\/parlonsen\/wp-json\/wp\/v2\/posts"}],"about":[{"href":"https:\/\/www.o-p-i.fr\/parlonsen\/wp-json\/wp\/v2\/types\/post"}],"author":[{"embeddable":true,"href":"https:\/\/www.o-p-i.fr\/parlonsen\/wp-json\/wp\/v2\/users\/2"}],"replies":[{"embeddable":true,"href":"https:\/\/www.o-p-i.fr\/parlonsen\/wp-json\/wp\/v2\/comments?post=1166"}],"version-history":[{"count":0,"href":"https:\/\/www.o-p-i.fr\/parlonsen\/wp-json\/wp\/v2\/posts\/1166\/revisions"}],"wp:attachment":[{"href":"https:\/\/www.o-p-i.fr\/parlonsen\/wp-json\/wp\/v2\/media?parent=1166"}],"wp:term":[{"taxonomy":"category","embeddable":true,"href":"https:\/\/www.o-p-i.fr\/parlonsen\/wp-json\/wp\/v2\/categories?post=1166"},{"taxonomy":"post_tag","embeddable":true,"href":"https:\/\/www.o-p-i.fr\/parlonsen\/wp-json\/wp\/v2\/tags?post=1166"}],"curies":[{"name":"wp","href":"https:\/\/api.w.org\/{rel}","templated":true}]}}