{"id":11674,"date":"2012-04-03T19:57:03","date_gmt":"2012-04-03T17:57:03","guid":{"rendered":"\/parlonsen\/?p=11674"},"modified":"2025-11-10T20:58:04","modified_gmt":"2025-11-10T19:58:04","slug":"fukushima-un-an-deja","status":"publish","type":"post","link":"https:\/\/www.o-p-i.fr\/parlonsen\/parlons-en\/culture\/fukushima-un-an-deja\/","title":{"rendered":"Fukushima&#8230;, un an d\u00e9j\u00e0 !"},"content":{"rendered":"<p style=\"text-align: justify;\">Tel est le th\u00e8me de notre rendez vous du Vendredi\u00a0 6 avril 2012 \u00e0 21 heures, toujours au bar-restaurant <a title=\"Cliquez pour ouvrir la fiche dans l'annuaire d'OPI\" href=\"https:\/\/www.o-p-i.fr\/aupays\/annuaire\/bar-cafe\/o-tartines\/\" target=\"_blank\">O&rsquo;Tartine<\/a>, amenez vos r\u00e9flexions, commentaires et documents vid\u00e9o (vid\u00e9o, pr\u00e9venir par un message) ou papier sur FUKUSHIMA.<!--more--><\/p>\n<p style=\"text-align: justify;\">Pour ne pas \u00e9luder le d\u00e9bat et l&rsquo;encombrer d&rsquo;infos sur son th\u00e8me voici quelques br\u00e8ves sur le sujet :<br \/>\nFukushima aujourd&rsquo;hui : <a title=\"Ouvre le site dans une nouvelle fen\u00eatre\" href=\"http:\/\/fukushima.over-blog.fr\/ \" target=\"_blank\">http:\/\/fukushima.over-blog.fr\/ <\/a><br \/>\nPlus <a title=\"Ouvre le site dans une nouvelle fen\u00eatre\" href=\"http:\/\/www.pauljorion.com\/blog\/?tag=centrale-nucleaire-de-fukushima\" target=\"_blank\">http:\/\/www.pauljorion.com\/blog\/?tag=centrale-nucleaire-de-fukushima<\/a>,<br \/>\nL\u2019ind\u00e9pendance \u00e9nerg\u00e9tique de la France : <a title=\"Ouvre le site dans une nouvelle fen\u00eatre\" href=\"http:\/\/energie.eelv.fr\/lindependance-energetique\/\" target=\"_blank\">http:\/\/energie.eelv.fr\/lindependance-energetique\/<\/a>.<\/p>\n<blockquote>\n<p style=\"text-align: justify;\"><strong>Le Repaire des AMG<\/strong><\/p>\n<p style=\"text-align: justify;\">Si vous \u00e9coutez Daniel Mermet sur France Inter, vous comprendrez facilement de quoi il retourne, si ce n&rsquo;est pas le cas, peut-\u00eatre que la curiosit\u00e9 vous y guidera.<\/p>\n<p>Un petit tour sur <a title=\"Ouvre le site dans une nouvelle fen\u00eatre\" href=\"http:\/\/la-bas.tarn.over-blog.com\/\" target=\"_blank\">http:\/\/la-bas.tarn.over-blog.com\/<\/a> ou pour la carte et les contacts des repaires, <a title=\"Ouvre le site dans une nouvelle fen\u00eatre\" href=\"http:\/\/www.la-bas.org\/\" target=\"_blank\">http:\/\/www.la-bas.org\/<\/a> compl\u00e9tera votre information.<\/p>\n<p>Info : 05 63 40 59 31<\/p><\/blockquote>\n<p><em>Communiqu\u00e9 de Romain Audard<\/em><\/p>\n<p><a href=\"https:\/\/www.o-p-i.fr\/parlonsen\/agenda\/\"><strong>Retrouvez tous les \u00e9v\u00e8nements dans l&rsquo;agenda !<\/strong><\/a><\/p>\n","protected":false},"excerpt":{"rendered":"<div class=\"mh-excerpt\">Tel est le th\u00e8me de notre rendez vous du Vendredi\u00a0 6 avril 2012 \u00e0 21 heures, toujours au bar-restaurant O&rsquo;Tartine, amenez vos r\u00e9flexions, commentaires et documents vid\u00e9o (vid\u00e9o, pr\u00e9venir par un message) ou papier sur <a class=\"mh-excerpt-more\" href=\"https:\/\/www.o-p-i.fr\/parlonsen\/parlons-en\/culture\/fukushima-un-an-deja\/\" title=\"Fukushima&#8230;, un an d\u00e9j\u00e0 !\">[&#8230;]<\/a><\/div>\n","protected":false},"author":2,"featured_media":0,"comment_status":"open","ping_status":"open","sticky":false,"template":"","format":"standard","meta":{"om_disable_all_campaigns":false,"advanced_seo_description":"","jetpack_seo_html_title":"","jetpack_seo_noindex":false,"_jetpack_memberships_contains_paid_content":false,"footnotes":"","_links_to":"","_links_to_target":""},"categories":[28,52,1,55,54,1272],"tags":[1274,189,330,445,1178,1220],"class_list":{"0":"post-11674","1":"post","2":"type-post","3":"status-publish","4":"format-standard","6":"category-beauvais-sur-tescou","7":"category-parlons-en","8":"category-culture","9":"category-environnement","10":"category-loisirs","11":"category-n-72-avril-2012","12":"tag-fukushima","13":"tag-debat","14":"tag-rencontre","15":"tag-o-tartines","16":"tag-repaire-des-amg","17":"tag-cafe-repaire-amg"},"jetpack_featured_media_url":"","views":{"total":0,"cached_at":"","cached_date":1738513316},"jetpack_likes_enabled":true,"jetpack_sharing_enabled":true,"jetpack_shortlink":"https:\/\/wp.me\/pg7Wxj-32i","jetpack-related-posts":[],"_links":{"self":[{"href":"https:\/\/www.o-p-i.fr\/parlonsen\/wp-json\/wp\/v2\/posts\/11674","targetHints":{"allow":["GET"]}}],"collection":[{"href":"https:\/\/www.o-p-i.fr\/parlonsen\/wp-json\/wp\/v2\/posts"}],"about":[{"href":"https:\/\/www.o-p-i.fr\/parlonsen\/wp-json\/wp\/v2\/types\/post"}],"author":[{"embeddable":true,"href":"https:\/\/www.o-p-i.fr\/parlonsen\/wp-json\/wp\/v2\/users\/2"}],"replies":[{"embeddable":true,"href":"https:\/\/www.o-p-i.fr\/parlonsen\/wp-json\/wp\/v2\/comments?post=11674"}],"version-history":[{"count":1,"href":"https:\/\/www.o-p-i.fr\/parlonsen\/wp-json\/wp\/v2\/posts\/11674\/revisions"}],"predecessor-version":[{"id":67430,"href":"https:\/\/www.o-p-i.fr\/parlonsen\/wp-json\/wp\/v2\/posts\/11674\/revisions\/67430"}],"wp:attachment":[{"href":"https:\/\/www.o-p-i.fr\/parlonsen\/wp-json\/wp\/v2\/media?parent=11674"}],"wp:term":[{"taxonomy":"category","embeddable":true,"href":"https:\/\/www.o-p-i.fr\/parlonsen\/wp-json\/wp\/v2\/categories?post=11674"},{"taxonomy":"post_tag","embeddable":true,"href":"https:\/\/www.o-p-i.fr\/parlonsen\/wp-json\/wp\/v2\/tags?post=11674"}],"curies":[{"name":"wp","href":"https:\/\/api.w.org\/{rel}","templated":true}]}}