{"id":11807,"date":"2012-04-18T14:49:17","date_gmt":"2012-04-18T12:49:17","guid":{"rendered":"\/parlonsen\/?p=11807"},"modified":"2012-04-18T14:49:17","modified_gmt":"2012-04-18T12:49:17","slug":"fete-du-cheval-a-monclar-de-quercy-spectacles-exceptionnels","status":"publish","type":"post","link":"https:\/\/www.o-p-i.fr\/parlonsen\/parlons-en\/culture\/fete-du-cheval-a-monclar-de-quercy-spectacles-exceptionnels\/","title":{"rendered":"F\u00eate du cheval \u00e0 Monclar de Quercy : spectacles exceptionnels !"},"content":{"rendered":"<p style=\"text-align: justify;\">Les membres de l&rsquo;APCARM, association organisatrice, \u0153uvrent tout au long de l&rsquo;ann\u00e9e pour \u00e9laborer un programme de qualit\u00e9, promouvoir la f\u00eate et assurer le meilleur accueil aux artistes, aux professionnels et aux visiteurs, sous la pr\u00e9sidence de R\u00e9gis Arlandes. Mission accomplie avec succ\u00e8s.<!--more--><\/p>\n<figure id=\"attachment_11820\" aria-describedby=\"caption-attachment-11820\" style=\"width: 300px\" class=\"wp-caption alignleft\"><a href=\"https:\/\/i0.wp.com\/www.o-p-i.fr\/parlonsen\/wp-content\/uploads\/banda_negrets.jpg?ssl=1\"><img data-recalc-dims=\"1\" loading=\"lazy\" decoding=\"async\" class=\"size-full wp-image-11820 \" title=\"La Banda &quot;Les Negret's&quot;\" src=\"https:\/\/i0.wp.com\/www.o-p-i.fr\/parlonsen\/wp-content\/uploads\/banda_negrets.jpg?resize=300%2C149&#038;ssl=1\" alt=\"La Banda &quot;Les Negret's&quot;\" width=\"300\" height=\"149\" \/><\/a><figcaption id=\"caption-attachment-11820\" class=\"wp-caption-text\">La Banda &quot;Les Negret&#39;s&quot;<\/figcaption><\/figure>\n<p>Les \u00e9quid\u00e9s \u00e9taient nombreux sous le foirail de l&rsquo;esplanade des lacs et, professionnels ou particuliers ont pu r\u00e9aliser les transactions qu&rsquo;ils souhaitaient.<\/p>\n<p style=\"text-align: justify;\"><strong>D\u00e9monstration de mar\u00e9chalerie : <\/strong>nous sommes toujours \u00e9merveill\u00e9s par leur \u00ab\u00a0savoir-fer\u00a0\u00bb !<\/p>\n<figure id=\"attachment_11813\" aria-describedby=\"caption-attachment-11813\" style=\"width: 210px\" class=\"wp-caption aligncenter\"><a href=\"https:\/\/i0.wp.com\/www.o-p-i.fr\/parlonsen\/wp-content\/uploads\/marechalerie.jpg?ssl=1\"><img data-recalc-dims=\"1\" loading=\"lazy\" decoding=\"async\" class=\"size-full wp-image-11813 \" title=\"D\u00e9monstration de mar\u00e9chalerie par de jeunes professionnels\" src=\"https:\/\/i0.wp.com\/www.o-p-i.fr\/parlonsen\/wp-content\/uploads\/marechalerie.jpg?resize=210%2C139&#038;ssl=1\" alt=\"D\u00e9monstration de mar\u00e9chalerie par de jeunes professionnels\" width=\"210\" height=\"139\" \/><\/a><figcaption id=\"caption-attachment-11813\" class=\"wp-caption-text\">D\u00e9monstration de mar\u00e9chalerie par de jeunes professionnels<\/figcaption><\/figure>\n<p style=\"text-align: justify;\">Dans les stands on pouvait trouver tout ce dont on avait besoin pour l&rsquo;\u00e9quipement du cheval et du cavalier.<\/p>\n<p style=\"text-align: justify;\">Le samedi, un<strong> vide \u00e9curie<\/strong> permettait d&rsquo;effectuer quelques bonnes affaires.<\/p>\n<p style=\"text-align: justify;\">A Monclar, on aime les chevaux aussi en peinture : une exposition artistique pr\u00e9sentait quelques belles r\u00e9alisations d&rsquo;artistes locaux.<\/p>\n<p style=\"text-align: justify;\">\n<h3 style=\"text-align: justify;\">Le Cabaret Spectacle<\/h3>\n<figure id=\"attachment_11812\" aria-describedby=\"caption-attachment-11812\" style=\"width: 300px\" class=\"wp-caption alignright\"><a href=\"https:\/\/i0.wp.com\/www.o-p-i.fr\/parlonsen\/wp-content\/uploads\/poste-hongr_patrice-raymond.jpg?ssl=1\"><img data-recalc-dims=\"1\" loading=\"lazy\" decoding=\"async\" class=\"size-full wp-image-11812\" title=\"Poste hongroise avec Patrice Raymond\" src=\"https:\/\/i0.wp.com\/www.o-p-i.fr\/parlonsen\/wp-content\/uploads\/poste-hongr_patrice-raymond.jpg?resize=300%2C199&#038;ssl=1\" alt=\"Poste hongroise avec Patrice Raymond\" width=\"300\" height=\"199\" \/><\/a><figcaption id=\"caption-attachment-11812\" class=\"wp-caption-text\">Poste hongroise avec Patrice Raymond<\/figcaption><\/figure>\n<p style=\"text-align: justify;\">Si le point fort de la journ\u00e9e \u00e9tait la foire aux \u00e9quid\u00e9s, en soir\u00e9e c&rsquo;\u00e9tait le cabaret spectacle qui s&rsquo;est d\u00e9roul\u00e9 salle du lac.<\/p>\n<p style=\"text-align: justify;\">Un magnifique spectacle auquel ont particip\u00e9<\/p>\n<ul>\n<li>la troupe de Christophe Chaussy et les voltigeurs de Provence avec l&rsquo;intervention \u00e9poustouflantes de trois jeunes cavali\u00e8res \u00e2g\u00e9es chacune de 11 ans environ ;<\/li>\n<\/ul>\n<figure id=\"attachment_11819\" aria-describedby=\"caption-attachment-11819\" style=\"width: 300px\" class=\"wp-caption alignnone\"><a href=\"https:\/\/i0.wp.com\/www.o-p-i.fr\/parlonsen\/wp-content\/uploads\/dressage_christophe-chaussy.jpg?ssl=1\"><img data-recalc-dims=\"1\" loading=\"lazy\" decoding=\"async\" class=\"size-full wp-image-11819 \" title=\"Dressage en libert\u00e9 avec Christophe Chaussy\" src=\"https:\/\/i0.wp.com\/www.o-p-i.fr\/parlonsen\/wp-content\/uploads\/dressage_christophe-chaussy.jpg?resize=300%2C163&#038;ssl=1\" alt=\"Dressage en libert\u00e9 avec Christophe Chaussy\" width=\"300\" height=\"163\" \/><\/a><figcaption id=\"caption-attachment-11819\" class=\"wp-caption-text\">Dressage en libert\u00e9 avec Christophe Chaussy<\/figcaption><\/figure>\n<ul>\n<li> la troupe de Patrice Raymond avec son mulet si bien dress\u00e9 qu&rsquo;il s&rsquo;asseyait dans un fauteuil ;<\/li>\n<\/ul>\n<figure id=\"attachment_11817\" aria-describedby=\"caption-attachment-11817\" style=\"width: 300px\" class=\"wp-caption alignnone\"><a href=\"https:\/\/i0.wp.com\/www.o-p-i.fr\/parlonsen\/wp-content\/uploads\/mulet_patrice-raymond.jpg?ssl=1\"><img data-recalc-dims=\"1\" loading=\"lazy\" decoding=\"async\" class=\"size-full wp-image-11817 \" title=\"Cabr\u00e9 avec un mulet par Patrice Raymond\" src=\"https:\/\/i0.wp.com\/www.o-p-i.fr\/parlonsen\/wp-content\/uploads\/mulet_patrice-raymond.jpg?resize=300%2C206&#038;ssl=1\" alt=\"Cabr\u00e9 avec un mulet par Patrice Raymond\" width=\"300\" height=\"206\" \/><\/a><figcaption id=\"caption-attachment-11817\" class=\"wp-caption-text\">Cabr\u00e9 avec un mulet par Patrice Raymond<\/figcaption><\/figure>\n<ul>\n<li>la troupe Jehol avec un num\u00e9ro de voltige pr\u00e9sent\u00e9 par une cavali\u00e8re au talent exceptionnel. Un spectacle magnifique qui aurait m\u00e9rit\u00e9 d&rsquo;\u00eatre vu par un plus grand nombre de spectateurs.<\/li>\n<\/ul>\n<dl id=\"attachment_11818\" class=\"wp-caption alignnone\" style=\"width: 310px;\">\n<dt class=\"wp-caption-dt\"><a href=\"https:\/\/i0.wp.com\/www.o-p-i.fr\/parlonsen\/wp-content\/uploads\/troupe-jehol.jpg?ssl=1\"><img data-recalc-dims=\"1\" loading=\"lazy\" decoding=\"async\" class=\"size-full wp-image-11818 \" title=\"La troupe Jehol est venue de Franche Comt\u00e9 pour pr\u00e9senter leur spectacle avec des chevaux lourds\" src=\"https:\/\/i0.wp.com\/www.o-p-i.fr\/parlonsen\/wp-content\/uploads\/troupe-jehol.jpg?resize=300%2C163&#038;ssl=1\" alt=\"La troupe Jehol est venue de Franche Comt\u00e9 pour pr\u00e9senter leur spectacle avec des chevaux lourds\" width=\"300\" height=\"163\" \/><\/a><\/dt>\n<dd class=\"wp-caption-dd\">La troupe Jehol est venue de Franche Comt\u00e9 pour pr\u00e9senter leur spectacle avec des chevaux lourds<\/dd>\n<\/dl>\n<p>Sachez qu&rsquo;\u00e0 Monclar, les organisateurs vont s\u00e9lectionner leur spectacle \u00e0 Cheval Passion Avignon, le lieu le plus prestigieux en Europe pour la pr\u00e9sentation des spectacles \u00e9questres. Ce sont donc des spectacles de renomm\u00e9e internationale qui vous sont pr\u00e9sent\u00e9s.<\/p>\n<p style=\"text-align: justify;\">Pour en savoir + sur les troupes, d\u00e9couvrez leur site <a title=\"Ouvre le site dans une nouvelle fen\u00eatre\" href=\"https:\/\/www.o-p-i.fr\/feteduchevalmonclar\/spectacles\/cabaret-equestre\/ \" target=\"_blank\">https:\/\/www.o-p-i.fr\/feteduchevalmonclar\/spectacles\/cabaret-equestre\/ <\/a><\/p>\n<h3 style=\"text-align: justify;\">Visite Officielle<\/h3>\n<figure id=\"attachment_11814\" aria-describedby=\"caption-attachment-11814\" style=\"width: 300px\" class=\"wp-caption alignnone\"><a href=\"https:\/\/i0.wp.com\/www.o-p-i.fr\/parlonsen\/wp-content\/uploads\/stand-ot.jpg?ssl=1\"><img data-recalc-dims=\"1\" loading=\"lazy\" decoding=\"async\" class=\"size-full wp-image-11814 \" title=\"Visite officielle. Mot de bienvenu du Pr\u00e9sident de l'OT Jean-Pierre Lecocq\" src=\"https:\/\/i0.wp.com\/www.o-p-i.fr\/parlonsen\/wp-content\/uploads\/stand-ot.jpg?resize=300%2C188&#038;ssl=1\" alt=\"stand-ot\" width=\"300\" height=\"188\" \/><\/a><figcaption id=\"caption-attachment-11814\" class=\"wp-caption-text\">Visite officielle. Mot de bienvenu du Pr\u00e9sident de l&#39;OT Jean-Pierre Lecocq<\/figcaption><\/figure>\n<p>Le dimanche matin, la visite officielle peu \u00e9toff\u00e9e pour cause d&rsquo;\u00e9lections (devoir de r\u00e9serve) a parcouru le site avant de venir appr\u00e9cier des extraits du spectacle de l&rsquo;apr\u00e8s-midi.<\/p>\n<figure id=\"attachment_11815\" aria-describedby=\"caption-attachment-11815\" style=\"width: 300px\" class=\"wp-caption alignnone\"><a href=\"https:\/\/i0.wp.com\/www.o-p-i.fr\/parlonsen\/wp-content\/uploads\/regisarlandes.jpg?ssl=1\"><img data-recalc-dims=\"1\" loading=\"lazy\" decoding=\"async\" class=\"size-full wp-image-11815 \" title=\"Visite officielle. Intervention du Pr\u00e9sident R\u00e9gis Arland\u00e8s.\" src=\"https:\/\/i0.wp.com\/www.o-p-i.fr\/parlonsen\/wp-content\/uploads\/regisarlandes.jpg?resize=300%2C174&#038;ssl=1\" alt=\"Visite officielle. Intervention du Pr\u00e9sident R\u00e9gis Arland\u00e8s.\" width=\"300\" height=\"174\" \/><\/a><figcaption id=\"caption-attachment-11815\" class=\"wp-caption-text\">Visite officielle. Intervention du Pr\u00e9sident R\u00e9gis Arland\u00e8s.<\/figcaption><\/figure>\n<p style=\"text-align: justify;\">A 15h, apr\u00e8s une ouverture du spectacle par les jeunes cavaliers de Laureen Dubarry, on a retrouv\u00e9, avec plus d&rsquo;espace et toujours autant de talent les troupes Jehol (Chevaux lourds Comtois), Christophe Chaussy et ses chevaux Camarguais et la troupe de Patrice Raymond. Plus de 2 heures et demi de spectacle magnifique. C&rsquo;est incroyable tout ce que peut arriver \u00e0 faire le couple cheval\/cavalier. Superbe !<\/p>\n<p style=\"text-align: justify;\">Je terminerai par un grand bravo et un merci pour l&rsquo;animateur G\u00e9rard Airasca et le Pr\u00e9sident R\u00e9gis Arlandes.<\/p>\n<p style=\"text-align: justify;\">Vous pourrez retrouver prochainement des photos de la manifestation sur le site <a title=\"Ouvre le site dans une nouvelle fen\u00eatre\" href=\"https:\/\/www.o-p-i.fr\/feteduchevalmonclar\/\" target=\"_blank\">https:\/\/www.o-p-i.fr\/feteduchevalmonclar\/<\/a>.<\/p>\n<p style=\"text-align: justify;\">\n<figure id=\"attachment_11816\" aria-describedby=\"caption-attachment-11816\" style=\"width: 860px\" class=\"wp-caption aligncenter\"><a href=\"https:\/\/i0.wp.com\/www.o-p-i.fr\/parlonsen\/wp-content\/uploads\/public-cheval2012.jpg?ssl=1\"><img data-recalc-dims=\"1\" loading=\"lazy\" decoding=\"async\" class=\"size-full wp-image-11816\" title=\"Le public appr\u00e9cie malgr\u00e9 un ciel maussade.\" src=\"https:\/\/i0.wp.com\/www.o-p-i.fr\/parlonsen\/wp-content\/uploads\/public-cheval2012.jpg?resize=860%2C190&#038;ssl=1\" alt=\"Le public appr\u00e9cie malgr\u00e9 un ciel maussade.\" width=\"860\" height=\"190\" srcset=\"https:\/\/i0.wp.com\/www.o-p-i.fr\/parlonsen\/wp-content\/uploads\/public-cheval2012.jpg?w=860&amp;ssl=1 860w, https:\/\/i0.wp.com\/www.o-p-i.fr\/parlonsen\/wp-content\/uploads\/public-cheval2012.jpg?resize=300%2C66&amp;ssl=1 300w\" sizes=\"auto, (max-width: 860px) 100vw, 860px\" \/><\/a><figcaption id=\"caption-attachment-11816\" class=\"wp-caption-text\">Le public appr\u00e9cie malgr\u00e9 un ciel maussade.<\/figcaption><\/figure>\n<p><em>Communiqu\u00e9 et photos de Robert Linas, Autriche et Pays d&rsquo;Oc<\/em><\/p>\n","protected":false},"excerpt":{"rendered":"<div class=\"mh-excerpt\">Les membres de l&rsquo;APCARM, association organisatrice, \u0153uvrent tout au long de l&rsquo;ann\u00e9e pour \u00e9laborer un programme de qualit\u00e9, promouvoir la f\u00eate et assurer le meilleur accueil aux artistes, aux professionnels et aux visiteurs, sous la <a class=\"mh-excerpt-more\" href=\"https:\/\/www.o-p-i.fr\/parlonsen\/parlons-en\/culture\/fete-du-cheval-a-monclar-de-quercy-spectacles-exceptionnels\/\" title=\"F\u00eate du cheval \u00e0 Monclar de Quercy : spectacles exceptionnels !\">[&#8230;]<\/a><\/div>\n","protected":false},"author":2,"featured_media":0,"comment_status":"open","ping_status":"open","sticky":false,"template":"","format":"standard","meta":{"om_disable_all_campaigns":false,"advanced_seo_description":"","jetpack_seo_html_title":"","jetpack_seo_noindex":false,"_jetpack_memberships_contains_paid_content":false,"footnotes":"","_links_to":"","_links_to_target":""},"categories":[319,1,16,291,1272],"tags":[132,143,242,493,555,1259,1286],"class_list":{"0":"post-11807","1":"post","2":"type-post","3":"status-publish","4":"format-standard","6":"category-fete_cheval","7":"category-culture","8":"category-monclar","9":"category-solidarite","10":"category-n-72-avril-2012","11":"tag-spectacle","12":"tag-monclar-de-quercy","13":"tag-fete-du-cheval","14":"tag-foire","15":"tag-equestre","16":"tag-cabaret","17":"tag-voltige"},"jetpack_featured_media_url":"","views":{"total":1,"cached_at":"","cached_date":1738512743},"jetpack_likes_enabled":true,"jetpack_sharing_enabled":true,"jetpack_shortlink":"https:\/\/wp.me\/pg7Wxj-34r","jetpack-related-posts":[],"_links":{"self":[{"href":"https:\/\/www.o-p-i.fr\/parlonsen\/wp-json\/wp\/v2\/posts\/11807","targetHints":{"allow":["GET"]}}],"collection":[{"href":"https:\/\/www.o-p-i.fr\/parlonsen\/wp-json\/wp\/v2\/posts"}],"about":[{"href":"https:\/\/www.o-p-i.fr\/parlonsen\/wp-json\/wp\/v2\/types\/post"}],"author":[{"embeddable":true,"href":"https:\/\/www.o-p-i.fr\/parlonsen\/wp-json\/wp\/v2\/users\/2"}],"replies":[{"embeddable":true,"href":"https:\/\/www.o-p-i.fr\/parlonsen\/wp-json\/wp\/v2\/comments?post=11807"}],"version-history":[{"count":0,"href":"https:\/\/www.o-p-i.fr\/parlonsen\/wp-json\/wp\/v2\/posts\/11807\/revisions"}],"wp:attachment":[{"href":"https:\/\/www.o-p-i.fr\/parlonsen\/wp-json\/wp\/v2\/media?parent=11807"}],"wp:term":[{"taxonomy":"category","embeddable":true,"href":"https:\/\/www.o-p-i.fr\/parlonsen\/wp-json\/wp\/v2\/categories?post=11807"},{"taxonomy":"post_tag","embeddable":true,"href":"https:\/\/www.o-p-i.fr\/parlonsen\/wp-json\/wp\/v2\/tags?post=11807"}],"curies":[{"name":"wp","href":"https:\/\/api.w.org\/{rel}","templated":true}]}}