{"id":11907,"date":"2012-04-24T19:06:48","date_gmt":"2012-04-24T17:06:48","guid":{"rendered":"\/parlonsen\/?p=11907"},"modified":"2012-04-24T19:09:44","modified_gmt":"2012-04-24T17:09:44","slug":"foire-aux-plantes-et-artisanat-equitable-a-verlhac-tescou","status":"publish","type":"post","link":"https:\/\/www.o-p-i.fr\/parlonsen\/parlons-en\/agriculture\/foire-aux-plantes-et-artisanat-equitable-a-verlhac-tescou\/","title":{"rendered":"Foire aux plantes et artisanat \u00e9quitable &#8230; \u00e0 Verlhac Tescou"},"content":{"rendered":"<p style=\"text-align: justify;\"><strong>L&rsquo;Association des Parents d\u2019\u00c9l\u00e8ves des \u00e9coles de Verlhac-tescou et de la Salvetat Belmontet<\/strong> organise une Foire aux plantes et artisanat \u00e9quitable, \u00e0 la Salle des F\u00eates de Verlhac-Tescou, <strong>le Dimanche 6 mai 2012<\/strong>.<!--more--><\/p>\n<figure id=\"attachment_11908\" aria-describedby=\"caption-attachment-11908\" style=\"width: 350px\" class=\"wp-caption alignright\"><a href=\"https:\/\/i0.wp.com\/www.o-p-i.fr\/parlonsen\/wp-content\/uploads\/jardin2012.jpg?ssl=1\"><img data-recalc-dims=\"1\" loading=\"lazy\" decoding=\"async\" class=\"size-full wp-image-11908\" title=\"Verlhac-Tescou (82)\" src=\"https:\/\/i0.wp.com\/www.o-p-i.fr\/parlonsen\/wp-content\/uploads\/jardin2012.jpg?resize=350%2C350&#038;ssl=1\" alt=\"Verlhac-Tescou (82)\" width=\"350\" height=\"350\" srcset=\"https:\/\/i0.wp.com\/www.o-p-i.fr\/parlonsen\/wp-content\/uploads\/jardin2012.jpg?w=350&amp;ssl=1 350w, https:\/\/i0.wp.com\/www.o-p-i.fr\/parlonsen\/wp-content\/uploads\/jardin2012.jpg?resize=150%2C150&amp;ssl=1 150w, https:\/\/i0.wp.com\/www.o-p-i.fr\/parlonsen\/wp-content\/uploads\/jardin2012.jpg?resize=300%2C300&amp;ssl=1 300w\" sizes=\"auto, (max-width: 350px) 100vw, 350px\" \/><\/a><figcaption id=\"caption-attachment-11908\" class=\"wp-caption-text\">Verlhac-Tescou (82)<\/figcaption><\/figure>\n<p><span style=\"color: #003300;\">A partir de 9 heures :<\/span><\/p>\n<p><span style=\"color: #003300;\">&#8211; VENTE DE PLANTS POTAGERS, AROMATIQUES ET M\u00c9DICINAUX<br \/>\nissus de l&rsquo;agriculture biologique.<\/span><\/p>\n<p><span style=\"color: #003300;\">&#8211; FLEURS<\/span><\/p>\n<p><span style=\"color: #003300;\">&#8211; ARTISANAT \u00c9QUITABLE<\/span><\/p>\n<p><span style=\"color: #003300;\">&#8211; EXPOSITIONS :<\/span><\/p>\n<p><span style=\"color: #003300;\">1. \u00abPr\u00e9server l&rsquo;eau, prot\u00e9ger la vie : sauvegarde des milieux aquatiques\u00bb<\/span><\/p>\n<p><span style=\"color: #003300;\">2. \u00abLes \u00e9conomies d&rsquo;eau\u00bb<\/span><\/p>\n<p><span style=\"color: #993300;\"><strong>Programme :<\/strong><\/span><\/p>\n<p><span style=\"color: #008000;\"><strong>11h et 15h<\/strong> <\/span>Atelier \u00e9pouvantail et jeux grandeur nature\u00a0 pour petits et grands autour du jardin et de l&rsquo;eau.<\/p>\n<p><span style=\"color: #008000;\"><strong>12h <\/strong><\/span>Ap\u00e9ro et pique nique convivial. Apportez votre panier-repas !<\/p>\n<p>A la Buvette : Vente de boissons, tartes sal\u00e9es et sucr\u00e9es<\/p>\n<p><span style=\"color: #008000;\"><strong>16h <\/strong><\/span>Remise des prix du concours d&rsquo;\u00e9pouvantail.<\/p>\n<p><strong> Pour y aller &#8230;<\/strong><br \/>\n<a title=\"Ouvre le plan dans une nouvelle fen\u00eatre\" href=\"http:\/\/maps.google.fr\/maps?q=82230+VERLHAC-TESCOU&amp;hl=fr&amp;ie=UTF8&amp;client=firefox-a&amp;hnear=Verlhac-Tescou,+Tarn-Et-Garonne,+Midi-Pyr%C3%A9n%C3%A9es&amp;gl=fr&amp;t=m&amp;z=12\" target=\"_blank\">Salle des f\u00eates<br \/>\n82230 VERLHAC-TESCOU<\/a><\/p>\n<p><strong> Organisateur : <\/strong>APEVSB<\/p>\n<p><strong> Contact  : <\/strong><br \/>\nT\u00e9l. : 05.63.30.69.59 (Lydie)<br \/>\nT\u00e9l. : 06.24.30.61.13 (C\u00e9line)<\/p>\n<p><em>Information communiqu\u00e9e par  Corine SANGLA, charg\u00e9 officiel de la promotion de cette manifestation<br \/>\nPhoto : OPI des Tescou&rsquo;s<\/em><\/p>\n<p><a href=\"https:\/\/www.o-p-i.fr\/parlonsen\/agenda\/\"><strong>Retrouvez tous les \u00e9v\u00e8nements dans l&rsquo;agenda !<\/strong><\/a><\/p>\n","protected":false},"excerpt":{"rendered":"<div class=\"mh-excerpt\">L&rsquo;Association des Parents d\u2019\u00c9l\u00e8ves des \u00e9coles de Verlhac-tescou et de la Salvetat Belmontet organise une Foire aux plantes et artisanat \u00e9quitable, \u00e0 la Salle des F\u00eates de Verlhac-Tescou, le Dimanche 6 mai 2012.<\/div>\n","protected":false},"author":2,"featured_media":0,"comment_status":"open","ping_status":"open","sticky":false,"template":"","format":"standard","meta":{"om_disable_all_campaigns":false,"advanced_seo_description":"","jetpack_seo_html_title":"","jetpack_seo_noindex":false,"_jetpack_memberships_contains_paid_content":false,"footnotes":"","_links_to":"","_links_to_target":""},"categories":[3,4,396,290,55,54,291,6,27,1272],"tags":[590,730,937,2550,172,181,188,214,2539,521],"class_list":{"0":"post-11907","1":"post","2":"type-post","3":"status-publish","4":"format-standard","6":"category-agriculture","7":"category-commerce","8":"category-cest-le-printemps","9":"category-entraide","10":"category-environnement","11":"category-loisirs","12":"category-solidarite","13":"category-pratique","14":"category-verlhac-tescou","15":"category-n-72-avril-2012","16":"tag-eau","17":"tag-economie","18":"tag-commerce-equitable","19":"tag-verlhac-tescou","20":"tag-exposition","21":"tag-la-salvetat-belmontet","22":"tag-ape","23":"tag-bio","24":"tag-agriculture","25":"tag-produits-bio"},"jetpack_featured_media_url":"","views":{"total":0,"cached_at":"","cached_date":1738283726},"jetpack_likes_enabled":true,"jetpack_sharing_enabled":true,"jetpack_shortlink":"https:\/\/wp.me\/pg7Wxj-363","jetpack-related-posts":[],"_links":{"self":[{"href":"https:\/\/www.o-p-i.fr\/parlonsen\/wp-json\/wp\/v2\/posts\/11907","targetHints":{"allow":["GET"]}}],"collection":[{"href":"https:\/\/www.o-p-i.fr\/parlonsen\/wp-json\/wp\/v2\/posts"}],"about":[{"href":"https:\/\/www.o-p-i.fr\/parlonsen\/wp-json\/wp\/v2\/types\/post"}],"author":[{"embeddable":true,"href":"https:\/\/www.o-p-i.fr\/parlonsen\/wp-json\/wp\/v2\/users\/2"}],"replies":[{"embeddable":true,"href":"https:\/\/www.o-p-i.fr\/parlonsen\/wp-json\/wp\/v2\/comments?post=11907"}],"version-history":[{"count":0,"href":"https:\/\/www.o-p-i.fr\/parlonsen\/wp-json\/wp\/v2\/posts\/11907\/revisions"}],"wp:attachment":[{"href":"https:\/\/www.o-p-i.fr\/parlonsen\/wp-json\/wp\/v2\/media?parent=11907"}],"wp:term":[{"taxonomy":"category","embeddable":true,"href":"https:\/\/www.o-p-i.fr\/parlonsen\/wp-json\/wp\/v2\/categories?post=11907"},{"taxonomy":"post_tag","embeddable":true,"href":"https:\/\/www.o-p-i.fr\/parlonsen\/wp-json\/wp\/v2\/tags?post=11907"}],"curies":[{"name":"wp","href":"https:\/\/api.w.org\/{rel}","templated":true}]}}