{"id":12117,"date":"2012-05-09T17:20:42","date_gmt":"2012-05-09T15:20:42","guid":{"rendered":"\/parlonsen\/?p=12117"},"modified":"2012-05-09T17:21:06","modified_gmt":"2012-05-09T15:21:06","slug":"rencontres-festives-2012-a-montdurausse","status":"publish","type":"post","link":"https:\/\/www.o-p-i.fr\/parlonsen\/parlons-en\/culture\/rencontres-festives-2012-a-montdurausse\/","title":{"rendered":"Rencontres festives 2012 &#8230; \u00e0 Montdurausse"},"content":{"rendered":"<p>C&rsquo;est parti pour une nouvelle \u00c9dition des Rencontres Festives le <strong>Samedi 19 Mai 2012<\/strong> \u00e0 Montdurausse !<!--more--><\/p>\n<figure id=\"attachment_12149\" aria-describedby=\"caption-attachment-12149\" style=\"width: 400px\" class=\"wp-caption alignright\"><a href=\"https:\/\/i0.wp.com\/www.o-p-i.fr\/parlonsen\/wp-content\/uploads\/rencontresfestives2012.jpg?ssl=1\"><img data-recalc-dims=\"1\" loading=\"lazy\" decoding=\"async\" class=\"size-full wp-image-12149\" title=\"Montdurausse (81)\" src=\"https:\/\/i0.wp.com\/www.o-p-i.fr\/parlonsen\/wp-content\/uploads\/rencontresfestives2012.jpg?resize=400%2C561&#038;ssl=1\" alt=\"Montdurausse (81)\" width=\"400\" height=\"561\" srcset=\"https:\/\/i0.wp.com\/www.o-p-i.fr\/parlonsen\/wp-content\/uploads\/rencontresfestives2012.jpg?w=400&amp;ssl=1 400w, https:\/\/i0.wp.com\/www.o-p-i.fr\/parlonsen\/wp-content\/uploads\/rencontresfestives2012.jpg?resize=213%2C300&amp;ssl=1 213w\" sizes=\"auto, (max-width: 400px) 100vw, 400px\" \/><\/a><figcaption id=\"caption-attachment-12149\" class=\"wp-caption-text\">Montdurausse (81)<\/figcaption><\/figure>\n<h3>CONCERTS &#8211; STANDS &#8211; ANIMATIONS<\/h3>\n<p style=\"text-align: justify;\">Les Rencontres Festives, c&rsquo;est avant tout un moment de partage, de convivialit\u00e9, de d\u00e9couvertes et d&rsquo;originalit\u00e9.<\/p>\n<p style=\"text-align: justify;\">Tout l&rsquo;apr\u00e8s-midi, venez d\u00e9couvrir un village de stands plein de nouveaut\u00e9s mais aussi diverses animations tout public.<\/p>\n<p>Au programme \u00e0 partir de 14h :<\/p>\n<p style=\"text-align: justify;\">&#8211; concert avec Hawaian Falafels (pop folk), d\u00e9mo de beat box, d\u00e9mo de BMX avec Thomas Noyer et Nicolas Cambon, danses du monde avec l&rsquo;\u00e9cole de danse de Montdurausse<\/p>\n<p style=\"text-align: justify;\">&#8211; STANDS : Four solaire (Alain Bivas &#8211; m\u00e9daille d&rsquo;or du concours L\u00e9pine), peinture, 4L 2A (4L Trophy 2012), Mountain Riders, sellerie&#8230;<\/p>\n<p style=\"text-align: justify;\">&#8211; ANIMATIONS : Air soft, jonglage et jeux du cirque, Vinyl Caf\u00e9, maquillage pour enfants, jeux de kermesse g\u00e9ants&#8230;<\/p>\n<p style=\"text-align: justify;\">Et pour finir cette journ\u00e9e en beaut\u00e9, une soir\u00e9e CONCERT \u00e0 partir de 20h avec :<\/p>\n<p style=\"text-align: justify;\">&#8211; JAYANAH (reggae roots)<br \/>\n&#8211; ARCANE (rock exp\u00e9rimental)<br \/>\n&#8211; LA COMPAGNIE CUANOL (rock reggae d\u00e9jant\u00e9)<br \/>\n&#8211; DWAIL (m\u00e9tal rock&rsquo;n&rsquo;roll hardcore)<\/p>\n<p style=\"text-align: justify;\">Vous \u00eates tous les bienvenus, du plus petit au plus grand, vous y trouverez votre bonheur, c&rsquo;est promis\u2026!<\/p>\n<p><strong>Tarifs : <\/strong><br \/>\nApr\u00e8s-midi \u00e0 partir de 14h + concert : 4\u20ac<br \/>\nConcert \u00e0 partir de 20h : 6\u20ac<br \/>\nGratuit pour les enfants de moins de 6 ans<\/p>\n<p>Bar, restauration et camping sur place<br \/>\nPas de retrait d&rsquo;argent sur place<br \/>\nAnimaux non accept\u00e9s<\/p>\n<p><strong>Contact :<\/strong> Association Imbric&rsquo;action<\/p>\n<p><em>Communiqu\u00e9 de l&rsquo;association<\/em><\/p>\n<p><a href=\"https:\/\/www.o-p-i.fr\/parlonsen\/agenda\/\"><strong>Retrouvez tous les \u00e9v\u00e8nements dans l&rsquo;agenda !<\/strong><\/a><\/p>\n","protected":false},"excerpt":{"rendered":"<div class=\"mh-excerpt\">C&rsquo;est parti pour une nouvelle \u00c9dition des Rencontres Festives le Samedi 19 Mai 2012 \u00e0 Montdurausse !<\/div>\n","protected":false},"author":2,"featured_media":0,"comment_status":"open","ping_status":"open","sticky":false,"template":"","format":"standard","meta":{"om_disable_all_campaigns":false,"advanced_seo_description":"","jetpack_seo_html_title":"","jetpack_seo_noindex":false,"_jetpack_memberships_contains_paid_content":false,"footnotes":"","_links_to":"","_links_to_target":""},"categories":[52,1,725,54,32,291,53,1293],"tags":[443,909,43,2555,145,323,330],"class_list":{"0":"post-12117","1":"post","2":"type-post","3":"status-publish","4":"format-standard","6":"category-parlons-en","7":"category-culture","8":"category-formation-parlons-en","9":"category-loisirs","10":"category-montdurausse","11":"category-solidarite","12":"category-sports","13":"category-n-73-mai-2012","14":"tag-rencontres-festives","15":"tag-four-solaire","16":"tag-concert","17":"tag-montdurausse","18":"tag-animation","19":"tag-enfant","20":"tag-rencontre"},"jetpack_featured_media_url":"","views":{"total":0,"cached_at":"","cached_date":1738480084},"jetpack_likes_enabled":true,"jetpack_sharing_enabled":true,"jetpack_shortlink":"https:\/\/wp.me\/pg7Wxj-39r","jetpack-related-posts":[],"_links":{"self":[{"href":"https:\/\/www.o-p-i.fr\/parlonsen\/wp-json\/wp\/v2\/posts\/12117","targetHints":{"allow":["GET"]}}],"collection":[{"href":"https:\/\/www.o-p-i.fr\/parlonsen\/wp-json\/wp\/v2\/posts"}],"about":[{"href":"https:\/\/www.o-p-i.fr\/parlonsen\/wp-json\/wp\/v2\/types\/post"}],"author":[{"embeddable":true,"href":"https:\/\/www.o-p-i.fr\/parlonsen\/wp-json\/wp\/v2\/users\/2"}],"replies":[{"embeddable":true,"href":"https:\/\/www.o-p-i.fr\/parlonsen\/wp-json\/wp\/v2\/comments?post=12117"}],"version-history":[{"count":0,"href":"https:\/\/www.o-p-i.fr\/parlonsen\/wp-json\/wp\/v2\/posts\/12117\/revisions"}],"wp:attachment":[{"href":"https:\/\/www.o-p-i.fr\/parlonsen\/wp-json\/wp\/v2\/media?parent=12117"}],"wp:term":[{"taxonomy":"category","embeddable":true,"href":"https:\/\/www.o-p-i.fr\/parlonsen\/wp-json\/wp\/v2\/categories?post=12117"},{"taxonomy":"post_tag","embeddable":true,"href":"https:\/\/www.o-p-i.fr\/parlonsen\/wp-json\/wp\/v2\/tags?post=12117"}],"curies":[{"name":"wp","href":"https:\/\/api.w.org\/{rel}","templated":true}]}}