{"id":12119,"date":"2012-05-07T12:53:48","date_gmt":"2012-05-07T10:53:48","guid":{"rendered":"\/parlonsen\/?p=12119"},"modified":"2012-05-16T10:49:50","modified_gmt":"2012-05-16T08:49:50","slug":"elections-presidentielles-2012-resultat-du-2nd-tour-%e2%80%a6-au-pays-des-tescou%e2%80%99s","status":"publish","type":"post","link":"https:\/\/www.o-p-i.fr\/parlonsen\/parlons-en\/culture\/elections-presidentielles-2012-resultat-du-2nd-tour-%e2%80%a6-au-pays-des-tescou%e2%80%99s\/","title":{"rendered":"Elections Pr\u00e9sidentielles 2012 &#8211; R\u00e9sultat du 2nd tour \u2026 au Pays des Tescou\u2019s"},"content":{"rendered":"<p>Retrouvez les r\u00e9sultats  du 2nd tour des \u00e9lections pr\u00e9sidentielles 2012, commune par commune.<!--more--><\/p>\n<table border=\"0\" cellspacing=\"0\" cellpadding=\"5\" width=\"100%\">\n<tbody>\n<tr>\n<td align=\"right\" valign=\"top\">\n<h2>Beauvais-sur-Tescou<\/h2>\n<div>\n<p>Participation : <span id=\"roundParticipation16\">87,39 %<\/span><\/div>\n<div id=\"roundVotes16\">\n<div>\n<div id=\"ps16\">\n<div>\n<div>Fran\u00e7ois Hollande PS<\/div>\n<\/div>\n<div>\n<p>51,98 %<\/p>\n<p>92 votes<\/p><\/div>\n<\/div>\n<div id=\"ump16\">\n<div>\n<div>Nicolas Sarkozy UMP<\/div>\n<\/div>\n<div>\n<p>48,02 %<\/p>\n<p>85 votes<\/p><\/div>\n<\/div>\n<\/div>\n<div id=\"null16\">\n<div>\n<div>Votes blancs et nuls<\/div>\n<\/div>\n<div>8,76 %<\/p>\n<p>17 votes<\/p><\/div>\n<\/div>\n<\/div>\n<\/td>\n<td valign=\"top\">\n<h2>Castelnau-de-Montmiral<\/h2>\n<div>\n<p>Participation : <span id=\"roundParticipation17\">86,88 %<\/span><\/div>\n<div id=\"roundVotes17\">\n<div>\n<div id=\"ps17\">\n<div>\n<div>Fran\u00e7ois Hollande PS<\/div>\n<\/div>\n<div>\n<p>54,17 %<\/p>\n<p>331 votes<\/p><\/div>\n<\/div>\n<div id=\"ump17\">\n<div>\n<div>Nicolas Sarkozy UMP<\/div>\n<\/div>\n<div>\n<p>45,83 %<\/p>\n<p>280 votes<\/p><\/div>\n<\/div>\n<\/div>\n<div id=\"null17\">\n<div>\n<div>Votes blancs et nuls<\/div>\n<\/div>\n<div>7,7 %<\/p>\n<p>51 votes<\/p><\/div>\n<\/div>\n<\/div>\n<div><a href=\"http:\/\/www.francetv.fr\/info\/elections\/tarn_81\"><\/a><\/div>\n<\/td>\n<td valign=\"top\">\n<h2>G\u00e9n\u00e9bri\u00e8res<\/h2>\n<div>\n<p>Participation : <span id=\"roundParticipation3\">87,18 %<\/span><\/div>\n<div id=\"roundVotes3\">\n<div>\n<div id=\"ump3\">\n<div>\n<div>Nicolas Sarkozy UMP<\/div>\n<\/div>\n<div>\n<p>59,42 %<\/p>\n<p>224 votes<\/p><\/div>\n<\/div>\n<div id=\"ps3\">\n<div>\n<div>Fran\u00e7ois Hollande PS<\/div>\n<\/div>\n<div>\n<p>40,58 %<\/p>\n<p>153 votes<\/p><\/div>\n<\/div>\n<\/div>\n<div id=\"null3\">\n<div>\n<div>Votes blancs et nuls<\/div>\n<\/div>\n<div>7,6 %<\/p>\n<p>31 votes<\/p><\/div>\n<\/div>\n<\/div>\n<\/td>\n<td valign=\"top\">\n<h2>La Salvetat-Belmontet<\/h2>\n<div>\n<p>Participation : <span id=\"roundParticipation5\">88,61 %<\/span><\/div>\n<div id=\"roundVotes5\">\n<div>\n<div id=\"ump5\">\n<div>\n<div>Nicolas Sarkozy UMP<\/div>\n<\/div>\n<div>\n<p>50,12 %<\/p>\n<p>213 votes<\/p><\/div>\n<\/div>\n<div id=\"ps5\">\n<div>\n<div>Fran\u00e7ois Hollande PS<\/div>\n<\/div>\n<div>\n<p>49,88 %<\/p>\n<p>212 votes<\/p><\/div>\n<\/div>\n<\/div>\n<div id=\"null5\">\n<div>\n<div>Votes blancs et nuls<\/div>\n<\/div>\n<div>8,99 %<\/p>\n<p>42 votes<\/p><\/div>\n<\/div>\n<\/div>\n<div><a href=\"http:\/\/www.francetv.fr\/info\/elections\/tarn-et-garonne_82\"><\/a><\/div>\n<\/td>\n<\/tr>\n<tr>\n<td valign=\"top\">\n<h2>La Sauzi\u00e8re-Saint-Jean<\/h2>\n<div>\n<p>Participation : <span id=\"roundParticipation6\">87,11 %<\/span><\/div>\n<div id=\"roundVotes6\">\n<div>\n<div id=\"ps6\">\n<div>\n<div>Fran\u00e7ois Hollande PS<\/div>\n<\/div>\n<div>\n<p>53,9 %<\/p>\n<p>83 votes<\/p><\/div>\n<\/div>\n<div id=\"ump6\">\n<div>\n<div>Nicolas Sarkozy UMP<\/div>\n<\/div>\n<div>\n<p>46,1 %<\/p>\n<p>71 votes<\/p><\/div>\n<\/div>\n<\/div>\n<div id=\"null6\">\n<div>\n<div>Votes blancs et nuls<\/div>\n<\/div>\n<div>8,88 %<\/p>\n<p>15 votes<\/p><\/div>\n<\/div>\n<\/div>\n<\/td>\n<td valign=\"top\">\n<h2>Le Born<\/h2>\n<div>\n<p>Participation : <span id=\"roundParticipation18\">89,77 %<\/span><\/div>\n<div id=\"roundVotes18\">\n<div>\n<div id=\"ump18\">\n<div>\n<div>Nicolas Sarkozy UMP<\/div>\n<\/div>\n<div>\n<p>58,03 %<\/p>\n<p>159 votes<\/p><\/div>\n<\/div>\n<div id=\"ps18\">\n<div>\n<div>Fran\u00e7ois Hollande PS<\/div>\n<\/div>\n<div>\n<p>41,97 %<\/p>\n<p>115 votes<\/p><\/div>\n<\/div>\n<\/div>\n<div id=\"null18\">\n<div>\n<div>Votes blancs et nuls<\/div>\n<\/div>\n<div>10,75 %<\/p>\n<p>33 votes<\/p><\/div>\n<\/div>\n<\/div>\n<\/td>\n<td valign=\"top\">\n<h2>L\u00e9ojac<\/h2>\n<div><a href=\"http:\/\/www.francetv.fr\/info\/elections\/tarn-et-garonne_82\"><\/a><\/p>\n<div>\n<p>Participation : <span id=\"roundParticipation19\">86,36 %<\/span><\/div>\n<div id=\"roundVotes19\">\n<div>\n<div id=\"ps19\">\n<div>\n<div>Fran\u00e7ois Hollande PS<\/div>\n<\/div>\n<div>\n<p>50,33 %<\/p>\n<p>380 votes<\/p><\/div>\n<\/div>\n<div id=\"ump19\">\n<div>\n<div>Nicolas Sarkozy UMP<\/div>\n<\/div>\n<div>\n<p>49,67 %<\/p>\n<p>375 votes<\/p><\/div>\n<\/div>\n<\/div>\n<div id=\"null19\">\n<div>\n<div>Votes blancs et nuls<\/div>\n<\/div>\n<div>7,59 %<\/p>\n<p>62 votes<\/p><\/div>\n<\/div>\n<\/div>\n<\/div>\n<\/td>\n<td valign=\"top\">\n<h2>Monclar-de-Quercy<\/h2>\n<div>\n<p>Participation : <span id=\"roundParticipation\">84,44 %<\/span><\/div>\n<div id=\"roundVotes\">\n<div>\n<div id=\"ump\">\n<div>\n<div>Nicolas Sarkozy UMP<\/div>\n<\/div>\n<div>\n<p>52,61 %<\/p>\n<p>493 votes<\/p><\/div>\n<\/div>\n<div id=\"ps\">\n<div>\n<div>Fran\u00e7ois Hollande PS<\/div>\n<\/div>\n<div>\n<p>47,39 %<\/p>\n<p>444 votes<\/p><\/div>\n<\/div>\n<\/div>\n<div id=\"null\">\n<div>\n<div>Votes blancs et nuls<\/div>\n<\/div>\n<div>8,14 %<\/p>\n<p>83 votes<\/p><\/div>\n<\/div>\n<\/div>\n<\/td>\n<\/tr>\n<tr>\n<td valign=\"top\">\n<h2>Montdurausse<\/h2>\n<div>\n<p>Participation : <span id=\"roundParticipation4\">81,82 %<\/span><\/div>\n<div id=\"roundVotes4\">\n<div>\n<div id=\"ump4\">\n<div>\n<div>Nicolas Sarkozy UMP<\/div>\n<\/div>\n<div>\n<p>53,85 %<\/p>\n<p>105 votes<\/p><\/div>\n<\/div>\n<div id=\"ps4\">\n<div>\n<div>Fran\u00e7ois Hollande PS<\/div>\n<\/div>\n<div>\n<p>46,15 %<\/p>\n<p>90 votes<\/p><\/div>\n<\/div>\n<\/div>\n<div id=\"null4\">\n<div>\n<div>Votes blancs et nuls<\/div>\n<\/div>\n<div>9,72 %<\/p>\n<p>21 votes<\/p><\/div>\n<\/div>\n<\/div>\n<div><a href=\"http:\/\/www.francetv.fr\/info\/elections\/tarn_81\"><\/a><\/div>\n<\/td>\n<td valign=\"top\">\n<h2>Montgaillard<\/h2>\n<div>\n<p>Participation : <span id=\"roundParticipation2\">88,09 %<\/span><\/div>\n<div id=\"roundVotes2\">\n<div>\n<div id=\"ps2\">\n<div>\n<div>Fran\u00e7ois Hollande PS<\/div>\n<\/div>\n<div>\n<p>50,9 %<\/p>\n<p>113 votes<\/p><\/div>\n<\/div>\n<div id=\"ump2\">\n<div>\n<div>Nicolas Sarkozy UMP<\/div>\n<\/div>\n<div>\n<p>49,1 %<\/p>\n<p>109 votes<\/p><\/div>\n<\/div>\n<\/div>\n<div id=\"null2\">\n<div>\n<div>\n<p>Votes blancs et nuls<\/p><\/div>\n<\/div>\n<div>9,02 %<\/p>\n<p>22 votes<\/p><\/div>\n<\/div>\n<\/div>\n<div><a href=\"http:\/\/www.francetv.fr\/info\/elections\/tarn_81\"><\/a><\/div>\n<\/td>\n<td valign=\"top\">\n<h2>Montvalen<\/h2>\n<div><a href=\"http:\/\/www.francetv.fr\/info\/elections\/tarn_81\"><\/a><\/p>\n<div>\n<p>Participation : <span id=\"roundParticipation14\">86,71 %<\/span><\/div>\n<div id=\"roundVotes14\">\n<div>\n<div id=\"ps14\">\n<div>\n<div>Fran\u00e7ois Hollande PS<\/div>\n<\/div>\n<div>\n<p>57,35 %<\/p>\n<p>78 votes<\/p><\/div>\n<\/div>\n<div id=\"ump14\">\n<div>\n<div>Nicolas Sarkozy UMP<\/div>\n<\/div>\n<div>\n<p>42,65 %<\/p>\n<p>58 votes<\/p><\/div>\n<\/div>\n<\/div>\n<div id=\"null14\">\n<div>\n<div>Votes blancs et nuls<\/div>\n<\/div>\n<div>9,33 %<\/p>\n<p>14 votes<\/p><\/div>\n<\/div>\n<\/div>\n<\/div>\n<\/td>\n<td valign=\"top\">\n<h2>Puygaillard-de-Quercy<\/h2>\n<div><a href=\"http:\/\/www.francetv.fr\/info\/elections\/tarn-et-garonne_82\"><\/a><\/p>\n<div>\n<p>Participation : <span id=\"roundParticipation15\">90 %<\/span><\/div>\n<div id=\"roundVotes15\">\n<div>\n<div id=\"ump15\">\n<div>\n<div>Nicolas Sarkozy UMP<\/div>\n<\/div>\n<div>\n<p>56,28 %<\/p>\n<p>112 votes<\/p><\/div>\n<\/div>\n<div id=\"ps15\">\n<div>\n<div>Fran\u00e7ois Hollande PS<\/div>\n<\/div>\n<div>\n<p>43,72 %<\/p>\n<p>87 votes<\/p><\/div>\n<\/div>\n<\/div>\n<div id=\"null15\">\n<div>\n<div>Votes blancs et nuls<\/div>\n<\/div>\n<div>7,87 %<\/p>\n<p>17 votes<\/p><\/div>\n<\/div>\n<\/div>\n<\/div>\n<\/td>\n<\/tr>\n<tr>\n<td valign=\"top\">\n<h2>Saint-Nauphary<\/h2>\n<div>\n<p>Participation : <span id=\"roundParticipation11\">89,93 %<\/span><\/div>\n<div id=\"roundVotes11\">\n<div>\n<div id=\"ump11\">\n<div>\n<div>Nicolas Sarkozy UMP<\/div>\n<\/div>\n<div>\n<p>52,91 %<\/p>\n<p>563 votes<\/p><\/div>\n<\/div>\n<div id=\"ps11\">\n<div>\n<div>Fran\u00e7ois Hollande PS<\/div>\n<\/div>\n<div>\n<p>47,09 %<\/p>\n<p>501 votes<\/p><\/div>\n<\/div>\n<\/div>\n<div id=\"null11\">\n<div>\n<div>Votes blancs et nuls<\/div>\n<\/div>\n<div>6,91 %<\/p>\n<p>79 votes<\/p><\/div>\n<\/div>\n<\/div>\n<\/td>\n<td valign=\"top\">\n<h2>Saint-Urcisse<\/h2>\n<div>\n<p>Participation : <span id=\"roundParticipation7\">80,12 %<\/span><\/div>\n<div id=\"roundVotes7\">\n<div>\n<div id=\"ps7\">\n<div>\n<div>Fran\u00e7ois Hollande PS<\/div>\n<\/div>\n<div>\n<p>61,36 %<\/p>\n<p>81 votes<\/p><\/div>\n<\/div>\n<div id=\"ump7\">\n<div>\n<div>Nicolas Sarkozy UMP<\/div>\n<\/div>\n<div>\n<p>38,64 %<\/p>\n<p>51 votes<\/p><\/div>\n<\/div>\n<\/div>\n<div id=\"null7\">\n<div>\n<div>Votes blancs et nuls<\/div>\n<\/div>\n<div>3,65 %<\/p>\n<p>5 votes<\/p><\/div>\n<\/div>\n<\/div>\n<div><a href=\"http:\/\/www.francetv.fr\/info\/elections\/tarn_81\"><\/a><\/div>\n<\/td>\n<td valign=\"top\">\n<h2>Salvagnac<\/h2>\n<div>\n<p>Participation : <span id=\"roundParticipation8\">85,16 %<\/span><\/div>\n<div id=\"roundVotes8\">\n<div>\n<div id=\"ps8\">\n<div>\n<div>Fran\u00e7ois Hollande PS<\/div>\n<\/div>\n<div>\n<p>56,12 %<\/p>\n<p>362 votes<\/p><\/div>\n<\/div>\n<div id=\"ump8\">\n<div>\n<div>Nicolas Sarkozy UMP<\/div>\n<\/div>\n<div>\n<p>43,88 %<\/p>\n<p>283 votes<\/p><\/div>\n<\/div>\n<\/div>\n<div id=\"null8\">\n<div>\n<div>Votes blancs et nuls<\/div>\n<\/div>\n<div>\n<p>7,86 %<\/p>\n<p>55 votes<\/p><\/div>\n<\/div>\n<\/div>\n<div><a href=\"http:\/\/www.francetv.fr\/info\/elections\/tarn_81\"><\/a><\/div>\n<\/td>\n<td valign=\"top\">\n<h2>Tauriac<\/h2>\n<div>\n<p>Participation : <span id=\"roundParticipation13\">85,53 %<\/span><\/div>\n<div id=\"roundVotes13\">\n<div>\n<div id=\"ump13\">\n<div>\n<div>Nicolas Sarkozy UMP<\/div>\n<\/div>\n<div>\n<p>54,4 %<\/p>\n<p>99 votes<\/p><\/div>\n<\/div>\n<div id=\"ps13\">\n<div>\n<div>Fran\u00e7ois Hollande PS<\/div>\n<\/div>\n<div>\n<p>45,6 %<\/p>\n<p>83 votes<\/p><\/div>\n<\/div>\n<\/div>\n<div id=\"null13\">\n<div>\n<div>Votes blancs et nuls<\/div>\n<\/div>\n<div>6,67 %<\/p>\n<p>13 votes<\/p><\/div>\n<\/div>\n<\/div>\n<\/td>\n<\/tr>\n<tr>\n<td valign=\"top\">\n<h2>Varennes<\/h2>\n<div>\n<p>Participation : <span id=\"roundParticipation12\">79,91 %<\/span><\/div>\n<div id=\"roundVotes12\">\n<div>\n<div id=\"ump12\">\n<div>\n<div>Nicolas Sarkozy UMP<\/div>\n<\/div>\n<div>\n<p>52,74 %<\/p>\n<p>173 votes<\/p><\/div>\n<\/div>\n<div id=\"ps12\">\n<div>\n<div>Fran\u00e7ois Hollande PS<\/div>\n<\/div>\n<div>\n<p>47,26 %<\/p>\n<p>155 votes<\/p><\/div>\n<\/div>\n<\/div>\n<div id=\"null12\">\n<div>\n<div>Votes blancs et nuls<\/div>\n<\/div>\n<div>6,29 %<\/p>\n<p>22 votes<\/p><\/div>\n<\/div>\n<\/div>\n<\/td>\n<td valign=\"top\">\n<h2>Verlhac-Tescou<\/h2>\n<div>\n<p>Participation : <span id=\"roundParticipation9\">91,56 %<\/span><\/div>\n<div id=\"roundVotes9\">\n<div>\n<div id=\"ps9\">\n<div>\n<div>Fran\u00e7ois Hollande PS<\/div>\n<\/div>\n<div>\n<p>53,16 %<\/p>\n<p>168 votes<\/p><\/div>\n<\/div>\n<div id=\"ump9\">\n<div>\n<div>Nicolas Sarkozy UMP<\/div>\n<\/div>\n<div>\n<p>46,84 %<\/p>\n<p>148 votes<\/p><\/div>\n<\/div>\n<\/div>\n<div id=\"null9\">\n<div>\n<div>Votes blancs et nuls<\/div>\n<\/div>\n<div>8,93 %<\/p>\n<p>31 votes<\/p><\/div>\n<\/div>\n<\/div>\n<div><a href=\"http:\/\/www.francetv.fr\/info\/elections\/tarn-et-garonne_82\"><\/a><\/div>\n<\/td>\n<td valign=\"top\">\n<h2>Villebrumier<\/h2>\n<div>\n<p>Participation : <span id=\"roundParticipation10\">87,25 %<\/span><\/div>\n<div id=\"roundVotes10\">\n<div>\n<div id=\"ps10\">\n<div>\n<div>Fran\u00e7ois Hollande PS<\/div>\n<\/div>\n<div>\n<p>55,5 %<\/p>\n<p>414 votes<\/p><\/div>\n<\/div>\n<div id=\"ump10\">\n<div>\n<div>Nicolas Sarkozy UMP<\/div>\n<\/div>\n<div>\n<p>44,5 %<\/p>\n<p>332 votes<\/p><\/div>\n<\/div>\n<\/div>\n<div id=\"null10\">\n<div>\n<div>Votes blancs et nuls<\/div>\n<\/div>\n<div>6,87 %<\/p>\n<p>55 votes<\/p><\/div>\n<\/div>\n<\/div>\n<div><a href=\"http:\/\/www.francetv.fr\/info\/elections\/tarn-et-garonne_82\"><\/a><\/div>\n<\/td>\n<td valign=\"top\">\n<h2>Au Pays des Tescou&rsquo;s<\/h2>\n<p>Participation : 86,69 %<\/p>\n<p>Et aussi<\/p>\n<div><a href=\"http:\/\/www.francetv.fr\/info\/elections\/haute-garonne_31\">Haute-Garonne (31)<\/a><\/div>\n<div><a title=\"Ouvre le site dans une nouvelle fen\u00eatre\" href=\"http:\/\/www.francetv.fr\/info\/elections\/tarn_81\" target=\"_blank\">Tarn (81)<\/a><\/div>\n<div>\n<div><a href=\"http:\/\/www.francetv.fr\/info\/elections\/tarn-et-garonne_82\">Tarn-et-Garonne (82)<\/a><\/div>\n<p><a title=\"Ouvre le site dans une nouvelle fen\u00eatre\" href=\"http:\/\/www.francetv.fr\/info\/elections\/midi-pyrenees\" target=\"_blank\">Midi-Pyr\u00e9n\u00e9es<\/a><\/p>\n<blockquote><p>Attention !!! Le calcul du pourcentage<br \/>\ndes candidats ne prends pas en compte<br \/>\nle r\u00e9sultats des votes blancs.<\/p><\/blockquote>\n<\/div>\n<\/td>\n<\/tr>\n<tr>\n<td valign=\"top\"><\/td>\n<td valign=\"top\"><\/td>\n<td valign=\"top\"><\/td>\n<td valign=\"top\"><\/td>\n<\/tr>\n<\/tbody>\n<\/table>\n<div>Retrouvez les r\u00e9sultats du 1er tour  par commune, d\u00e9partement, r\u00e9gion &#8230; sur <a href=\"http:\/\/www.francetv.fr\/info\/elections\/\">http:\/\/www.francetv.fr\/info\/elections\/<\/a><\/div>\n<p><em>Source : Minist\u00e8re de l&rsquo;Int\u00e9rieur &#8211; <\/em>Derni\u00e8re mise \u00e0 jour :  <span id=\"roundUpdate\">06\/05 \u00e0 21h55<\/span><\/p>\n","protected":false},"excerpt":{"rendered":"<div class=\"mh-excerpt\">Retrouvez les r\u00e9sultats du 2nd tour des \u00e9lections pr\u00e9sidentielles 2012, commune par commune.<\/div>\n","protected":false},"author":2,"featured_media":0,"comment_status":"open","ping_status":"open","sticky":false,"template":"","format":"standard","meta":{"om_disable_all_campaigns":false,"advanced_seo_description":"","jetpack_seo_html_title":"","jetpack_seo_noindex":false,"_jetpack_memberships_contains_paid_content":false,"footnotes":"","_links_to":"","_links_to_target":""},"categories":[52,828,28,40,22,29,1,34,1276,24,26,30,16,31,32,35,6,33,17,18,25,21,20,27,19,1293],"tags":[1307,1308,2569],"class_list":{"0":"post-12119","1":"post","2":"type-post","3":"status-publish","4":"format-standard","6":"category-parlons-en","7":"category-au-pays-des-tescous","8":"category-beauvais-sur-tescou","9":"category-bioule","10":"category-castelnau","11":"category-genebrieres","12":"category-culture","13":"category-salvetat","14":"category-economie-parlons-en","15":"category-la-sauziere-saint-jean","16":"category-le-born","17":"category-leojac","18":"category-monclar","19":"category-montgaillard","20":"category-montdurausse","21":"category-montvalen","22":"category-pratique","23":"category-puygaillard-de-quercy","24":"category-saint_nauphary","25":"category-saint-urcisse","26":"category-salvagnac","27":"category-tauriac","28":"category-varennes","29":"category-verlhac-tescou","30":"category-villebrumier","31":"category-n-73-mai-2012","32":"tag-president","33":"tag-francois-hollande","34":"tag-elections"},"jetpack_featured_media_url":"","views":{"total":0,"cached_at":"","cached_date":1738433256},"jetpack_likes_enabled":true,"jetpack_sharing_enabled":true,"jetpack_shortlink":"https:\/\/wp.me\/pg7Wxj-39t","jetpack-related-posts":[],"_links":{"self":[{"href":"https:\/\/www.o-p-i.fr\/parlonsen\/wp-json\/wp\/v2\/posts\/12119","targetHints":{"allow":["GET"]}}],"collection":[{"href":"https:\/\/www.o-p-i.fr\/parlonsen\/wp-json\/wp\/v2\/posts"}],"about":[{"href":"https:\/\/www.o-p-i.fr\/parlonsen\/wp-json\/wp\/v2\/types\/post"}],"author":[{"embeddable":true,"href":"https:\/\/www.o-p-i.fr\/parlonsen\/wp-json\/wp\/v2\/users\/2"}],"replies":[{"embeddable":true,"href":"https:\/\/www.o-p-i.fr\/parlonsen\/wp-json\/wp\/v2\/comments?post=12119"}],"version-history":[{"count":0,"href":"https:\/\/www.o-p-i.fr\/parlonsen\/wp-json\/wp\/v2\/posts\/12119\/revisions"}],"wp:attachment":[{"href":"https:\/\/www.o-p-i.fr\/parlonsen\/wp-json\/wp\/v2\/media?parent=12119"}],"wp:term":[{"taxonomy":"category","embeddable":true,"href":"https:\/\/www.o-p-i.fr\/parlonsen\/wp-json\/wp\/v2\/categories?post=12119"},{"taxonomy":"post_tag","embeddable":true,"href":"https:\/\/www.o-p-i.fr\/parlonsen\/wp-json\/wp\/v2\/tags?post=12119"}],"curies":[{"name":"wp","href":"https:\/\/api.w.org\/{rel}","templated":true}]}}