{"id":12170,"date":"2012-05-09T18:25:12","date_gmt":"2012-05-09T16:25:12","guid":{"rendered":"\/parlonsen\/?p=12170"},"modified":"2012-05-09T18:50:00","modified_gmt":"2012-05-09T16:50:00","slug":"journee-de-rencontre-et-de-decouverte-au-chai","status":"publish","type":"post","link":"https:\/\/www.o-p-i.fr\/parlonsen\/parlons-en\/journee-de-rencontre-et-de-decouverte-au-chai\/","title":{"rendered":"Journ\u00e9e de rencontre  et de d\u00e9couverte au \u00ab\u00a0Chai\u00a0\u00bb"},"content":{"rendered":"<p>Deux cr\u00e9ateurs associent leurs univers et mettent en sc\u00e8ne dans un cadre atypique, leurs peintures, mobiliers en m\u00e9tal et objets insolites &#8230; <strong>Dimanche 13 Mai 2012<\/strong> au Chateau de Terride \u00e0 Puycelsi.<!--more--><\/p>\n<p><a href=\"https:\/\/i0.wp.com\/www.o-p-i.fr\/parlonsen\/wp-content\/uploads\/expoterride2012.jpg?ssl=1\"><img data-recalc-dims=\"1\" loading=\"lazy\" decoding=\"async\" class=\"aligncenter size-full wp-image-12171\" title=\"expoterride2012\" src=\"https:\/\/i0.wp.com\/www.o-p-i.fr\/parlonsen\/wp-content\/uploads\/expoterride2012.jpg?resize=337%2C722&#038;ssl=1\" alt=\"expoterride2012\" width=\"337\" height=\"722\" srcset=\"https:\/\/i0.wp.com\/www.o-p-i.fr\/parlonsen\/wp-content\/uploads\/expoterride2012.jpg?w=337&amp;ssl=1 337w, https:\/\/i0.wp.com\/www.o-p-i.fr\/parlonsen\/wp-content\/uploads\/expoterride2012.jpg?resize=140%2C300&amp;ssl=1 140w\" sizes=\"auto, (max-width: 337px) 100vw, 337px\" \/><\/a><strong>En savoir + sur &#8230;<\/strong><br \/>\nJocelyne Bonzom <a title=\"Ouvre le site dans une nouvelle fen\u00eatre\" href=\"http:\/\/www.jocelyne-bonzom.com\/\" target=\"_blank\">http:\/\/www.jocelyne-bonzom.com\/<br \/>\n<\/a>Romain G\u00e9rard <a title=\"Ouvre le site dans une nouvelle fen\u00eatre\" href=\"http:\/\/www.industryandco.fr\/\" target=\"_blank\">http:\/\/www.industryandco.fr\/<br \/>\n<\/a><\/p>\n<p><strong>Contact :<\/strong> Ch\u00e2teau de Terride<br \/>\nT\u00e9l. : 05.63.33.26.63<br \/>\nCourriel : <a href=\"mailto:info@chateau-de-terride.com\">info@chateau-de-terride.com<\/a><\/p>\n<p><em>Communiqu\u00e9 d&rsquo;Alix DAVID.<\/em><\/p>\n<p><a href=\"https:\/\/www.o-p-i.fr\/parlonsen\/agenda\/\"><strong>Retrouvez tous les \u00e9v\u00e8nements dans l&rsquo;agenda !<\/strong><\/a><\/p>\n","protected":false},"excerpt":{"rendered":"<div class=\"mh-excerpt\">Deux cr\u00e9ateurs associent leurs univers et mettent en sc\u00e8ne dans un cadre atypique, leurs peintures, mobiliers en m\u00e9tal et objets insolites &#8230; Dimanche 13 Mai 2012 au Chateau de Terride \u00e0 Puycelsi.<\/div>\n","protected":false},"author":2,"featured_media":0,"comment_status":"open","ping_status":"open","sticky":false,"template":"","format":"standard","meta":{"om_disable_all_campaigns":false,"advanced_seo_description":"","jetpack_seo_html_title":"","jetpack_seo_noindex":false,"_jetpack_memberships_contains_paid_content":false,"footnotes":"","_links_to":"","_links_to_target":""},"categories":[52],"tags":[478,566,2559,172,200],"class_list":{"0":"post-12170","1":"post","2":"type-post","3":"status-publish","4":"format-standard","6":"category-parlons-en","7":"tag-puycelsi","8":"tag-vigne","9":"tag-artisanat","10":"tag-exposition","11":"tag-art"},"jetpack_featured_media_url":"","views":{"total":0,"cached_at":"","cached_date":1738349881},"jetpack_likes_enabled":true,"jetpack_sharing_enabled":true,"jetpack_shortlink":"https:\/\/wp.me\/pg7Wxj-3ai","jetpack-related-posts":[],"_links":{"self":[{"href":"https:\/\/www.o-p-i.fr\/parlonsen\/wp-json\/wp\/v2\/posts\/12170","targetHints":{"allow":["GET"]}}],"collection":[{"href":"https:\/\/www.o-p-i.fr\/parlonsen\/wp-json\/wp\/v2\/posts"}],"about":[{"href":"https:\/\/www.o-p-i.fr\/parlonsen\/wp-json\/wp\/v2\/types\/post"}],"author":[{"embeddable":true,"href":"https:\/\/www.o-p-i.fr\/parlonsen\/wp-json\/wp\/v2\/users\/2"}],"replies":[{"embeddable":true,"href":"https:\/\/www.o-p-i.fr\/parlonsen\/wp-json\/wp\/v2\/comments?post=12170"}],"version-history":[{"count":0,"href":"https:\/\/www.o-p-i.fr\/parlonsen\/wp-json\/wp\/v2\/posts\/12170\/revisions"}],"wp:attachment":[{"href":"https:\/\/www.o-p-i.fr\/parlonsen\/wp-json\/wp\/v2\/media?parent=12170"}],"wp:term":[{"taxonomy":"category","embeddable":true,"href":"https:\/\/www.o-p-i.fr\/parlonsen\/wp-json\/wp\/v2\/categories?post=12170"},{"taxonomy":"post_tag","embeddable":true,"href":"https:\/\/www.o-p-i.fr\/parlonsen\/wp-json\/wp\/v2\/tags?post=12170"}],"curies":[{"name":"wp","href":"https:\/\/api.w.org\/{rel}","templated":true}]}}