{"id":12189,"date":"2012-05-10T06:58:38","date_gmt":"2012-05-10T04:58:38","guid":{"rendered":"\/parlonsen\/?p=12189"},"modified":"2012-05-09T19:20:49","modified_gmt":"2012-05-09T17:20:49","slug":"les-enfants-au-centre-aere-lostal-que-du-bonheur-a-partager-a-saint-etienne-de-tulmont","status":"publish","type":"post","link":"https:\/\/www.o-p-i.fr\/parlonsen\/localisation\/a-cote-de-chez-nous\/les-enfants-au-centre-aere-lostal-que-du-bonheur-a-partager-a-saint-etienne-de-tulmont\/","title":{"rendered":"Les enfants au centre a\u00e9r\u00e9 L&rsquo;Ostal : que du bonheur \u00e0 partager ! &#8230; \u00e0 Saint Etienne de Tulmont"},"content":{"rendered":"<p style=\"text-align: justify;\">Du 10 au 13 Avril derniers, les enfants de l\u2019accueil de loisirs des \u00ab <a title=\"Cliquez pour ouvrir la fiche dans l'annuaire d'OPI\" href=\"https:\/\/www.o-p-i.fr\/aupays\/annuaire\/loisirs\/les-amis-du-terroir\/\" target=\"_blank\"><strong>Amis du Terroir <\/strong><\/a>\u00bb ont pu appr\u00e9cier les activit\u00e9s sur le th\u00e8me de la nature.<!--more--><\/p>\n<p style=\"text-align: justify;\">\n<figure id=\"attachment_12190\" aria-describedby=\"caption-attachment-12190\" style=\"width: 400px\" class=\"wp-caption alignright\"><a href=\"https:\/\/i0.wp.com\/www.o-p-i.fr\/parlonsen\/wp-content\/uploads\/amisduterroir2012.jpg?ssl=1\"><img data-recalc-dims=\"1\" loading=\"lazy\" decoding=\"async\" class=\"size-full wp-image-12190\" title=\"L'Ostal\" src=\"https:\/\/i0.wp.com\/www.o-p-i.fr\/parlonsen\/wp-content\/uploads\/amisduterroir2012.jpg?resize=400%2C225&#038;ssl=1\" alt=\"L'Ostal\" width=\"400\" height=\"225\" srcset=\"https:\/\/i0.wp.com\/www.o-p-i.fr\/parlonsen\/wp-content\/uploads\/amisduterroir2012.jpg?w=400&amp;ssl=1 400w, https:\/\/i0.wp.com\/www.o-p-i.fr\/parlonsen\/wp-content\/uploads\/amisduterroir2012.jpg?resize=300%2C168&amp;ssl=1 300w\" sizes=\"auto, (max-width: 400px) 100vw, 400px\" \/><\/a><figcaption id=\"caption-attachment-12190\" class=\"wp-caption-text\">L&#39;Ostal<\/figcaption><\/figure>\n<p>Le groupe des 3-6 ans, anim\u00e9 par Marie et Clo\u00e9, a fabriqu\u00e9 son jardin magique ainsi que son porte-clefs magique. Les enfants sont aussi all\u00e9s \u00e0 la recherche de leur poussin magique et \u00e0 la piscine. La semaine s&rsquo;est termin\u00e9e avec une initiation \u00e0 la p\u00eache et au poney, pour le plus grand plaisir des enfants.<\/p>\n<p style=\"text-align: justify;\">Les enfants du groupe des 7-15 ans anim\u00e9 par R\u00e9my et Jean ont, quant \u00e0 eux, cr\u00e9\u00e9 leurs pi\u00e8ges \u00e0 frelons et leurs maquettes de ville g\u00e9ante.<\/p>\n<p style=\"text-align: justify;\">Une matin\u00e9e s\u2019est d\u00e9roul\u00e9e sur le th\u00e8me de la \u00ab S\u00e9curit\u00e9 Routi\u00e8re \u00bb avec l&rsquo;intervention du Plan D\u00e9partement d&rsquo;Action de S\u00e9curit\u00e9 Routi\u00e8re.<\/p>\n<p style=\"text-align: justify;\">Pour clore la semaine, les enfants ont pass\u00e9 une journ\u00e9e \u00e0 la p\u00eache qui fut un franc succ\u00e8s !<\/p>\n<p style=\"text-align: justify;\">Enfin, les enfants ont particip\u00e9 \u00e0 une veill\u00e9e \u00abCluedo g\u00e9ant\u00bb qui s&rsquo;est achev\u00e9e avec les traditionnels chamallows grill\u00e9s.<\/p>\n<p style=\"text-align: justify;\">Les enfants ont pass\u00e9 de tr\u00e8s bonnes vacances, et \u00e0 les entendre, vivement les prochains mercredis et vacances scolaires !<\/p>\n<p style=\"text-align: justify;\"><strong>Contact\u00a0 : <\/strong><a title=\"Cliquez pour ouvrir la fiche dans l'annuaire d'OPI\" href=\"https:\/\/www.o-p-i.fr\/aupays\/annuaire\/loisirs\/les-amis-du-terroir\/\">Les Amis du Terroir<\/a><\/p>\n<p style=\"text-align: justify;\"><em>Communiqu\u00e9 et photo : Robert Linas<\/em><\/p>\n","protected":false},"excerpt":{"rendered":"<div class=\"mh-excerpt\">Du 10 au 13 Avril derniers, les enfants de l\u2019accueil de loisirs des \u00ab Amis du Terroir \u00bb ont pu appr\u00e9cier les activit\u00e9s sur le th\u00e8me de la nature.<\/div>\n","protected":false},"author":2,"featured_media":0,"comment_status":"open","ping_status":"open","sticky":false,"template":"","format":"standard","meta":{"om_disable_all_campaigns":false,"advanced_seo_description":"","jetpack_seo_html_title":"","jetpack_seo_noindex":false,"_jetpack_memberships_contains_paid_content":false,"footnotes":"","_links_to":"","_links_to_target":""},"categories":[42,54,291,1293],"tags":[105,203,323,469,471],"class_list":{"0":"post-12189","1":"post","2":"type-post","3":"status-publish","4":"format-standard","6":"category-a-cote-de-chez-nous","7":"category-loisirs","8":"category-solidarite","9":"category-n-73-mai-2012","10":"tag-nature","11":"tag-saint-etienne-de-tulmont","12":"tag-enfant","13":"tag-centre-de-loisirs","14":"tag-vacances"},"jetpack_featured_media_url":"","views":{"total":0,"cached_at":"","cached_date":1738350144},"jetpack_likes_enabled":true,"jetpack_sharing_enabled":true,"jetpack_shortlink":"https:\/\/wp.me\/pg7Wxj-3aB","jetpack-related-posts":[],"_links":{"self":[{"href":"https:\/\/www.o-p-i.fr\/parlonsen\/wp-json\/wp\/v2\/posts\/12189","targetHints":{"allow":["GET"]}}],"collection":[{"href":"https:\/\/www.o-p-i.fr\/parlonsen\/wp-json\/wp\/v2\/posts"}],"about":[{"href":"https:\/\/www.o-p-i.fr\/parlonsen\/wp-json\/wp\/v2\/types\/post"}],"author":[{"embeddable":true,"href":"https:\/\/www.o-p-i.fr\/parlonsen\/wp-json\/wp\/v2\/users\/2"}],"replies":[{"embeddable":true,"href":"https:\/\/www.o-p-i.fr\/parlonsen\/wp-json\/wp\/v2\/comments?post=12189"}],"version-history":[{"count":0,"href":"https:\/\/www.o-p-i.fr\/parlonsen\/wp-json\/wp\/v2\/posts\/12189\/revisions"}],"wp:attachment":[{"href":"https:\/\/www.o-p-i.fr\/parlonsen\/wp-json\/wp\/v2\/media?parent=12189"}],"wp:term":[{"taxonomy":"category","embeddable":true,"href":"https:\/\/www.o-p-i.fr\/parlonsen\/wp-json\/wp\/v2\/categories?post=12189"},{"taxonomy":"post_tag","embeddable":true,"href":"https:\/\/www.o-p-i.fr\/parlonsen\/wp-json\/wp\/v2\/tags?post=12189"}],"curies":[{"name":"wp","href":"https:\/\/api.w.org\/{rel}","templated":true}]}}