{"id":12402,"date":"2012-06-01T10:30:46","date_gmt":"2012-06-01T08:30:46","guid":{"rendered":"\/parlonsen\/?p=12402"},"modified":"2012-05-25T11:56:31","modified_gmt":"2012-05-25T09:56:31","slug":"face-a-la-secheresse-l%e2%80%99urgence-est-a-la-%c2%ab-creation-de-reserves-en-eau-%e2%80%a6-naturelles-%c2%bb","status":"publish","type":"post","link":"https:\/\/www.o-p-i.fr\/parlonsen\/parlons-en\/culture\/face-a-la-secheresse-l%e2%80%99urgence-est-a-la-%c2%ab-creation-de-reserves-en-eau-%e2%80%a6-naturelles-%c2%bb\/","title":{"rendered":"Face \u00e0 la s\u00e9cheresse, l\u2019urgence est \u00e0 la \u00ab cr\u00e9ation de r\u00e9serves en eau \u2026 naturelles \u00bb !"},"content":{"rendered":"<p style=\"text-align: justify;\">Puisque, face \u00e0 la s\u00e9cheresse, qui s\u2019annonce chronique dans les ann\u00e9es \u00e0 venir, la tendance est \u00e0 la \u00ab cr\u00e9ation de retenues d\u2019eau \u00bb artificielles,<strong> le collectif FNE Adour-Garonne<\/strong> pr\u00f4ne par opposition la \u00ab cr\u00e9ation de r\u00e9serves en eau naturelles \u00bb ou plus exactement leur reconstitution. Ou comment mettre en avant les capacit\u00e9s des milieux aquatiques et des sols \u00e0 stocker l\u2019eau et \u00e0 la restituer \u2026<!--more--><\/p>\n<h4 style=\"text-align: justify;\">Construire des retenues d&rsquo;eau artificielles &#8230; une gestion de l&rsquo;eau \u00e0 court terme !<\/h4>\n<p style=\"text-align: justify;\">\u00ab Apr\u00e8s des ann\u00e9es d&rsquo;ass\u00e8chement de zones humides et de drainage de parcelles, d&rsquo;arrachage de haies, de mise \u00e0 nue de terres en hiver, et pour les cours d&rsquo;eau,\u00a0 d&rsquo;extraction de graviers dans le lit mineur, d&rsquo;enrochement de berges, de chenalisation, recalibrage et endiguement pour acc\u00e9l\u00e9rer l&rsquo;\u00e9coulement&#8230; les milieux aquatiques et les sols ont perdu leur capacit\u00e9 de stockage de l&rsquo;eau et d&rsquo;\u00e9change avec les nappes souterraines\u00bb, souligne Jacques Brie, administrateur de Poitou- Charente Nature et vice-pr\u00e9sident de Charente Nature. \u00ab Nous sommes tout simplement en train de briser les dynamiques du cycle de l&rsquo;eau, et c&rsquo;est le r\u00e9sultat de politiques de soumission du milieu naturel aux usages de l&rsquo;homme au lieu de vivre en bonne intelligence avec lui. La construction de retenues artificielles s&rsquo;inscrit compl\u00e8tement dans ce mod\u00e8le et ne constitue qu\u2019une gestion \u00e0 court terme au probl\u00e8me de la ressource en eau. \u00bb<br \/>\nD\u2019autre part, plusieurs questions se posent quant \u00e0 ces retenues artificielles : Quel bilan pour les quelques 40 barrages et 1900 retenues d\u00e9j\u00e0 construites en Adour-Garonne depuis 25 ans ?<br \/>\nComment seront remplies toutes ces retenues en cas de d\u00e9ficit pluviom\u00e9trique hivernal chronique ? Quel co\u00fbt pour ces retenues destin\u00e9es en grande partie \u00e0 quelques irrigants, et pay\u00e9es par qui<span style=\"color: #888888;\">1<\/span>? Et dans 25 ans, quel sera le nouveau pansement aux probl\u00e8mes de gestion quantitative de la ressource en eau en Adour-Garonne ?<\/p>\n<h4>Favoriser le r\u00f4le d&rsquo;\u00e9ponge des milieux aquatiques et des sols \u2026 pour une gestion int\u00e9gr\u00e9e et durable de la ressource en eau.<\/h4>\n<p style=\"text-align: justify;\">Une autre approche plus durable pour l&rsquo;homme et les milieux aquatiques existe. Il s\u2019agit de permettre aux milieux aquatiques et aux sols d&rsquo;exercer leurs fonctionnalit\u00e9s naturelles : ce r\u00f4le d&rsquo;\u00e9ponge qui se gonfle quand il y a de l&rsquo;eau et la restitue progressivement, ce r\u00f4le de r\u00e9serve d&rsquo;eau naturelle !<br \/>\nCela passe par une approche int\u00e9gr\u00e9e de l&rsquo;eau sur les territoires : reconqu\u00eate de l&rsquo;espace de mobilit\u00e9 des cours d&rsquo;eau, restauration et pr\u00e9servation des zones humides, r\u00e9flexion sur la place de l&rsquo;arbre et des haies dans le cycle de l&rsquo;eau, diffusion des pratiques et syst\u00e8mes agronomiques qui valorisent le stockage de l&rsquo;eau dans les sols notamment gr\u00e2ce \u00e0 l&rsquo;humus (cultures sous couvert v\u00e9g\u00e9tal permanent, agriculture biologique&#8230;).<br \/>\n\u00ab Privil\u00e9gier et favoriser le stockage naturel de l\u2019eau dans le sol et les milieux aquatiques : c&rsquo;est \u00e0 cette condition que nous pourrons TOUS faire face aux al\u00e9as du changement climatique \u00bb, affirme R\u00e9mi Martin, Pr\u00e9sident de FNE Midi-Pyr\u00e9n\u00e9es.<br \/>\nCette gestion int\u00e9gr\u00e9e des ressources en eau et milieux aquatiques est l&rsquo;ambition du Collectif FNE Adour-Garonne pour le Xe programme d&rsquo;interventions de l&rsquo;Agence de l&rsquo;eau Adour-Garonne.<\/p>\n<p style=\"text-align: justify;\">[<a title=\"Ouvre le site dans une nouvelle fen\u00eatre\" href=\"http:\/\/www.fne-midipyrenees.fr\/propositions-du-collectif-fne-adour-garonne_133.php\" target=\"_blank\">En savoir +<\/a>]<\/p>\n<p style=\"text-align: justify;\"><strong>Contacts :<\/strong><\/p>\n<p style=\"text-align: justify;\">Jacques BRIE, vice-pr\u00e9sident de Charente Nature [<a title=\"Ouvre le site dans une nouvelle fen\u00eatre\" href=\"http:\/\/www.charente-nature.org\/\" target=\"_blank\">Voir le site<\/a>]<br \/>\nT\u00e9l. : 05 45 65 06 55<\/p>\n<p style=\"text-align: justify;\">R\u00e9my MARTIN, pr\u00e9sident de FNE Midi-Pyr\u00e9n\u00e9es [<a title=\"Ouvre le site dans une nouvelle fen\u00eatre\" href=\"http:\/\/www.fne-midipyrenees.fr\/\" target=\"_blank\">Voir le site<\/a>]<br \/>\nT\u00e9l. : 06 79 20 84 99<\/p>\n<p style=\"text-align: justify;\">Michel RODES, porte-parole du collectif FNE Adour-Garonne\u00a0 [<a title=\"En savoir +\" href=\"http:\/\/www.fne-midipyrenees.fr\/propositions-du-collectif-fne-adour-garonne_133.php\" target=\"_blank\">En savoir +<\/a>]<br \/>\nT\u00e9l. : 05 59 69 14 78<\/p>\n<blockquote>\n<figure id=\"attachment_12403\" aria-describedby=\"caption-attachment-12403\" style=\"width: 200px\" class=\"wp-caption alignright\"><a href=\"https:\/\/i0.wp.com\/www.o-p-i.fr\/parlonsen\/wp-content\/uploads\/logofneadourgaronne.jpg?ssl=1\"><img data-recalc-dims=\"1\" loading=\"lazy\" decoding=\"async\" class=\"size-full wp-image-12403\" title=\"Collectif FNE Adour Garonne\" src=\"https:\/\/i0.wp.com\/www.o-p-i.fr\/parlonsen\/wp-content\/uploads\/logofneadourgaronne.jpg?resize=200%2C156&#038;ssl=1\" alt=\"Collectif FNE Adour Garonne\" width=\"200\" height=\"156\" \/><\/a><figcaption id=\"caption-attachment-12403\" class=\"wp-caption-text\">Collectif FNE Adour Garonne<\/figcaption><\/figure>\n<h5><span style=\"color: #ff0000;\">Qu&rsquo;est-ce que le collectif FNE Adour-Garonne ?<\/span><\/h5>\n<p style=\"text-align: justify;\">\n<p style=\"text-align: justify;\">Sous l&rsquo;impulsion de FNE Midi-Pyr\u00e9n\u00e9es, les 6 f\u00e9d\u00e9rations r\u00e9gionales de France Nature Environnement situ\u00e9es sur le bassin Adour-Garonne &#8211; FNE Midi-Pyr\u00e9n\u00e9es, SEPANSO<span style=\"color: #888888;\">2<\/span> (Aquitaine), PCN<span style=\"color: #888888;\">3<\/span> (Poitou-Charentes), LNE<span style=\"color: #888888;\">4 <\/span>(Limousin), FRANE<span style=\"color: #888888;\">5<\/span> (Auvergne) et LRNE<span style=\"color: #888888;\">6<\/span> (Languedoc-Roussillon) &#8211; ont d\u00e9cid\u00e9 de se regrouper au sein d&rsquo;un collectif, afin de renforcer leurs positions et actions dans le domaine de l&rsquo;eau.<\/p>\n<p style=\"text-align: justify;\">Initialement appel\u00e9 \u00ab Ass&rsquo;Eau BAG \u00bb lors de sa cr\u00e9ation en f\u00e9vrier 2010, il devient le collectif \u00abFNE Adour-Garonne\u00bb fin 2011. Il agit en coordination et coh\u00e9rence avec le R\u00e9seau Eau national de France Nature Environnement.<\/p>\n<p style=\"text-align: justify;\">Le cahier de propositions du collectif FNE Adour-Garonne dans le cadre de l&rsquo;\u00e9laboration du Xe programme d&rsquo;interventions de l&rsquo;Agence de l&rsquo;eau Adour-Garonne est disponible sur : <a title=\"Ouvre le site dans une nouvelle fen\u00eatre\" href=\"http:\/\/www.fne-midipyrenees.fr\/propositions-du-collectif-fne-adour-garonne_133.php\" target=\"_blank\">http:\/\/www.fne-midipyrenees.fr<\/a><\/p>\n<\/blockquote>\n<p style=\"text-align: justify;\"><span style=\"color: #888888;\">1<\/span> Jusqu&rsquo;\u00e0 80% d&rsquo;argent publique (aides AEAG, fonds europ\u00e9ens et subventions des Conseil R\u00e9gionaux et G\u00e9n\u00e9raux cumulables)!!! R\u00e9glementairement, une part r\u00e9siduelle d&rsquo;autofinancement d&rsquo;au moins 20% doit rester \u00e0 la charge du ma\u00eetre d&rsquo;ouvrage.<br \/>\n<span style=\"color: #888888;\">2<\/span> F\u00e9d\u00e9ration des Soci\u00e9t\u00e9s pour l\u2019\u00c9tude, la Protection et l&rsquo;Am\u00e9nagement de la Nature dans le Sud-Ouest <a title=\"Ouvre le site dans une nouvelle fen\u00eatre\" href=\"http:\/\/www.sepanso.org\/index.php\" target=\"_blank\">Voir le site<br \/>\n<\/a> <span style=\"color: #888888;\">3 <\/span>Poitou-Charentes Nature <a title=\"Ouvre le site dans une nouvelle fen\u00eatre\" href=\"http:\/\/www.poitou-charentes-nature.asso.fr\/\" target=\"_blank\">Voir le site<\/a><br \/>\n<span style=\"color: #888888;\">4<\/span> Limousin Nature Environnement <a title=\"Ouvre le site dans une nouvelle fen\u00eatre\" href=\"http:\/\/www.lne.asso.fr\/\" target=\"_blank\">Voir le site<\/a><br \/>\n<span style=\"color: #888888;\">5<\/span> F\u00e9d\u00e9ration de la R\u00e9gion Auvergne pour la Nature et l&rsquo;Environnement <a title=\"Ouvre le site dans une nouvelle fen\u00eatre\" href=\"http:\/\/frane-auvergne-environnement.fr\/\" target=\"_blank\">Voir le site<br \/>\n<\/a> <span style=\"color: #888888;\">6<\/span> Languedoc-Roussillon Nature Environnement\u00a0 <a title=\"Ouvre le site dans une nouvelle fen\u00eatre\" href=\"http:\/\/grainelr.org\/\" target=\"_blank\">Voir le site<\/a><\/p>\n<p style=\"text-align: justify;\"><em>Communiqu\u00e9 de France Nature Environnement Adour-Garonne<\/em><\/p>\n","protected":false},"excerpt":{"rendered":"<div class=\"mh-excerpt\">Puisque, face \u00e0 la s\u00e9cheresse, qui s\u2019annonce chronique dans les ann\u00e9es \u00e0 venir, la tendance est \u00e0 la \u00ab cr\u00e9ation de retenues d\u2019eau \u00bb artificielles, le collectif FNE Adour-Garonne pr\u00f4ne par opposition la \u00ab cr\u00e9ation <a class=\"mh-excerpt-more\" href=\"https:\/\/www.o-p-i.fr\/parlonsen\/parlons-en\/culture\/face-a-la-secheresse-l%e2%80%99urgence-est-a-la-%c2%ab-creation-de-reserves-en-eau-%e2%80%a6-naturelles-%c2%bb\/\" title=\"Face \u00e0 la s\u00e9cheresse, l\u2019urgence est \u00e0 la \u00ab cr\u00e9ation de r\u00e9serves en eau \u2026 naturelles \u00bb !\">[&#8230;]<\/a><\/div>\n","protected":false},"author":2,"featured_media":0,"comment_status":"open","ping_status":"open","sticky":false,"template":"","format":"standard","meta":{"om_disable_all_campaigns":false,"advanced_seo_description":"","jetpack_seo_html_title":"","jetpack_seo_noindex":false,"_jetpack_memberships_contains_paid_content":false,"footnotes":"","_links_to":"","_links_to_target":""},"categories":[828,3,23,42,1,55,1330],"tags":[590,777,960,1331,1332,105,2562],"class_list":{"0":"post-12402","1":"post","2":"type-post","3":"status-publish","4":"format-standard","6":"category-au-pays-des-tescous","7":"category-agriculture","8":"category-au-dela-du-pays","9":"category-a-cote-de-chez-nous","10":"category-culture","11":"category-environnement","12":"category-n-74-juin-2012","13":"tag-eau","14":"tag-respect-de-lenvironnement","15":"tag-secheresse","16":"tag-france-nature-environnement","17":"tag-adour-garonne","18":"tag-nature","19":"tag-environnement"},"jetpack_featured_media_url":"","views":{"total":0,"cached_at":"","cached_date":1738490628},"jetpack_likes_enabled":true,"jetpack_sharing_enabled":true,"jetpack_shortlink":"https:\/\/wp.me\/pg7Wxj-3e2","jetpack-related-posts":[],"_links":{"self":[{"href":"https:\/\/www.o-p-i.fr\/parlonsen\/wp-json\/wp\/v2\/posts\/12402","targetHints":{"allow":["GET"]}}],"collection":[{"href":"https:\/\/www.o-p-i.fr\/parlonsen\/wp-json\/wp\/v2\/posts"}],"about":[{"href":"https:\/\/www.o-p-i.fr\/parlonsen\/wp-json\/wp\/v2\/types\/post"}],"author":[{"embeddable":true,"href":"https:\/\/www.o-p-i.fr\/parlonsen\/wp-json\/wp\/v2\/users\/2"}],"replies":[{"embeddable":true,"href":"https:\/\/www.o-p-i.fr\/parlonsen\/wp-json\/wp\/v2\/comments?post=12402"}],"version-history":[{"count":0,"href":"https:\/\/www.o-p-i.fr\/parlonsen\/wp-json\/wp\/v2\/posts\/12402\/revisions"}],"wp:attachment":[{"href":"https:\/\/www.o-p-i.fr\/parlonsen\/wp-json\/wp\/v2\/media?parent=12402"}],"wp:term":[{"taxonomy":"category","embeddable":true,"href":"https:\/\/www.o-p-i.fr\/parlonsen\/wp-json\/wp\/v2\/categories?post=12402"},{"taxonomy":"post_tag","embeddable":true,"href":"https:\/\/www.o-p-i.fr\/parlonsen\/wp-json\/wp\/v2\/tags?post=12402"}],"curies":[{"name":"wp","href":"https:\/\/api.w.org\/{rel}","templated":true}]}}