{"id":12414,"date":"2012-05-30T09:37:11","date_gmt":"2012-05-30T07:37:11","guid":{"rendered":"\/parlonsen\/?p=12414"},"modified":"2012-05-30T15:54:38","modified_gmt":"2012-05-30T13:54:38","slug":"monclar-de-quercy-pavillon-bleu-pour-la-4ieme-annee-consecutive","status":"publish","type":"post","link":"https:\/\/www.o-p-i.fr\/parlonsen\/localisation\/au-pays-des-tescous\/monclar\/monclar-de-quercy-pavillon-bleu-pour-la-4ieme-annee-consecutive\/","title":{"rendered":"Monclar de Quercy, Pavillon Bleu pour la 4i\u00e8me ann\u00e9e cons\u00e9cutive"},"content":{"rendered":"<p style=\"text-align: justify;\">C\u2019est \u00e0 Pr\u00e9failles (Loire Atlantique) le 24 mai 2012 que s\u2019est tenue la c\u00e9r\u00e9monie de remise du PAVILLON BLEU 2012 \u00e0 136 communes repr\u00e9sentant 377 plages maritimes ou continentales.<!--more--><\/p>\n<p style=\"text-align: justify;\">\n<figure id=\"attachment_12415\" aria-describedby=\"caption-attachment-12415\" style=\"width: 400px\" class=\"wp-caption alignright\"><a href=\"https:\/\/i0.wp.com\/www.o-p-i.fr\/parlonsen\/wp-content\/uploads\/monclar-pavillon-bleu-2012.jpg?ssl=1\"><img data-recalc-dims=\"1\" loading=\"lazy\" decoding=\"async\" class=\"size-full wp-image-12415\" title=\"Jean-Pierre LECOCQ avec Jean-Luc LE BRIGAND, Maire de PREFAILLES\" src=\"https:\/\/i0.wp.com\/www.o-p-i.fr\/parlonsen\/wp-content\/uploads\/monclar-pavillon-bleu-2012.jpg?resize=400%2C300&#038;ssl=1\" alt=\"Jean-Pierre LECOCQ avec Jean-Luc LE BRIGAND, Maire de PREFAILLES\" width=\"400\" height=\"300\" srcset=\"https:\/\/i0.wp.com\/www.o-p-i.fr\/parlonsen\/wp-content\/uploads\/monclar-pavillon-bleu-2012.jpg?w=400&amp;ssl=1 400w, https:\/\/i0.wp.com\/www.o-p-i.fr\/parlonsen\/wp-content\/uploads\/monclar-pavillon-bleu-2012.jpg?resize=300%2C225&amp;ssl=1 300w\" sizes=\"auto, (max-width: 400px) 100vw, 400px\" \/><\/a><figcaption id=\"caption-attachment-12415\" class=\"wp-caption-text\">Jean-Pierre LECOCQ avec Jean-Luc LE BRIGAND, Maire de PREFAILLES<\/figcaption><\/figure>\n<p style=\"text-align: justify;\"><strong>La Base de Loisirs des 3 Lacs de Monclar de Quercy<\/strong>, repr\u00e9sent\u00e9e par Jean-Pierre LECOCQ, Pr\u00e9sident de l\u2019Office de Tourisme, a re\u00e7u cette prestigieuse r\u00e9compense pour la 4i\u00e8me ann\u00e9e cons\u00e9cutive.<\/p>\n<p style=\"text-align: justify;\">Le Pavillon Bleu est un label environnemental et touristique qui prend en compte l\u2019environnement g\u00e9n\u00e9ral, l\u2019\u00e9ducation \u00e0 l\u2019environnement, la gestion des d\u00e9chets et la gestion de l\u2019eau.<\/p>\n<p style=\"text-align: justify;\">Aujourd\u2019hui 46 pays du monde sur cinq continents participent \u00e0 ce Programme avec un Pavillon Bleu attribu\u00e9 \u00e0 3450 sites en 2012.<\/p>\n<p style=\"text-align: justify;\">Le Pavillon Bleu est un \u00e9colabel reconnu internationalement par les touristes et les voyagistes. Ce label a une tr\u00e8s forte notori\u00e9t\u00e9. Ainsi, 78% des fran\u00e7ais ont envie de passer des vacances ou un s\u00e9jour dans une ville b\u00e9n\u00e9ficiant du pavillon bleu.<\/p>\n<p style=\"text-align: justify;\"><em>Information communiqu\u00e9 par\u00a0 JP. Lecocq<\/em>.<\/p>\n<p style=\"text-align: justify;\"><strong>En savoir + sur &#8230;<\/strong><br \/>\n<a title=\"Ouvre le site dans une nouvelle fen\u00eatre\" href=\"http:\/\/www.pavillonbleu.org\/\" target=\"_blank\">http:\/\/www.pavillonbleu.org\/<\/a><\/p>\n","protected":false},"excerpt":{"rendered":"<div class=\"mh-excerpt\">C\u2019est \u00e0 Pr\u00e9failles (Loire Atlantique) le 24 mai 2012 que s\u2019est tenue la c\u00e9r\u00e9monie de remise du PAVILLON BLEU 2012 \u00e0 136 communes repr\u00e9sentant 377 plages maritimes ou continentales.<\/div>\n","protected":false},"author":2,"featured_media":0,"comment_status":"open","ping_status":"open","sticky":false,"template":"","format":"standard","meta":{"om_disable_all_campaigns":false,"advanced_seo_description":"","jetpack_seo_html_title":"","jetpack_seo_noindex":false,"_jetpack_memberships_contains_paid_content":false,"footnotes":"","_links_to":"","_links_to_target":""},"categories":[1276,55,16,54,1293],"tags":[143,221,2562,462,463,471,777,1333],"class_list":{"0":"post-12414","1":"post","2":"type-post","3":"status-publish","4":"format-standard","6":"category-economie-parlons-en","7":"category-environnement","8":"category-monclar","9":"category-loisirs","10":"category-n-73-mai-2012","11":"tag-monclar-de-quercy","12":"tag-office-de-tourisme","13":"tag-environnement","14":"tag-base-de-loisirs","15":"tag-quercy-vert","16":"tag-vacances","17":"tag-respect-de-lenvironnement","18":"tag-pavillon-bleu"},"jetpack_featured_media_url":"","views":{"total":0,"cached_at":"","cached_date":1738488630},"jetpack_likes_enabled":true,"jetpack_sharing_enabled":true,"jetpack_shortlink":"https:\/\/wp.me\/pg7Wxj-3ee","jetpack-related-posts":[],"_links":{"self":[{"href":"https:\/\/www.o-p-i.fr\/parlonsen\/wp-json\/wp\/v2\/posts\/12414","targetHints":{"allow":["GET"]}}],"collection":[{"href":"https:\/\/www.o-p-i.fr\/parlonsen\/wp-json\/wp\/v2\/posts"}],"about":[{"href":"https:\/\/www.o-p-i.fr\/parlonsen\/wp-json\/wp\/v2\/types\/post"}],"author":[{"embeddable":true,"href":"https:\/\/www.o-p-i.fr\/parlonsen\/wp-json\/wp\/v2\/users\/2"}],"replies":[{"embeddable":true,"href":"https:\/\/www.o-p-i.fr\/parlonsen\/wp-json\/wp\/v2\/comments?post=12414"}],"version-history":[{"count":0,"href":"https:\/\/www.o-p-i.fr\/parlonsen\/wp-json\/wp\/v2\/posts\/12414\/revisions"}],"wp:attachment":[{"href":"https:\/\/www.o-p-i.fr\/parlonsen\/wp-json\/wp\/v2\/media?parent=12414"}],"wp:term":[{"taxonomy":"category","embeddable":true,"href":"https:\/\/www.o-p-i.fr\/parlonsen\/wp-json\/wp\/v2\/categories?post=12414"},{"taxonomy":"post_tag","embeddable":true,"href":"https:\/\/www.o-p-i.fr\/parlonsen\/wp-json\/wp\/v2\/tags?post=12414"}],"curies":[{"name":"wp","href":"https:\/\/api.w.org\/{rel}","templated":true}]}}