{"id":1244,"date":"2009-11-24T15:04:42","date_gmt":"2009-11-24T13:04:42","guid":{"rendered":"\/parlonsen\/?p=1244"},"modified":"2010-11-30T12:25:44","modified_gmt":"2010-11-30T10:25:44","slug":"la-broderie-s%e2%80%99expose-a-%e2%80%a6-le-born","status":"publish","type":"post","link":"https:\/\/www.o-p-i.fr\/parlonsen\/localisation\/au-pays-des-tescous\/le-born\/la-broderie-s%e2%80%99expose-a-%e2%80%a6-le-born\/","title":{"rendered":"La broderie s\u2019expose \u00e0 \u2026 Le Born"},"content":{"rendered":"<p style=\"text-align: justify;\">L\u2019Association Aiguilles et Compagnie vous invite a son exposition de broderie<!--more--> qui aura lieu les <strong>Samedi 28 et Dimanche 29 novembre 2009<\/strong>, \u00e0 la salle des f\u00eates de Le Born de 9h \u00e0 18h.<\/p>\n<p style=\"text-align: justify;\">L\u2019association participe au T\u00e9l\u00e9thon ce jour l\u00e0, en reversant une partie du produit de la vente, comme elle le fait chaque ann\u00e9e.<\/p>\n<p style=\"text-align: justify;\">Venez nombreux !<\/p>\n<p style=\"text-align: justify;\"><a href=\"https:\/\/www.o-p-i.fr\/parlonsen\/agenda\/\" target=\"_self\">Voir l\u2019agenda du Pays<\/a><\/p>\n","protected":false},"excerpt":{"rendered":"<div class=\"mh-excerpt\">L\u2019Association Aiguilles et Compagnie vous invite a son exposition de broderie<\/div>\n","protected":false},"author":2,"featured_media":0,"comment_status":"open","ping_status":"open","sticky":false,"template":"","format":"standard","meta":{"om_disable_all_campaigns":false,"advanced_seo_description":"","jetpack_seo_html_title":"","jetpack_seo_noindex":false,"_jetpack_memberships_contains_paid_content":false,"footnotes":"","_links_to":"","_links_to_target":""},"categories":[91,26,54,141],"tags":[2564,172,174,2549,772],"class_list":{"0":"post-1244","1":"post","2":"type-post","3":"status-publish","4":"format-standard","6":"category-telethon","7":"category-le-born","8":"category-loisirs","9":"category-n-43","10":"tag-telethon","11":"tag-exposition","12":"tag-broderie","13":"tag-le-born","14":"tag-aiguilles-et-compagnie"},"jetpack_featured_media_url":"","views":{"total":0,"cached_at":"","cached_date":1738515450},"jetpack_likes_enabled":true,"jetpack_sharing_enabled":true,"jetpack_shortlink":"https:\/\/wp.me\/pg7Wxj-k4","jetpack-related-posts":[],"_links":{"self":[{"href":"https:\/\/www.o-p-i.fr\/parlonsen\/wp-json\/wp\/v2\/posts\/1244","targetHints":{"allow":["GET"]}}],"collection":[{"href":"https:\/\/www.o-p-i.fr\/parlonsen\/wp-json\/wp\/v2\/posts"}],"about":[{"href":"https:\/\/www.o-p-i.fr\/parlonsen\/wp-json\/wp\/v2\/types\/post"}],"author":[{"embeddable":true,"href":"https:\/\/www.o-p-i.fr\/parlonsen\/wp-json\/wp\/v2\/users\/2"}],"replies":[{"embeddable":true,"href":"https:\/\/www.o-p-i.fr\/parlonsen\/wp-json\/wp\/v2\/comments?post=1244"}],"version-history":[{"count":0,"href":"https:\/\/www.o-p-i.fr\/parlonsen\/wp-json\/wp\/v2\/posts\/1244\/revisions"}],"wp:attachment":[{"href":"https:\/\/www.o-p-i.fr\/parlonsen\/wp-json\/wp\/v2\/media?parent=1244"}],"wp:term":[{"taxonomy":"category","embeddable":true,"href":"https:\/\/www.o-p-i.fr\/parlonsen\/wp-json\/wp\/v2\/categories?post=1244"},{"taxonomy":"post_tag","embeddable":true,"href":"https:\/\/www.o-p-i.fr\/parlonsen\/wp-json\/wp\/v2\/tags?post=1244"}],"curies":[{"name":"wp","href":"https:\/\/api.w.org\/{rel}","templated":true}]}}