{"id":12468,"date":"2012-05-30T15:52:08","date_gmt":"2012-05-30T13:52:08","guid":{"rendered":"\/parlonsen\/?p=12468"},"modified":"2012-05-30T15:56:16","modified_gmt":"2012-05-30T13:56:16","slug":"3ieme-salon-du-livre-20-auteurs-a-rencontrer-et-des-animations-gratuites-a-parisot-82","status":"publish","type":"post","link":"https:\/\/www.o-p-i.fr\/parlonsen\/parlons-en\/culture\/3ieme-salon-du-livre-20-auteurs-a-rencontrer-et-des-animations-gratuites-a-parisot-82\/","title":{"rendered":"3i\u00e8me Salon du Livre : 20 auteurs \u00e0 rencontrer et des animations gratuites ! &#8230;  \u00e0 Parisot (82)"},"content":{"rendered":"<p><strong>Dimanche 10 juin 2012<\/strong>, de 9h \u00e0 12h30 et de 14h \u00e0 18h,  aura lieu la 3i\u00e8me \u00e9dition du Salon du Livre de Parisot.<!--more--><\/p>\n<p style=\"text-align: justify;\">\n<figure id=\"attachment_12469\" aria-describedby=\"caption-attachment-12469\" style=\"width: 350px\" class=\"wp-caption alignright\"><a href=\"https:\/\/i0.wp.com\/www.o-p-i.fr\/parlonsen\/wp-content\/uploads\/parisot2011.jpg?ssl=1\"><img data-recalc-dims=\"1\" loading=\"lazy\" decoding=\"async\" class=\"size-full wp-image-12469\" title=\"Salon du Livre de Parisot - 2011\" src=\"https:\/\/i0.wp.com\/www.o-p-i.fr\/parlonsen\/wp-content\/uploads\/parisot2011.jpg?resize=350%2C263&#038;ssl=1\" alt=\"Salon du Livre de Parisot - 2011\" width=\"350\" height=\"263\" srcset=\"https:\/\/i0.wp.com\/www.o-p-i.fr\/parlonsen\/wp-content\/uploads\/parisot2011.jpg?w=350&amp;ssl=1 350w, https:\/\/i0.wp.com\/www.o-p-i.fr\/parlonsen\/wp-content\/uploads\/parisot2011.jpg?resize=300%2C225&amp;ssl=1 300w\" sizes=\"auto, (max-width: 350px) 100vw, 350px\" \/><\/a><figcaption id=\"caption-attachment-12469\" class=\"wp-caption-text\">Salon du Livre de Parisot - 2011<\/figcaption><\/figure>\n<p style=\"text-align: justify;\">Venez \u00e0 la rencontre de 20 auteurs qui vous pr\u00e9senteront leurs cr\u00e9ations dans divers domaines : romans, po\u00e9sies, jeunesse, BD&#8230; Vous pouvez d\u00e9couvrir la pr\u00e9sentation des auteurs inscrits sur le site 7 \u00e0 lire ! <a title=\"Ouvre le site dans une nouvelle fen\u00eatre\" href=\"https:\/\/www.o-p-i.fr\/7alire\/7-a-lire-actu\/salon-du-livre-7-a-lire-actu\/3ieme-salon-du-livre-d%E2%80%99auteur-de-parisot-82-dimanche-10-juin-2012\/\" target=\"_blank\">CLIQUEZ ICI<\/a>.<\/p>\n<p style=\"text-align: justify;\">Des animations gratuites pour tous seront propos\u00e9es:  cr\u00e9ation de BD, fricass\u00e9e de mots, fabrication d&rsquo;un livre, contes pour enfants&#8230;<\/p>\n<p style=\"text-align: justify;\">Dimanche 10 juin, nous vous donnons rendez vous \u00e0 la salle des f\u00eates, pour le 3i\u00e8me salon du livre.<\/p>\n<p style=\"text-align: justify;\">Entr\u00e9e libre et gratuite<\/p>\n<p><strong>Contact : <\/strong><a title=\"Cliquez pour ouvrir la fiche dans l'annuaire d'OPI\" href=\"https:\/\/www.o-p-i.fr\/aupays\/annuaire\/loisirs\/autriche-et-pays-doc\/\">Autriche et Pays d&rsquo;Oc<\/a><br \/>\nSite : <a href=\"https:\/\/www.o-p-i.fr\/7alire\/\">www.o-p-i.fr\/7alire\/<\/a><\/p>\n<p><em>Communiqu\u00e9 et photo : Robert Linas<\/em><\/p>\n<p><a href=\"https:\/\/www.o-p-i.fr\/parlonsen\/agenda\/\"><strong>Retrouvez tous les \u00e9v\u00e8nements dans l&rsquo;agenda !<\/strong><\/a><\/p>\n","protected":false},"excerpt":{"rendered":"<div class=\"mh-excerpt\">Dimanche 10 juin 2012, de 9h \u00e0 12h30 et de 14h \u00e0 18h, aura lieu la 3i\u00e8me \u00e9dition du Salon du Livre de Parisot.<\/div>\n","protected":false},"author":2,"featured_media":0,"comment_status":"open","ping_status":"open","sticky":false,"template":"","format":"standard","meta":{"om_disable_all_campaigns":false,"advanced_seo_description":"","jetpack_seo_html_title":"","jetpack_seo_noindex":false,"_jetpack_memberships_contains_paid_content":false,"footnotes":"","_links_to":"","_links_to_target":""},"categories":[4,42,1,54,1330],"tags":[323,330,337,424,498,678,1141,145,146,147,234],"class_list":{"0":"post-12468","1":"post","2":"type-post","3":"status-publish","4":"format-standard","6":"category-commerce","7":"category-a-cote-de-chez-nous","8":"category-culture","9":"category-loisirs","10":"category-n-74-juin-2012","11":"tag-enfant","12":"tag-rencontre","13":"tag-parisot","14":"tag-livre","15":"tag-salon","16":"tag-salon-du-livre","17":"tag-bd","18":"tag-animation","19":"tag-auteur","20":"tag-dedicace","21":"tag-conference"},"jetpack_featured_media_url":"","views":{"total":0,"cached_at":"","cached_date":1738529308},"jetpack_likes_enabled":true,"jetpack_sharing_enabled":true,"jetpack_shortlink":"https:\/\/wp.me\/pg7Wxj-3f6","jetpack-related-posts":[],"_links":{"self":[{"href":"https:\/\/www.o-p-i.fr\/parlonsen\/wp-json\/wp\/v2\/posts\/12468","targetHints":{"allow":["GET"]}}],"collection":[{"href":"https:\/\/www.o-p-i.fr\/parlonsen\/wp-json\/wp\/v2\/posts"}],"about":[{"href":"https:\/\/www.o-p-i.fr\/parlonsen\/wp-json\/wp\/v2\/types\/post"}],"author":[{"embeddable":true,"href":"https:\/\/www.o-p-i.fr\/parlonsen\/wp-json\/wp\/v2\/users\/2"}],"replies":[{"embeddable":true,"href":"https:\/\/www.o-p-i.fr\/parlonsen\/wp-json\/wp\/v2\/comments?post=12468"}],"version-history":[{"count":0,"href":"https:\/\/www.o-p-i.fr\/parlonsen\/wp-json\/wp\/v2\/posts\/12468\/revisions"}],"wp:attachment":[{"href":"https:\/\/www.o-p-i.fr\/parlonsen\/wp-json\/wp\/v2\/media?parent=12468"}],"wp:term":[{"taxonomy":"category","embeddable":true,"href":"https:\/\/www.o-p-i.fr\/parlonsen\/wp-json\/wp\/v2\/categories?post=12468"},{"taxonomy":"post_tag","embeddable":true,"href":"https:\/\/www.o-p-i.fr\/parlonsen\/wp-json\/wp\/v2\/tags?post=12468"}],"curies":[{"name":"wp","href":"https:\/\/api.w.org\/{rel}","templated":true}]}}