{"id":12474,"date":"2012-05-30T17:36:36","date_gmt":"2012-05-30T15:36:36","guid":{"rendered":"\/parlonsen\/?p=12474"},"modified":"2012-05-30T17:36:36","modified_gmt":"2012-05-30T15:36:36","slug":"12-heures-festives-et-conviviales-contre-le-cancer-a-monclar-de-quercy","status":"publish","type":"post","link":"https:\/\/www.o-p-i.fr\/parlonsen\/localisation\/au-pays-des-tescous\/monclar\/12-heures-festives-et-conviviales-contre-le-cancer-a-monclar-de-quercy\/","title":{"rendered":"12 heures festives et conviviales contre le cancer !  &#8230; \u00e0 Monclar de Quercy"},"content":{"rendered":"<p style=\"text-align: justify;\">Le <strong>Comit\u00e9 du Tarn et Garonne de la Ligue contre le cancer<\/strong> organise son <strong>Relais pour la vie <\/strong>! Participez aux 12 heures festives et conviviales contre le cancer ! <strong>Samedi 16 juin 2012 <\/strong>\u00e0 Monclar de Quercy de 11 heures \u00e0 23 heures.<!--more--><\/p>\n<p style=\"text-align: justify;\">\nLe samedi 16 juin aura lieu le Relais pour la vie dans le Tarn et Garonne ! Devenu un \u00e9v\u00e8nement incontournable au niveau national, le Relais pour la vie est un moment festif de partage, de rencontres et d\u2019\u00e9changes autour d\u2019un challenge solidaire. Le Comit\u00e9 du 82 de la Ligue contre le cancer vous offre la possibilit\u00e9 de contribuer \u00e0 la lutte contre le cancer et de rendre hommage aux personnes touch\u00e9es par la maladie en participant aux grands moments de convivialit\u00e9 du Relais pour la vie.<\/p>\n<h4>Le Relais pour la vie\u2026 un d\u00e9fi ambitieux : se mobiliser contre la maladie<\/h4>\n<p style=\"text-align: justify;\">Le Relais pour la vie est l\u2019\u00e9v\u00e8nement phare de lutte contre le cancer dans votre d\u00e9partement ! Le temps d\u2019un week-end, des \u00e9quipes d\u2019une dizaine de personnes ou plus (amis, coll\u00e8gues, familles, etc.) se relaient pour marcher ou courir et relever le d\u00e9fi pendant 12 heures non-stop, autour d\u2019une piste. Ce challenge solidaire symbolise les d\u00e9fis relev\u00e9s au quotidien par les personnes malades.<br \/>\nMonsieur Jean Paul Albert Maire de Monclar de Quercy avec toute sa commune se sont investis avec La Ligue Contre le Cancer pour l\u2019organisation de ce premier Relais pour la Vie dans notre r\u00e9gion Midi Pyr\u00e9n\u00e9es.<\/p>\n<h4>Les Relais pour la vie\u2026 des activit\u00e9s festives, culturelles et sportives<\/h4>\n<p style=\"text-align: justify;\">Les Relais pour la vie sont avant tout de grandes f\u00eates populaires et familiales, m\u00ealant challenge sportif et d\u00e9tente. Des manifestations culturelles sont organis\u00e9es sur le village cr\u00e9\u00e9 sp\u00e9cialement pour l\u2019\u00e9v\u00e8nement : ateliers, expositions, jeux pour petits et grands, concerts\u2026 C\u2019est \u00e9galement le moment d\u2019\u00e9changer et d\u2019informer le public sur les missions de la Ligue via des stands de pr\u00e9vention install\u00e9s sur le site.<br \/>\nLe Relais pour la vie\u2026 rythm\u00e9 par des temps forts pendant 12 heures Le Relais pour la vie est un rassemblement qui offre \u00e0 tous les participants une chance de contribuer \u00e0 la lutte contre le cancer. Plusieurs temps forts rythment cette manifestation de 12 heures : &#8211; le tour d\u2019honneur des survivants donne le d\u00e9part du Relais pour la vie. Les malades ou anciens malades effectuent le premier tour de piste et contribuent ainsi \u00e0 changer le regard que l\u2019on porte sur eux en t\u00e9moignant qu\u2019il y a une vie pendant et apr\u00e8s le cancer. En constituant un point de d\u00e9part \u00e9mouvant, ce temps fort rappelle aux personnes pr\u00e9sentes la raison de leur participation au Relais pour la vie.<br \/>\n&#8211; la c\u00e9r\u00e9monie des lumi\u00e8res, \u00e0 la tomb\u00e9e de la nuit, rend hommage aux proches disparus. Si le Relais pour la vie est avant tout un \u00e9v\u00e9nement festif, il est aussi l\u2019occasion de se recueillir. Des bougies comportant des messages illuminent le site toute la nuit. Elle est assur\u00e9ment un des moments du Relais dont les spectateurs et les participants se souviendront. &#8211; la c\u00e9r\u00e9monie de cl\u00f4ture f\u00e9licite l\u2019esprit d\u2019\u00e9quipe et les efforts des participants. Le Relais se termine par un dernier tour de piste qui constitue un immense moment de fiert\u00e9 pour celles et ceux qui luttent contre le cancer.<\/p>\n<h4>Le Relais pour la vie\u2026 des objectifs pr\u00e9cis<\/h4>\n<p style=\"text-align: justify;\">Le Relais pour la vie va permettre au Comit\u00e9 du Tarn et Garonne de la Ligue contre le cancer de :<\/p>\n<ul>\n<li> collecter des dons pour soutenir le projet d\u2019accompagnement des malades et leur famille pendant et apr\u00e8s les traitements pour une meilleure qualit\u00e9 de vie.<\/li>\n<\/ul>\n<p style=\"text-align: justify;\">Mais aussi :<\/p>\n<ul>\n<li> sensibiliser le plus grand nombre aux actions r\u00e9alis\u00e9es par la Ligue, dans une atmosph\u00e8re festive et conviviale ;<\/li>\n<li>modifier l\u2019image que la soci\u00e9t\u00e9 porte sur les personnes atteintes de cancer ;<\/li>\n<li>informer et v\u00e9hiculer des messages de pr\u00e9vention ;<\/li>\n<li>faire honneur aux \u00ab survivants \u00bb (c\u2019est-\u00e0-dire toute personne qui a ou qui a eu un cancer) et apporter un r\u00e9confort moral \u00e0 ceux qui luttent quotidiennement contre le cancer.<\/li>\n<\/ul>\n<p style=\"text-align: justify;\">\u00ab Le Relais pour la vie a acquis, gr\u00e2ce \u00e0 vous tous \u00e9galement, une pertinence s\u2019affirmant d\u2019ann\u00e9e en ann\u00e9e comme un fer de lance dans la lutte contre le cancer. Il renforce sans conteste cette magnifique chaine de solidarit\u00e9, tellement n\u00e9cessaire, entre patients et soignants, proches et bien-portants, et en impliquant les acteurs de la soci\u00e9t\u00e9 civile \u00bb explique Catherine SIMONIN Pr\u00e9sidente de la Ligue contre le cancer.<\/p>\n<figure style=\"width: 372px\" class=\"wp-caption alignright\"><a href=\"Monclar de Quercy (82)\"><img data-recalc-dims=\"1\" loading=\"lazy\" decoding=\"async\" title=\"Monclar de Quercy (82)\" src=\"https:\/\/i0.wp.com\/www.o-p-i.fr\/parlonsen\/wp-content\/uploads\/relaispourlavie2012.jpg?resize=372%2C524&#038;ssl=1\" alt=\"Monclar de Quercy (82)\" width=\"372\" height=\"524\" \/><\/a><figcaption class=\"wp-caption-text\">Monclar de Quercy (82)<\/figcaption><\/figure>\n<h4>Le Relais pour la vie\u2026 DJ Fou (ancien membre du collectif m\u00e9tiss\u00e9) et Andr\u00e9 BONIFACE (ancien international de rugby)<\/h4>\n<p style=\"text-align: justify;\">Ancien membre du Collectif M\u00e9tiss\u00e9, DJ Fou s\u2019est fait connaitre avec son titre Je mets le Wai et a poursuivi sa carri\u00e8re en tant que disc-jockey dans toutes les discoth\u00e8ques de France.<br \/>\nAncien joueur de rugby, Andr\u00e9 Boniface compte 48 s\u00e9lections en \u00e9quipe de France et 5 victoires au tournoi des 6 Nations.<\/p>\n<h4><\/h4>\n<h4>Le Relais pour la vie\u2026 au programme<\/h4>\n<ul>\n<li> 10h45 Discours d\u2019ouverture<\/li>\n<li> 11h00 Lancement du Relais par le Tour des survivants<\/li>\n<li> 11h30 D\u00e9monstration de danses occitanes par Los Carcinols<\/li>\n<li> 12h30 D\u00e9monstration de danse country par Country Evasion<\/li>\n<li> 13h30 \u00c9cole de musique Cantabile<\/li>\n<li> 14h30 D\u00e9monstration de danses orientales<\/li>\n<li> 15h00 Animation musicale avec la Chorale du Prieur\u00e9 de Monclar-de- Quercy<\/li>\n<li> 15h30 D\u00e9monstration de gymnastique avec la Gym Monclar-de-Quercy<\/li>\n<li> 16h00 D\u00e9monstration de danses Tahitiennes<\/li>\n<li> 16h20 D\u00e9monstration de danses africaines avec Sank\u00e9 danse de Monclar de Quercy<\/li>\n<li> 16h45 D\u00e9monstration de Zumba<\/li>\n<li> 17h30 Tirage de la tombola<\/li>\n<li> 18h00 Trompes de chasse<\/li>\n<li> 18h30 Groupe folklorique Los Carcinols<\/li>\n<li> 19h45 Groupe de rock Lorelei<\/li>\n<li> 22h30 C\u00e9r\u00e9monie des Lumi\u00e8res, trompes de chasse, suivi du feu d\u2019artifice<\/li>\n<li> 23h00 Dernier tour de tous les participants<\/li>\n<li> 23h30 Animation avec DJ Flow<\/li>\n<li> 20h00 Repas de Gala anim\u00e9 les danses S\u00e9villanes, Alexandra et L\u00e9a et le Duo Honey<\/li>\n<\/ul>\n<h4 style=\"text-align: center;\">Animation toute la journ\u00e9e assur\u00e9e par DJ Flow et Alain Pasche<br \/>\nStands sportifs, culturels, information et pr\u00e9vention, di\u00e9t\u00e9tique.<br \/>\nAnimations pour les enfants<\/h4>\n<h4 style=\"text-align: justify;\">Vous aussi, M.O.B.I.L.I.S.E.Z V.O.U.S !! Participez au Relais pour la vie le 16 juin 2012 MONCLAR DE QUERCY De 11 heures \u00e0 23 heures<\/h4>\n<p style=\"text-align: justify;\">Diff\u00e9rentes mani\u00e8res de participer\u2026<br \/>\n1\/ Participer au Relais en marchant ou en courant pendant 24 heures Vous pouvez soit cr\u00e9er une \u00e9quipe, soit rejoindre une \u00e9quipe existante.<br \/>\nPour vous inscrire : <a title=\"Ouvre le site dans une nouvelle fen\u00eatre\" href=\"http:\/\/www.relaispourlavie.net\" target=\"_blank\">www.relaispourlavie.net<\/a><br \/>\n2\/ Faire un don En associant la solidarit\u00e9 \u00e0 votre engagement lors du Relais pour la vie, vous financez un projet concret en faveur des personnes malades de votre d\u00e9partement ! Pour aider la Ligue, faites un don avant, pendant et apr\u00e8s les 12 heures du Relais.<br \/>\nPour faire un don ou pour d\u00e9couvrir le projet de votre d\u00e9partement : <a title=\"Ouvre le site dans une nouvelle fen\u00eatre\" href=\"http:\/\/www.relaispourlavie.net\" target=\"_blank\">www.relaispourlavie.net<\/a>, rubrique \u2018gr\u00e2ce \u00e0 vous\u2019.<br \/>\n3\/ Inviter vos proches \u00e0 devenir vos supporters En aidant financi\u00e8rement une \u00e9quipe \u00e0 atteindre son objectif de collecte, vous permettez au Comit\u00e9 d\u00e9partemental de concr\u00e9tiser son projet d\u2019actions en faveur des malades. Gr\u00e2ce \u00e0 vous, si chacun r\u00e9ussit \u00e0 collecter aupr\u00e8s de ses proches, nous pourrons atteindre les financements requis pour notre projet !<br \/>\n4\/ \u00catre b\u00e9n\u00e9vole : Vous souhaitez r\u00e9aliser un spectacle, une d\u00e9monstration, une animation ou \u00eatre b\u00e9n\u00e9vole au cours de la manifestation, contactez les organisateurs. Toutes les coordonn\u00e9es sur <a title=\"Ouvre le site dans une nouvelle fen\u00eatre\" href=\"http:\/\/www.relaispourlavie.net\" target=\"_blank\">www.relaispourlavie.net<\/a>, rubrique \u00ab contacts \u00bb de chaque Relais.<br \/>\n5\/ Assister au Relais pour la vie Vous souhaitez passer un moment de convivialit\u00e9 en famille ou avec des amis : d\u00e9couverte des artistes sur sc\u00e8ne, participation \u00e0 diff\u00e9rentes activit\u00e9s propos\u00e9es, visite des stands. D\u00e9jeuner et d\u00eener sur place.<\/p>\n<blockquote>\n<p style=\"text-align: justify;\">\n<h3><strong>\u00c0 propos de la Ligue contre le cancer<\/strong><\/h3>\n<p style=\"text-align: justify;\">Association loi 1901 reconnue d\u2019utilit\u00e9 publique et premier financeur priv\u00e9 de la recherche contre le cancer, la Ligue contre le cancer est une organisation non-gouvernementale ind\u00e9pendante reposant sur la g\u00e9n\u00e9rosit\u00e9 du public et sur l\u2019engagement de ses militants. Forte de plus de 727 000 adh\u00e9rents et 12 000 b\u00e9n\u00e9voles r\u00e9guliers, la Ligue est un mouvement populaire organis\u00e9 en une f\u00e9d\u00e9ration de 103 Comit\u00e9s d\u00e9partementaux. Ensemble, ils luttent dans trois directions compl\u00e9mentaires : chercher pour gu\u00e9rir, pr\u00e9venir pour prot\u00e9ger, accompagner pour aider. Aujourd\u2019hui, la Ligue fait de la lutte contre le cancer un enjeu soci\u00e9tal rassemblant de nombreuses personnes sur tous les territoires, dans tous les milieux sociaux, culturels et \u00e9conomiques. La Ligue contre le cancer devient ainsi un acteur majeur de la d\u00e9mocratie sanitaire et sociale renfor\u00e7ant la coh\u00e9sion sociale sur tout le territoire national y compris dans les DOM-TOM.<br \/>\n<strong>Pour en savoir plus : <\/strong><a title=\"Ouvre le site dans une nouvelle fen\u00eatre\" href=\"http:\/\/www.ligue-cancer.net \" target=\"_blank\">www.ligue-cancer.net <\/a>\/ <a title=\"Ouvre le site dans une nouvelle fen\u00eatre\" href=\"https:\/\/www.facebook.com\/laliguecontrelecancer\" target=\"_blank\">facebook.com\/laliguecontrelecancer <\/a>\/ <a title=\"Ouvre le site dans une nouvelle fen\u00eatre\" href=\"http:\/\/twitter.com\/#!\/laliguecancer\" target=\"_blank\">twitter.com\/laliguecancer<\/a>.<\/p><\/blockquote>\n<p style=\"text-align: justify;\"><strong>Contact : <\/strong>Ligue contre le Cancer\u00a0 Comit\u00e9 D\u00e9partemental 82<br \/>\nCourriel : cd82@ligue-cancer.net<\/p>\n<p style=\"text-align: justify;\"><em>Communiqu\u00e9 d&rsquo;Elisabeth Bergue<\/em><\/p>\n","protected":false},"excerpt":{"rendered":"<div class=\"mh-excerpt\">Le Comit\u00e9 du Tarn et Garonne de la Ligue contre le cancer organise son Relais pour la vie ! Participez aux 12 heures festives et conviviales contre le cancer ! Samedi 16 juin 2012 \u00e0 <a class=\"mh-excerpt-more\" href=\"https:\/\/www.o-p-i.fr\/parlonsen\/localisation\/au-pays-des-tescous\/monclar\/12-heures-festives-et-conviviales-contre-le-cancer-a-monclar-de-quercy\/\" title=\"12 heures festives et conviviales contre le cancer !  &#8230; \u00e0 Monclar de Quercy\">[&#8230;]<\/a><\/div>\n","protected":false},"author":2,"featured_media":0,"comment_status":"open","ping_status":"open","sticky":false,"template":"","format":"standard","meta":{"om_disable_all_campaigns":false,"advanced_seo_description":"","jetpack_seo_html_title":"","jetpack_seo_noindex":false,"_jetpack_memberships_contains_paid_content":false,"footnotes":"","_links_to":"","_links_to_target":""},"categories":[290,16,58,1330],"tags":[38,121,143,145,157,735,1203,1206,1207],"class_list":{"0":"post-12474","1":"post","2":"type-post","3":"status-publish","4":"format-standard","6":"category-entraide","7":"category-monclar","8":"category-sante","9":"category-n-74-juin-2012","10":"tag-sport","11":"tag-association","12":"tag-monclar-de-quercy","13":"tag-animation","14":"tag-repas","15":"tag-soutien","16":"tag-cancer","17":"tag-relais-pour-la-vie","18":"tag-la-ligue-contre-le-cancer"},"jetpack_featured_media_url":"","views":{"total":0,"cached_at":"","cached_date":1738283771},"jetpack_likes_enabled":true,"jetpack_sharing_enabled":true,"jetpack_shortlink":"https:\/\/wp.me\/pg7Wxj-3fc","jetpack-related-posts":[],"_links":{"self":[{"href":"https:\/\/www.o-p-i.fr\/parlonsen\/wp-json\/wp\/v2\/posts\/12474","targetHints":{"allow":["GET"]}}],"collection":[{"href":"https:\/\/www.o-p-i.fr\/parlonsen\/wp-json\/wp\/v2\/posts"}],"about":[{"href":"https:\/\/www.o-p-i.fr\/parlonsen\/wp-json\/wp\/v2\/types\/post"}],"author":[{"embeddable":true,"href":"https:\/\/www.o-p-i.fr\/parlonsen\/wp-json\/wp\/v2\/users\/2"}],"replies":[{"embeddable":true,"href":"https:\/\/www.o-p-i.fr\/parlonsen\/wp-json\/wp\/v2\/comments?post=12474"}],"version-history":[{"count":0,"href":"https:\/\/www.o-p-i.fr\/parlonsen\/wp-json\/wp\/v2\/posts\/12474\/revisions"}],"wp:attachment":[{"href":"https:\/\/www.o-p-i.fr\/parlonsen\/wp-json\/wp\/v2\/media?parent=12474"}],"wp:term":[{"taxonomy":"category","embeddable":true,"href":"https:\/\/www.o-p-i.fr\/parlonsen\/wp-json\/wp\/v2\/categories?post=12474"},{"taxonomy":"post_tag","embeddable":true,"href":"https:\/\/www.o-p-i.fr\/parlonsen\/wp-json\/wp\/v2\/tags?post=12474"}],"curies":[{"name":"wp","href":"https:\/\/api.w.org\/{rel}","templated":true}]}}