{"id":12501,"date":"2012-06-04T23:00:27","date_gmt":"2012-06-04T21:00:27","guid":{"rendered":"\/parlonsen\/?p=12501"},"modified":"2012-06-05T10:01:53","modified_gmt":"2012-06-05T08:01:53","slug":"de-danse-et-dailleurs-fait-son-spectacle-de-fin-dannee-a-montauban","status":"publish","type":"post","link":"https:\/\/www.o-p-i.fr\/parlonsen\/localisation\/au-pays-des-tescous\/montdurausse\/de-danse-et-dailleurs-fait-son-spectacle-de-fin-dannee-a-montauban\/","title":{"rendered":"De danse et d&rsquo;ailleurs fait son spectacle de fin d&rsquo;ann\u00e9e &#8230; \u00e0 Montauban"},"content":{"rendered":"<p>Les \u00e9l\u00e8ves de Diane JEAN-SLONINSKI de Montdurausse (81), pr\u00e9senteront leur spectacle le <strong>Mercredi 6 juin 2012 <\/strong>au Th\u00e9\u00e2tre du VO \u00e0 Montauban \u00e0 19h.<!--more--><br \/>\n<strong><\/strong><\/p>\n<figure id=\"attachment_12503\" aria-describedby=\"caption-attachment-12503\" style=\"width: 600px\" class=\"wp-caption aligncenter\"><strong><a href=\"https:\/\/i0.wp.com\/www.o-p-i.fr\/parlonsen\/wp-content\/uploads\/spectacle-06062012.jpg?ssl=1\"><img data-recalc-dims=\"1\" loading=\"lazy\" decoding=\"async\" class=\"size-full wp-image-12503\" title=\"Montauban (82)\" src=\"https:\/\/i0.wp.com\/www.o-p-i.fr\/parlonsen\/wp-content\/uploads\/spectacle-06062012.jpg?resize=600%2C271&#038;ssl=1\" alt=\"Montauban (82)\" width=\"600\" height=\"271\" srcset=\"https:\/\/i0.wp.com\/www.o-p-i.fr\/parlonsen\/wp-content\/uploads\/spectacle-06062012.jpg?w=600&amp;ssl=1 600w, https:\/\/i0.wp.com\/www.o-p-i.fr\/parlonsen\/wp-content\/uploads\/spectacle-06062012.jpg?resize=300%2C135&amp;ssl=1 300w\" sizes=\"auto, (max-width: 600px) 100vw, 600px\" \/><\/a><\/strong><figcaption id=\"caption-attachment-12503\" class=\"wp-caption-text\">Montauban (82)<\/figcaption><\/figure>\n<p><strong><br \/>\nTarifs :<\/strong><br \/>\nEntr\u00e9e : 5\u20ac<br \/>\n<strong><br \/>\nPour y aller &#8230;<\/strong><br \/>\nEspace Culturel le VO<br \/>\n<a title=\"Ouvre le plan dans une nouvelle fen\u00eatre\" href=\"https:\/\/maps.google.fr\/maps?q=1899+Chemin+de+Paulet+82000+Montauban&amp;hl=fr&amp;ie=UTF8&amp;oe=utf-8&amp;client=firefox-a&amp;hnear=1899+Chemin+de+Paulet,+82000+Montauban,+Tarn-Et-Garonne,+Midi-Pyr%C3%A9n%C3%A9es&amp;t=m&amp;z=16\" target=\"_blank\">1899 Chemin de Paulet<br \/>\n82000 Montauban<\/a><\/p>\n<p><strong>Contact : <\/strong><a title=\"Cliquez pour ouvrir la fiche dans l'annuaire d'OPI\" href=\"https:\/\/www.o-p-i.fr\/aupays\/annuaire\/loisirs\/de-danse-et-dailleurs\/\">De danse et d&rsquo;ailleurs<\/a><\/p>\n<p><em>Communiqu\u00e9 et photo : Diane Jean Sloninski<\/em><\/p>\n<p><a href=\"https:\/\/www.o-p-i.fr\/parlonsen\/agenda\/\"><strong>Retrouvez tous les \u00e9v\u00e8nements dans l&rsquo;agenda !<\/strong><\/a><\/p>\n","protected":false},"excerpt":{"rendered":"<div class=\"mh-excerpt\">Les \u00e9l\u00e8ves de Diane JEAN-SLONINSKI de Montdurausse (81), pr\u00e9senteront leur spectacle le Mercredi 6 juin 2012 au Th\u00e9\u00e2tre du VO \u00e0 Montauban \u00e0 19h.<\/div>\n","protected":false},"author":2,"featured_media":0,"comment_status":"open","ping_status":"open","sticky":false,"template":"","format":"standard","meta":{"om_disable_all_campaigns":false,"advanced_seo_description":"","jetpack_seo_html_title":"","jetpack_seo_noindex":false,"_jetpack_memberships_contains_paid_content":false,"footnotes":"","_links_to":"","_links_to_target":""},"categories":[42,54,32,53,1330],"tags":[84,2555,99,132,179,562,821],"class_list":{"0":"post-12501","1":"post","2":"type-post","3":"status-publish","4":"format-standard","6":"category-a-cote-de-chez-nous","7":"category-loisirs","8":"category-montdurausse","9":"category-sports","10":"category-n-74-juin-2012","11":"tag-danse","12":"tag-montdurausse","13":"tag-montauban","14":"tag-spectacle","15":"tag-cours","16":"tag-gala","17":"tag-diane-jean-sloninski"},"jetpack_featured_media_url":"","views":{"total":0,"cached_at":"","cached_date":1738439671},"jetpack_likes_enabled":true,"jetpack_sharing_enabled":true,"jetpack_shortlink":"https:\/\/wp.me\/pg7Wxj-3fD","jetpack-related-posts":[],"_links":{"self":[{"href":"https:\/\/www.o-p-i.fr\/parlonsen\/wp-json\/wp\/v2\/posts\/12501","targetHints":{"allow":["GET"]}}],"collection":[{"href":"https:\/\/www.o-p-i.fr\/parlonsen\/wp-json\/wp\/v2\/posts"}],"about":[{"href":"https:\/\/www.o-p-i.fr\/parlonsen\/wp-json\/wp\/v2\/types\/post"}],"author":[{"embeddable":true,"href":"https:\/\/www.o-p-i.fr\/parlonsen\/wp-json\/wp\/v2\/users\/2"}],"replies":[{"embeddable":true,"href":"https:\/\/www.o-p-i.fr\/parlonsen\/wp-json\/wp\/v2\/comments?post=12501"}],"version-history":[{"count":0,"href":"https:\/\/www.o-p-i.fr\/parlonsen\/wp-json\/wp\/v2\/posts\/12501\/revisions"}],"wp:attachment":[{"href":"https:\/\/www.o-p-i.fr\/parlonsen\/wp-json\/wp\/v2\/media?parent=12501"}],"wp:term":[{"taxonomy":"category","embeddable":true,"href":"https:\/\/www.o-p-i.fr\/parlonsen\/wp-json\/wp\/v2\/categories?post=12501"},{"taxonomy":"post_tag","embeddable":true,"href":"https:\/\/www.o-p-i.fr\/parlonsen\/wp-json\/wp\/v2\/tags?post=12501"}],"curies":[{"name":"wp","href":"https:\/\/api.w.org\/{rel}","templated":true}]}}