{"id":12546,"date":"2012-06-05T17:11:04","date_gmt":"2012-06-05T15:11:04","guid":{"rendered":"\/parlonsen\/?p=12546"},"modified":"2012-06-05T17:11:04","modified_gmt":"2012-06-05T15:11:04","slug":"gala-de-danse-de-quercy-jazz-a-genebrieres","status":"publish","type":"post","link":"https:\/\/www.o-p-i.fr\/parlonsen\/localisation\/au-pays-des-tescous\/genebrieres\/gala-de-danse-de-quercy-jazz-a-genebrieres\/","title":{"rendered":"Gala de danse de Quercy Jazz &#8230; \u00e0 G\u00e9n\u00e9bri\u00e8res"},"content":{"rendered":"<p>L&rsquo;association Quercy Jazz vous invite \u00e0 son gala de danse annuel qui aura lieu <strong>Samedi 9 Juin 2012<\/strong> \u00e0 partir de 21 heures, \u00e0 la salle des f\u00eates du village.  <!--more--><\/p>\n<p><strong><\/strong><\/p>\n<p><strong> <\/strong><\/p>\n<figure id=\"attachment_12547\" aria-describedby=\"caption-attachment-12547\" style=\"width: 320px\" class=\"wp-caption alignright\"><strong><a href=\"https:\/\/i0.wp.com\/www.o-p-i.fr\/parlonsen\/wp-content\/uploads\/quercyjazzgala2012.jpg?ssl=1\"><img data-recalc-dims=\"1\" loading=\"lazy\" decoding=\"async\" class=\"size-full wp-image-12547 \" title=\"G\u00e9n\u00e9bri\u00e8res (82)\" src=\"https:\/\/i0.wp.com\/www.o-p-i.fr\/parlonsen\/wp-content\/uploads\/quercyjazzgala2012.jpg?resize=320%2C456&#038;ssl=1\" alt=\"G\u00e9n\u00e9bri\u00e8res (82)\" width=\"320\" height=\"456\" srcset=\"https:\/\/i0.wp.com\/www.o-p-i.fr\/parlonsen\/wp-content\/uploads\/quercyjazzgala2012.jpg?w=400&amp;ssl=1 400w, https:\/\/i0.wp.com\/www.o-p-i.fr\/parlonsen\/wp-content\/uploads\/quercyjazzgala2012.jpg?resize=210%2C300&amp;ssl=1 210w\" sizes=\"auto, (max-width: 320px) 100vw, 320px\" \/><\/a><\/strong><figcaption id=\"caption-attachment-12547\" class=\"wp-caption-text\">G\u00e9n\u00e9bri\u00e8res (82)<\/figcaption><\/figure>\n<p><strong>Date : <\/strong>09\/06\/12<br \/>\n<strong> Horaires : <\/strong>\u00e0 partir de 21h.<\/p>\n<p><strong> Pour y aller &#8230;<\/strong><br \/>\n<a title=\"Ouvre le plan dans une nouvelle fen\u00eatre\" href=\"https:\/\/maps.google.fr\/maps?q=82230+G%C3%A9n%C3%A9bri%C3%A8res&amp;hl=fr&amp;ie=UTF8&amp;sll=43.949484,1.491276&amp;sspn=0.188348,0.445976&amp;oq=+82230+GENEBRIERES&amp;hnear=G%C3%A9n%C3%A9bri%C3%A8res,+Tarn-Et-Garonne,+Midi-Pyr%C3%A9n%C3%A9es&amp;t=m&amp;z=14\" target=\"_blank\">Salle des F\u00eates<br \/>\n82230 GENEBRIERES<\/a><\/p>\n<p><strong> Organisateur : <\/strong><a title=\"Cliquez pour ouvrir la fiche dans l'annuaire d'OPI\" href=\"https:\/\/www.o-p-i.fr\/aupays\/annuaire\/loisirs\/quercy-jazz\/\">QUERCY JAZZ<\/a><\/p>\n<p><strong> Contact  : <\/strong><a title=\"Cliquez pour ouvrir la fiche dans l'annuaire d'OPI\" href=\"https:\/\/www.o-p-i.fr\/aupays\/annuaire\/loisirs\/quercy-jazz\/\">Quercy Jazz<\/a><\/p>\n<p><a href=\"https:\/\/i0.wp.com\/www.o-p-i.fr\/parlonsen\/wp-content\/uploads\/galaquercyjazz.jpg?ssl=1\"><img data-recalc-dims=\"1\" loading=\"lazy\" decoding=\"async\" class=\"alignnone size-thumbnail wp-image-12548\" title=\"galaquercyjazz\" src=\"https:\/\/i0.wp.com\/www.o-p-i.fr\/parlonsen\/wp-content\/uploads\/galaquercyjazz.jpg?resize=150%2C150&#038;ssl=1\" alt=\"galaquercyjazz\" width=\"150\" height=\"150\" srcset=\"https:\/\/i0.wp.com\/www.o-p-i.fr\/parlonsen\/wp-content\/uploads\/galaquercyjazz.jpg?resize=150%2C150&amp;ssl=1 150w, https:\/\/i0.wp.com\/www.o-p-i.fr\/parlonsen\/wp-content\/uploads\/galaquercyjazz.jpg?zoom=2&amp;resize=150%2C150&amp;ssl=1 300w\" sizes=\"auto, (max-width: 150px) 100vw, 150px\" \/><\/a><br \/>\n<em>Information communiqu\u00e9e par Corine SANGLA, organisateur de la manifestation<br \/>\nPhoto : archives Robert Linas<br \/>\n<\/em><\/p>\n<p><a href=\"https:\/\/www.o-p-i.fr\/parlonsen\/agenda\/\"><strong>Retrouvez tous les \u00e9v\u00e8nements dans l&rsquo;agenda !<\/strong><\/a><\/p>\n","protected":false},"excerpt":{"rendered":"<div class=\"mh-excerpt\">L&rsquo;association Quercy Jazz vous invite \u00e0 son gala de danse annuel qui aura lieu Samedi 9 Juin 2012 \u00e0 partir de 21 heures, \u00e0 la salle des f\u00eates du village.<\/div>\n","protected":false},"author":2,"featured_media":0,"comment_status":"open","ping_status":"open","sticky":false,"template":"","format":"standard","meta":{"om_disable_all_campaigns":false,"advanced_seo_description":"","jetpack_seo_html_title":"","jetpack_seo_noindex":false,"_jetpack_memberships_contains_paid_content":false,"footnotes":"","_links_to":"","_links_to_target":""},"categories":[29,54,53,1330],"tags":[84,2552,432,562],"class_list":{"0":"post-12546","1":"post","2":"type-post","3":"status-publish","4":"format-standard","6":"category-genebrieres","7":"category-loisirs","8":"category-sports","9":"category-n-74-juin-2012","10":"tag-danse","11":"tag-genebrieres","12":"tag-quercy-jazz","13":"tag-gala"},"jetpack_featured_media_url":"","views":{"total":0,"cached_at":"","cached_date":1738228904},"jetpack_likes_enabled":true,"jetpack_sharing_enabled":true,"jetpack_shortlink":"https:\/\/wp.me\/pg7Wxj-3gm","jetpack-related-posts":[],"_links":{"self":[{"href":"https:\/\/www.o-p-i.fr\/parlonsen\/wp-json\/wp\/v2\/posts\/12546","targetHints":{"allow":["GET"]}}],"collection":[{"href":"https:\/\/www.o-p-i.fr\/parlonsen\/wp-json\/wp\/v2\/posts"}],"about":[{"href":"https:\/\/www.o-p-i.fr\/parlonsen\/wp-json\/wp\/v2\/types\/post"}],"author":[{"embeddable":true,"href":"https:\/\/www.o-p-i.fr\/parlonsen\/wp-json\/wp\/v2\/users\/2"}],"replies":[{"embeddable":true,"href":"https:\/\/www.o-p-i.fr\/parlonsen\/wp-json\/wp\/v2\/comments?post=12546"}],"version-history":[{"count":0,"href":"https:\/\/www.o-p-i.fr\/parlonsen\/wp-json\/wp\/v2\/posts\/12546\/revisions"}],"wp:attachment":[{"href":"https:\/\/www.o-p-i.fr\/parlonsen\/wp-json\/wp\/v2\/media?parent=12546"}],"wp:term":[{"taxonomy":"category","embeddable":true,"href":"https:\/\/www.o-p-i.fr\/parlonsen\/wp-json\/wp\/v2\/categories?post=12546"},{"taxonomy":"post_tag","embeddable":true,"href":"https:\/\/www.o-p-i.fr\/parlonsen\/wp-json\/wp\/v2\/tags?post=12546"}],"curies":[{"name":"wp","href":"https:\/\/api.w.org\/{rel}","templated":true}]}}