{"id":12607,"date":"2012-06-07T01:39:51","date_gmt":"2012-06-06T23:39:51","guid":{"rendered":"\/parlonsen\/?p=12607"},"modified":"2012-06-05T22:44:29","modified_gmt":"2012-06-05T20:44:29","slug":"fete-de-la-mjc-a-villemur-sur-tarn","status":"publish","type":"post","link":"https:\/\/www.o-p-i.fr\/parlonsen\/parlons-en\/culture\/fete-de-la-mjc-a-villemur-sur-tarn\/","title":{"rendered":"F\u00eate de la MJC &#8230; \u00e0 Villemur sur Tarn"},"content":{"rendered":"<p>La f\u00eate de la MJC de Villemur sur Tarn aura lieu le<strong> Samedi 16 Juin 2012 <\/strong>\u00e0 14h au Gymnase Albert Camus \u00e0 Villemur sur Tarn.<!--more--><\/p>\n<p>A cet occasion des repr\u00e9sentations des diff\u00e9rents clubs d&rsquo;activit\u00e9s et partenaires auront lieu :<\/p>\n<p><strong> &#8211; 13h30 <\/strong>Accueil des adh\u00e9rents au Gymnase<\/p>\n<p><strong> &#8211; 14h00 <\/strong>D\u00e9but des repr\u00e9sentations<\/p>\n<p><strong> &#8211; 16h00 \/ 16h30<\/strong> Pause Go\u00fbter pour les petits et les grands offert par la MJC<\/p>\n<p><strong> &#8211; 17h00<\/strong> Reprise des repr\u00e9sentations<\/p>\n<p><strong> &#8211; 19h00<\/strong> Ap\u00e9ritifs anim\u00e9 par l&rsquo;Ecole de Musique de Villemur<\/p>\n<p>Une buvette sera sur place (1 boisson offerte)<\/p>\n<p>Repas : Pensez \u00e0 prendre votre pique-nique, des barbecues sont \u00e0 votre  disposition !<\/p>\n<p>L&rsquo;entr\u00e9e est gratuite !!!!! Venez Nombreux !!!!!<\/p>\n<p><strong>Contact : <\/strong>MJC de Villemur<br \/>\nMaisons Mitoyennes<br \/>\nAvenue de la Gare<br \/>\n31340 VILLEMUR \/ TARN<\/p>\n<p>T\u00e9l. : 05.34.27.06.78<br \/>\nCourriel  : <a href=\"mailto:mjc.villemur@wanadoo.fr\">mjc.villemur@wanadoo.fr<\/a><\/p>\n<p><em>Communiqu\u00e9 de l&rsquo;Equipe de la MJC<\/em><\/p>\n<p><a href=\"https:\/\/www.o-p-i.fr\/parlonsen\/agenda\/\"><strong>Retrouvez tous les \u00e9v\u00e8nements dans l&rsquo;agenda !<\/strong><\/a><\/p>\n","protected":false},"excerpt":{"rendered":"<div class=\"mh-excerpt\">La f\u00eate de la MJC de Villemur sur Tarn aura lieu le Samedi 16 Juin 2012 \u00e0 14h au Gymnase Albert Camus \u00e0 Villemur sur Tarn.<\/div>\n","protected":false},"author":2,"featured_media":0,"comment_status":"open","ping_status":"open","sticky":false,"template":"","format":"standard","meta":{"om_disable_all_campaigns":false,"advanced_seo_description":"","jetpack_seo_html_title":"","jetpack_seo_noindex":false,"_jetpack_memberships_contains_paid_content":false,"footnotes":"","_links_to":"","_links_to_target":""},"categories":[42,1,54,1330],"tags":[56,186,202,323,450,561,567,637],"class_list":{"0":"post-12607","1":"post","2":"type-post","3":"status-publish","4":"format-standard","6":"category-a-cote-de-chez-nous","7":"category-culture","8":"category-loisirs","9":"category-n-74-juin-2012","10":"tag-fete","11":"tag-gouter","12":"tag-mjc","13":"tag-enfant","14":"tag-villemur-sur-tarn","15":"tag-adolescent","16":"tag-apero","17":"tag-pique-nique"},"jetpack_featured_media_url":"","views":{"total":0,"cached_at":"","cached_date":1738480313},"jetpack_likes_enabled":true,"jetpack_sharing_enabled":true,"jetpack_shortlink":"https:\/\/wp.me\/pg7Wxj-3hl","jetpack-related-posts":[],"_links":{"self":[{"href":"https:\/\/www.o-p-i.fr\/parlonsen\/wp-json\/wp\/v2\/posts\/12607","targetHints":{"allow":["GET"]}}],"collection":[{"href":"https:\/\/www.o-p-i.fr\/parlonsen\/wp-json\/wp\/v2\/posts"}],"about":[{"href":"https:\/\/www.o-p-i.fr\/parlonsen\/wp-json\/wp\/v2\/types\/post"}],"author":[{"embeddable":true,"href":"https:\/\/www.o-p-i.fr\/parlonsen\/wp-json\/wp\/v2\/users\/2"}],"replies":[{"embeddable":true,"href":"https:\/\/www.o-p-i.fr\/parlonsen\/wp-json\/wp\/v2\/comments?post=12607"}],"version-history":[{"count":0,"href":"https:\/\/www.o-p-i.fr\/parlonsen\/wp-json\/wp\/v2\/posts\/12607\/revisions"}],"wp:attachment":[{"href":"https:\/\/www.o-p-i.fr\/parlonsen\/wp-json\/wp\/v2\/media?parent=12607"}],"wp:term":[{"taxonomy":"category","embeddable":true,"href":"https:\/\/www.o-p-i.fr\/parlonsen\/wp-json\/wp\/v2\/categories?post=12607"},{"taxonomy":"post_tag","embeddable":true,"href":"https:\/\/www.o-p-i.fr\/parlonsen\/wp-json\/wp\/v2\/tags?post=12607"}],"curies":[{"name":"wp","href":"https:\/\/api.w.org\/{rel}","templated":true}]}}