{"id":12611,"date":"2012-06-06T09:48:12","date_gmt":"2012-06-06T07:48:12","guid":{"rendered":"\/parlonsen\/?p=12611"},"modified":"2012-06-05T22:58:10","modified_gmt":"2012-06-05T20:58:10","slug":"le-printemps-arabe-sinvite-aux-10-ans-de-champollion-a-albi","status":"publish","type":"post","link":"https:\/\/www.o-p-i.fr\/parlonsen\/parlons-en\/culture\/le-printemps-arabe-sinvite-aux-10-ans-de-champollion-a-albi\/","title":{"rendered":"Le Printemps arabe s&rsquo;invite aux 10 ans de Champollion &#8230; \u00e0 Albi"},"content":{"rendered":"<p>Exposition, projection de film, conf\u00e9rence, buffet dinatoire et soir\u00e9e musicale &#8211; <strong>Jeudi 7 Juin 2012<\/strong>. <!--more--><\/p>\n<figure id=\"attachment_12612\" aria-describedby=\"caption-attachment-12612\" style=\"width: 500px\" class=\"wp-caption aligncenter\"><a href=\"https:\/\/i0.wp.com\/www.o-p-i.fr\/parlonsen\/wp-content\/uploads\/printempsarabe2012.jpg?ssl=1\"><img data-recalc-dims=\"1\" loading=\"lazy\" decoding=\"async\" class=\"size-full wp-image-12612\" title=\"Albi (81)\" src=\"https:\/\/i0.wp.com\/www.o-p-i.fr\/parlonsen\/wp-content\/uploads\/printempsarabe2012.jpg?resize=500%2C711&#038;ssl=1\" alt=\"Albi (81)\" width=\"500\" height=\"711\" srcset=\"https:\/\/i0.wp.com\/www.o-p-i.fr\/parlonsen\/wp-content\/uploads\/printempsarabe2012.jpg?w=500&amp;ssl=1 500w, https:\/\/i0.wp.com\/www.o-p-i.fr\/parlonsen\/wp-content\/uploads\/printempsarabe2012.jpg?resize=210%2C300&amp;ssl=1 210w\" sizes=\"auto, (max-width: 500px) 100vw, 500px\" \/><\/a><figcaption id=\"caption-attachment-12612\" class=\"wp-caption-text\">Albi (81)<\/figcaption><\/figure>\n<p><em>Communiqu\u00e9 de l&rsquo;\u00e9quipe de l&rsquo;UPT<\/em><\/p>\n<p><a href=\"https:\/\/www.o-p-i.fr\/parlonsen\/agenda\/\"><strong>Retrouvez tous les \u00e9v\u00e8nements dans l&rsquo;agenda !<\/strong><\/a><\/p>\n","protected":false},"excerpt":{"rendered":"<div class=\"mh-excerpt\">Exposition, projection de film, conf\u00e9rence, buffet dinatoire et soir\u00e9e musicale &#8211; Jeudi 7 Juin 2012.<\/div>\n","protected":false},"author":2,"featured_media":0,"comment_status":"open","ping_status":"open","sticky":false,"template":"","format":"standard","meta":{"om_disable_all_campaigns":false,"advanced_seo_description":"","jetpack_seo_html_title":"","jetpack_seo_noindex":false,"_jetpack_memberships_contains_paid_content":false,"footnotes":"","_links_to":"","_links_to_target":""},"categories":[42,1,396,54,1330],"tags":[1063,1349,1350,1351,44,46,47,64,84,111,145,157,172,234,924],"class_list":{"0":"post-12611","1":"post","2":"type-post","3":"status-publish","4":"format-standard","6":"category-a-cote-de-chez-nous","7":"category-culture","8":"category-cest-le-printemps","9":"category-loisirs","10":"category-n-74-juin-2012","11":"tag-politique","12":"tag-moyen-orient","13":"tag-arabe","14":"tag-tunisie","15":"tag-albi","16":"tag-fac","17":"tag-champollion","18":"tag-soiree","19":"tag-danse","20":"tag-projection","21":"tag-animation","22":"tag-repas","23":"tag-exposition","24":"tag-conference","25":"tag-media"},"jetpack_featured_media_url":"","views":{"total":0,"cached_at":"","cached_date":1738483505},"jetpack_likes_enabled":true,"jetpack_sharing_enabled":true,"jetpack_shortlink":"https:\/\/wp.me\/pg7Wxj-3hp","jetpack-related-posts":[],"_links":{"self":[{"href":"https:\/\/www.o-p-i.fr\/parlonsen\/wp-json\/wp\/v2\/posts\/12611","targetHints":{"allow":["GET"]}}],"collection":[{"href":"https:\/\/www.o-p-i.fr\/parlonsen\/wp-json\/wp\/v2\/posts"}],"about":[{"href":"https:\/\/www.o-p-i.fr\/parlonsen\/wp-json\/wp\/v2\/types\/post"}],"author":[{"embeddable":true,"href":"https:\/\/www.o-p-i.fr\/parlonsen\/wp-json\/wp\/v2\/users\/2"}],"replies":[{"embeddable":true,"href":"https:\/\/www.o-p-i.fr\/parlonsen\/wp-json\/wp\/v2\/comments?post=12611"}],"version-history":[{"count":0,"href":"https:\/\/www.o-p-i.fr\/parlonsen\/wp-json\/wp\/v2\/posts\/12611\/revisions"}],"wp:attachment":[{"href":"https:\/\/www.o-p-i.fr\/parlonsen\/wp-json\/wp\/v2\/media?parent=12611"}],"wp:term":[{"taxonomy":"category","embeddable":true,"href":"https:\/\/www.o-p-i.fr\/parlonsen\/wp-json\/wp\/v2\/categories?post=12611"},{"taxonomy":"post_tag","embeddable":true,"href":"https:\/\/www.o-p-i.fr\/parlonsen\/wp-json\/wp\/v2\/tags?post=12611"}],"curies":[{"name":"wp","href":"https:\/\/api.w.org\/{rel}","templated":true}]}}