{"id":12615,"date":"2012-06-05T23:15:39","date_gmt":"2012-06-05T21:15:39","guid":{"rendered":"\/parlonsen\/?p=12615"},"modified":"2012-06-05T23:15:39","modified_gmt":"2012-06-05T21:15:39","slug":"cinema-de-villemur-sur-tarn-%e2%80%a6-juin-2012","status":"publish","type":"post","link":"https:\/\/www.o-p-i.fr\/parlonsen\/parlons-en\/culture\/cinema-de-villemur-sur-tarn-%e2%80%a6-juin-2012\/","title":{"rendered":"Cin\u00e9ma de Villemur sur Tarn \u2026 Juin 2012"},"content":{"rendered":"<p style=\"text-align: justify;\">Vous trouverez ci-dessous la <span style=\"color: #003366;\"><strong>programmation de Juin 2012<\/strong><\/span> pour le <span style=\"color: #003366;\"><strong>cin\u00e9ma des Greniers du Roy de Villemur sur Tarn<\/strong><\/span> !<!--more--><\/p>\n<blockquote>\n<p style=\"text-align: justify;\"><strong><figure id=\"attachment_12616\" aria-describedby=\"caption-attachment-12616\" style=\"width: 394px\" class=\"wp-caption alignright\"><a href=\"https:\/\/i0.wp.com\/www.o-p-i.fr\/parlonsen\/wp-content\/uploads\/cinevillemurjuin2012.jpg?ssl=1\"><img data-recalc-dims=\"1\" loading=\"lazy\" decoding=\"async\" src=\"https:\/\/i0.wp.com\/www.o-p-i.fr\/parlonsen\/wp-content\/uploads\/cinevillemurjuin2012.jpg?resize=394%2C552&#038;ssl=1\" alt=\"Villemur sur Tarn (31)\" title=\"Villemur sur Tarn (31)\" width=\"394\" height=\"552\" class=\"size-full wp-image-12616\" srcset=\"https:\/\/i0.wp.com\/www.o-p-i.fr\/parlonsen\/wp-content\/uploads\/cinevillemurjuin2012.jpg?w=394&amp;ssl=1 394w, https:\/\/i0.wp.com\/www.o-p-i.fr\/parlonsen\/wp-content\/uploads\/cinevillemurjuin2012.jpg?resize=214%2C300&amp;ssl=1 214w\" sizes=\"auto, (max-width: 394px) 100vw, 394px\" \/><\/a><figcaption id=\"caption-attachment-12616\" class=\"wp-caption-text\">Villemur sur Tarn (31)<\/figcaption><\/figure>Les vacances de Ducobu &gt; Jeudi 31 mai \u00e0 21H00<\/strong><br \/>\nDe Philippe de Chauveron \u2013 France, 2012 \u2013 Avec : Elie Semoun, Jos\u00e9phine de Meaux \u2013 1h34<br \/>\nEnfin les vacances&#8230; Mais Ducobu a \u00e0 peine le temps de se r\u00e9jouir que son p\u00e8re lui annonce qu\u2019ils partent avec la famille Gratin. Un Cauchemar!!! Heureusement le hasard met sur son chemin une carte myst\u00e9rieuse. Les vraies vacances peuvent commencer !<br \/>\n.<br \/>\n<strong>38 t\u00e9moins &gt; Dimanche 03 juin \u00e0 15H30 <\/strong><br \/>\nDe Lucas Belvaux<br \/>\n\u2013 France, 2012 \u2013<br \/>\nAvec : Yvan Attal, Sophie Quinton, Nicole Garcia<br \/>\n\u2013 1h44<\/p>\n<p style=\"text-align: justify;\">\nAlors qu&rsquo;elle rentre d&rsquo;un voyage professionnel en Chine, Louise d\u00e9couvre que sa rue a \u00e9t\u00e9 le th\u00e9\u00e2tre d&rsquo;un crime. Aucun t\u00e9moin, tout le monde dormait. La police enqu\u00eate, la presse aussi. onguement. Lui qui, d&rsquo;habitude, parle si peu.<\/p>\n<p style=\"text-align: justify;\">\n<strong>Radiostars &gt; Jeudi 07 juin \u00e0 21h00<\/strong><br \/>\nDe Romain Levy<br \/>\n\u2013 France, 2012 \u2013<br \/>\nAvec Manu Payet, Clovis Cornillac, Douglas Attal<br \/>\n\u2013 1h40<\/p>\n<p style=\"text-align: justify;\">En plein \u00e9chec professionnel et sentimental, Ben, qui se r\u00eavait comique \u00e0 New York, est de retour \u00e0 Paris. Il rencontre Alex, pr\u00e9sentateur-vedette du Breakfast-club, le Morning star de la radio, Cyril, un quadra mal assum\u00e9, et Arnold, le leader charismatique de la bande&#8230;<\/p>\n<p style=\"text-align: justify;\"><strong>Projet X &gt; Jeudi 14 juin \u00e0 21h00<\/strong><br \/>\nDe Nima Nourizadeh<br \/>\n\u2013 USA, 2012 \u2013<br \/>\nAvec : Thomas Mann (II), Oliver Cooper<br \/>\n\u2013 1h27<\/p>\n<p style=\"text-align: justify;\">\nAvertissement : des sc\u00e8nes, des propos ou des images peuvent heurter la sensibilit\u00e9 des spectateurs Alors qu&rsquo;ils semblaient jusque-l\u00e0 se fondre dans la masse, trois lyc\u00e9ens d\u00e9cident de sortir de l&rsquo;anonymat. En apparence, leur projet est plut\u00f4t inoffensif puisqu&rsquo;ils ont l&rsquo;intention d&rsquo;organiser une f\u00eate des plus m\u00e9morables. Mais rien n&rsquo;aurait pu les pr\u00e9parer \u00e0 la soir\u00e9e qu&rsquo;ils s&rsquo;appr\u00eatent \u00e0 vivre&#8230;<\/p>\n<p style=\"text-align: justify;\">\n<strong>Blanche Neige &gt; Mercredi 27 juin \u00e0 15h00<\/strong><br \/>\nDe Tarsem Singh<br \/>\n\u2013 USA, 2012 \u2013<br \/>\nAvec : Julia Roberts, Lily Collins, Armie Hammer<br \/>\n&#8211; 1h45<\/p>\n<p style=\"text-align: justify;\">Lorsque son p\u00e8re, le Roi, meurt, Blanche Neige est en danger. Sa belle-m\u00e8re, cruelle et avide de pouvoir, l\u2019\u00e9vince pour s\u2019emparer du tr\u00f4ne. Quand la jeune femme attire malgr\u00e9 tout l\u2019attention d\u2019un Prince aussi puissant que s\u00e9duisant, l\u2019horrible mar\u00e2tre ne lui laisse aucune chance et la bannit. Blanche Neige se r\u00e9fugie alors dans la for\u00eat\u2026<\/p>\n<p style=\"text-align: justify;\"><strong><\/strong><\/p>\n<p style=\"text-align: justify;\"><strong>Men in black 3 &gt; Jeudi 21 juin \u00e0 21h00<\/strong><br \/>\nDe Barry Soonenfeld<br \/>\n\u2013 USA, 2012 \u2013<br \/>\nAvec : Will Smith, Tommy Lee Jones, Josh Brolin<br \/>\n\u2013 1h44<\/p>\n<p style=\"text-align: justify;\">En quinze ans de carri\u00e8re chez les Men in Black, l\u2019agent J a vu beaucoup de ph\u00e9nom\u00e8nes inexplicables\u2026 Mais rien, pas m\u00eame le plus \u00e9trange des aliens, ne le laisse aussi perplexe que son partenaire, le sarcastique K. Lorsque la vie de K et le destin de la Terre sont menac\u00e9s, l\u2019agent J d\u00e9cide de remonter le temps pour remettre les choses en ordre. Il va alors d\u00e9couvrir qu\u2019il existe certains secrets de l\u2019univers que K ne lui a jamais r\u00e9v\u00e9l\u00e9s.<\/p>\n<p style=\"text-align: justify;\"><strong><\/strong><\/p>\n<p style=\"text-align: justify;\"><strong>Le pr\u00e9nom &gt; Jeudi 28 juin \u00e0 21h00<\/strong><\/p>\n<p style=\"text-align: justify;\">De Alexandre de la Patelli\u00e8re, Mathieu Delaporte<br \/>\n\u2013 France, 2012 \u2013<br \/>\nAvec :  Patrick Bruel, Val\u00e9rieie Benguigui, Charles Berling<br \/>\n&#8211; 1h49<\/p>\n<p style=\"text-align: justify;\">Vincent va  \u00eatre p\u00e8re pour la premi\u00e8re fois. Invit\u00e9 \u00e0 d\u00eener chez sa soeur et son  beau-fr\u00e8re, il y retrouve Claude, un ami d\u2019enfance. Quand on demande \u00e0  Vincent s\u2019il a d\u00e9j\u00e0 choisi un pr\u00e9nom pour l\u2019enfant \u00e0 na\u00eetre, sa r\u00e9ponse  plonge la famille dans le chaos.<strong><\/strong><\/p>\n<p><strong>De rouille et d\u2019os &gt; Dimanche 1er juillet \u00e0 15h30<\/strong><br \/>\nDe Jacques Audiard<br \/>\n\u2013 France, 2012 \u2013<br \/>\nAvec Marion Cotillard, Mathias Schoenaerts<br \/>\n\u2013 1h55<\/p>\n<p style=\"text-align: justify;\">Ali, jeune p\u00e8re un peu paum\u00e9, retrouve St\u00e9phanie, une jeune femme \u00e9tincelante crois\u00e9e un soir. Mais cette fois elle est dans un fauteuil roulant, a perdu ses jambes et pas mal d\u2019illusions. Il va l\u2019aider simplement, sans compassion, sans piti\u00e9. Elle va revivre.<\/p>\n<\/blockquote>\n<p style=\"text-align: justify;\">\n<p style=\"text-align: justify;\"><em>Communiqu\u00e9 de la MJC de Villemur sur Tarn<\/em><\/p>\n<p style=\"text-align: justify;\"><strong>Contact :<\/strong> MJC de Villemur sur Tarn<br \/>\nMaisons Mitoyennes &#8211; Avenue de la Gare<br \/>\n31340 VILLEMUR \/ TARN<\/p>\n<p>T\u00e9l. : 05.34.27.06.78<br \/>\nFax: 05.34.27.06.79<\/p>\n<p>Courriel : <a href=\"mailto:mjc.villemur@wanadoo.fr\">mjc.villemur@wanadoo.fr <\/a><\/p>\n<p><a href=\"https:\/\/www.o-p-i.fr\/parlonsen\/agenda\/\"><strong>Retrouvez tous les \u00e9v\u00e8nements dans l\u2019agenda !<\/strong><\/a><\/p>\n","protected":false},"excerpt":{"rendered":"<div class=\"mh-excerpt\">Vous trouverez ci-dessous la programmation de Juin 2012 pour le cin\u00e9ma des Greniers du Roy de Villemur sur Tarn !<\/div>\n","protected":false},"author":2,"featured_media":0,"comment_status":"open","ping_status":"open","sticky":false,"template":"","format":"standard","meta":{"om_disable_all_campaigns":false,"advanced_seo_description":"","jetpack_seo_html_title":"","jetpack_seo_noindex":false,"_jetpack_memberships_contains_paid_content":false,"footnotes":"","_links_to":"","_links_to_target":""},"categories":[42,1,54,6,1330],"tags":[82,92,323,450],"class_list":{"0":"post-12615","1":"post","2":"type-post","3":"status-publish","4":"format-standard","6":"category-a-cote-de-chez-nous","7":"category-culture","8":"category-loisirs","9":"category-pratique","10":"category-n-74-juin-2012","11":"tag-aines","12":"tag-cine","13":"tag-enfant","14":"tag-villemur-sur-tarn"},"jetpack_featured_media_url":"","views":{"total":0,"cached_at":"","cached_date":1738485443},"jetpack_likes_enabled":true,"jetpack_sharing_enabled":true,"jetpack_shortlink":"https:\/\/wp.me\/pg7Wxj-3ht","jetpack-related-posts":[],"_links":{"self":[{"href":"https:\/\/www.o-p-i.fr\/parlonsen\/wp-json\/wp\/v2\/posts\/12615","targetHints":{"allow":["GET"]}}],"collection":[{"href":"https:\/\/www.o-p-i.fr\/parlonsen\/wp-json\/wp\/v2\/posts"}],"about":[{"href":"https:\/\/www.o-p-i.fr\/parlonsen\/wp-json\/wp\/v2\/types\/post"}],"author":[{"embeddable":true,"href":"https:\/\/www.o-p-i.fr\/parlonsen\/wp-json\/wp\/v2\/users\/2"}],"replies":[{"embeddable":true,"href":"https:\/\/www.o-p-i.fr\/parlonsen\/wp-json\/wp\/v2\/comments?post=12615"}],"version-history":[{"count":0,"href":"https:\/\/www.o-p-i.fr\/parlonsen\/wp-json\/wp\/v2\/posts\/12615\/revisions"}],"wp:attachment":[{"href":"https:\/\/www.o-p-i.fr\/parlonsen\/wp-json\/wp\/v2\/media?parent=12615"}],"wp:term":[{"taxonomy":"category","embeddable":true,"href":"https:\/\/www.o-p-i.fr\/parlonsen\/wp-json\/wp\/v2\/categories?post=12615"},{"taxonomy":"post_tag","embeddable":true,"href":"https:\/\/www.o-p-i.fr\/parlonsen\/wp-json\/wp\/v2\/tags?post=12615"}],"curies":[{"name":"wp","href":"https:\/\/api.w.org\/{rel}","templated":true}]}}