{"id":12628,"date":"2012-06-08T14:31:07","date_gmt":"2012-06-08T12:31:07","guid":{"rendered":"\/parlonsen\/?p=12628"},"modified":"2012-06-07T15:16:04","modified_gmt":"2012-06-07T13:16:04","slug":"le-rtfc-recrute-a-salvagnac","status":"publish","type":"post","link":"https:\/\/www.o-p-i.fr\/parlonsen\/parlons-en\/pratique\/le-rtfc-recrute-a-salvagnac\/","title":{"rendered":"Le RTFC recrute &#8230; \u00e0 Salvagnac"},"content":{"rendered":"<p style=\"text-align: justify;\">Les Rives du Tescou F.C., club de foot du canton salvagnacois recrute pour la saison 2012-2013 de jeunes joueurs ou joueuses (n\u00e9(e) entre 2002 et 2007) pour son \u00e9cole de foot. Nous organisons deux entrainements, ouverts \u00e0 tous, les samedis 16 et 23 juin de 10h \u00e0 12h au Stade de Salvagnac.<!--more--><\/p>\n<p style=\"text-align: justify;\">Penser \u00e0 \u00e9quiper votre enfant d\u2019une tenue adapt\u00e9e \u00e0 la pratique du football : short, t-shirt, basket ou crampon et affaires de rechange.<\/p>\n<p style=\"text-align: justify;\"><strong>Cat\u00e9gories pour la saison 2012\/2013 :<\/strong><\/p>\n<ul>\n<li>U7 : N\u00e9(e) en 2006 et 2007<\/li>\n<li> U9 : N\u00e9(e) en 2004 et 2005<\/li>\n<li> U11 : N\u00e9(e) en 2002 et 2003<\/li>\n<\/ul>\n<p style=\"text-align: justify;\"><span style=\"text-decoration: underline;\">L\u2019objectif des cat\u00e9gories U7 et U9 :<\/span> \u00c9veil de l\u2019enfant \u00e0 travers des jeux, travail de motricit\u00e9 et de coordination, apprentissage des r\u00e8gles, jeux en \u00e9quipes<br \/>\n<span style=\"text-decoration: underline;\">L\u2019objectif de la cat\u00e9gories U11 :<\/span> Approfondissement des r\u00e8gles, initiation au foot \u00e0 7, jeux collectif, travail technique, travail de motricit\u00e9 et de coordination.<\/p>\n<p style=\"text-align: justify;\"><a href=\"https:\/\/i0.wp.com\/www.o-p-i.fr\/parlonsen\/wp-content\/uploads\/bandeau_rtfc.jpg?ssl=1\"><img data-recalc-dims=\"1\" loading=\"lazy\" decoding=\"async\" class=\"aligncenter size-full wp-image-12632\" title=\"RTFC\" src=\"https:\/\/i0.wp.com\/www.o-p-i.fr\/parlonsen\/wp-content\/uploads\/bandeau_rtfc.jpg?resize=600%2C61&#038;ssl=1\" alt=\"RTFC\" width=\"600\" height=\"61\" srcset=\"https:\/\/i0.wp.com\/www.o-p-i.fr\/parlonsen\/wp-content\/uploads\/bandeau_rtfc.jpg?w=600&amp;ssl=1 600w, https:\/\/i0.wp.com\/www.o-p-i.fr\/parlonsen\/wp-content\/uploads\/bandeau_rtfc.jpg?resize=300%2C30&amp;ssl=1 300w\" sizes=\"auto, (max-width: 600px) 100vw, 600px\" \/><\/a><\/p>\n<p style=\"text-align: justify;\">Les entra\u00eenements ont lieu tous les samedis, hors vacances scolaire, de 10h \u00e0 12h ou de 14h \u00e0 16h.<\/p>\n<p style=\"text-align: justify;\">Des plateaux sont organis\u00e9s, une fois par mois environ, o\u00f9 les enfants rencontrent d\u2019autres \u00e9quipes mais sans comp\u00e9tition (pas de classement). A cet \u00e2ge-l\u00e0, l\u2019essentiel est dans l\u2019\u00e9veil et l\u2019\u00e9panouissement de l\u2019enfant, mais aussi l\u2019apprentissage \u00e0 la vie en groupe et non \u00e0 l\u2019esprit de comp\u00e9tition. Quelques soit leur niveau, tous les enfants jouent et partagent le m\u00eame temps de jeu.<\/p>\n<p style=\"text-align: justify;\">Le football n\u2019est pas r\u00e9serv\u00e9 aux gar\u00e7ons, de plus en plus de filles jouent au foot, nous les accueillerons aussi avec plaisirs.<\/p>\n<p style=\"text-align: justify;\"><strong>Tarifs :<\/strong><br \/>\n50\u20ac \/ an<\/p>\n<p style=\"text-align: justify;\"><strong>Contacts : <\/strong><a title=\"Cliquez pour ouvrir la fiche dans l'annuaire d'OPI\" href=\"https:\/\/www.o-p-i.fr\/aupays\/annuaire\/loisirs\/rives-du-tescou-football-club\/\">RTFC<\/a><br \/>\nDavid BENESCHI (\u00c9ducateur U7\/U9)<br \/>\nT\u00e9l. : 06.84.54.29.58<br \/>\nCourriel : <a href=\"mailto:david.beneschi@gmail.com\">david.beneschi@gmail.com<\/a><\/p>\n<p style=\"text-align: justify;\">Olivier LECOMTE (Educateur U11)<br \/>\nT\u00e9l. : 06.29.62.42.98<br \/>\nCourriel : <a href=\"mailto:olivier.lecomte4@wanadoo.fr\">olivier.lecomte4@wanadoo.fr<\/a><\/p>\n<p style=\"text-align: justify;\"><em>Communiqu\u00e9 par David Beneschi pour le RTFC<\/em><\/p>\n<p style=\"text-align: justify;\">\n","protected":false},"excerpt":{"rendered":"<div class=\"mh-excerpt\">Les Rives du Tescou F.C., club de foot du canton salvagnacois recrute pour la saison 2012-2013 de jeunes joueurs ou joueuses (n\u00e9(e) entre 2002 et 2007) pour son \u00e9cole de foot. Nous organisons deux entrainements, <a class=\"mh-excerpt-more\" href=\"https:\/\/www.o-p-i.fr\/parlonsen\/parlons-en\/pratique\/le-rtfc-recrute-a-salvagnac\/\" title=\"Le RTFC recrute &#8230; \u00e0 Salvagnac\">[&#8230;]<\/a><\/div>\n","protected":false},"author":2,"featured_media":0,"comment_status":"open","ping_status":"open","sticky":false,"template":"","format":"standard","meta":{"om_disable_all_campaigns":false,"advanced_seo_description":"","jetpack_seo_html_title":"","jetpack_seo_noindex":false,"_jetpack_memberships_contains_paid_content":false,"footnotes":"","_links_to":"","_links_to_target":""},"categories":[54,53,6,25,1330],"tags":[39,2548,2546,322,454],"class_list":{"0":"post-12628","1":"post","2":"type-post","3":"status-publish","4":"format-standard","6":"category-loisirs","7":"category-sports","8":"category-pratique","9":"category-salvagnac","10":"category-n-74-juin-2012","11":"tag-ecole-de-foot","12":"tag-salvagnac","13":"tag-tauriac","14":"tag-rtfc","15":"tag-football"},"jetpack_featured_media_url":"","views":{"total":0,"cached_at":"","cached_date":1738480137},"jetpack_likes_enabled":true,"jetpack_sharing_enabled":true,"jetpack_shortlink":"https:\/\/wp.me\/pg7Wxj-3hG","jetpack-related-posts":[],"_links":{"self":[{"href":"https:\/\/www.o-p-i.fr\/parlonsen\/wp-json\/wp\/v2\/posts\/12628","targetHints":{"allow":["GET"]}}],"collection":[{"href":"https:\/\/www.o-p-i.fr\/parlonsen\/wp-json\/wp\/v2\/posts"}],"about":[{"href":"https:\/\/www.o-p-i.fr\/parlonsen\/wp-json\/wp\/v2\/types\/post"}],"author":[{"embeddable":true,"href":"https:\/\/www.o-p-i.fr\/parlonsen\/wp-json\/wp\/v2\/users\/2"}],"replies":[{"embeddable":true,"href":"https:\/\/www.o-p-i.fr\/parlonsen\/wp-json\/wp\/v2\/comments?post=12628"}],"version-history":[{"count":0,"href":"https:\/\/www.o-p-i.fr\/parlonsen\/wp-json\/wp\/v2\/posts\/12628\/revisions"}],"wp:attachment":[{"href":"https:\/\/www.o-p-i.fr\/parlonsen\/wp-json\/wp\/v2\/media?parent=12628"}],"wp:term":[{"taxonomy":"category","embeddable":true,"href":"https:\/\/www.o-p-i.fr\/parlonsen\/wp-json\/wp\/v2\/categories?post=12628"},{"taxonomy":"post_tag","embeddable":true,"href":"https:\/\/www.o-p-i.fr\/parlonsen\/wp-json\/wp\/v2\/tags?post=12628"}],"curies":[{"name":"wp","href":"https:\/\/api.w.org\/{rel}","templated":true}]}}