{"id":1269,"date":"2009-11-25T21:24:58","date_gmt":"2009-11-25T19:24:58","guid":{"rendered":"\/parlonsen\/?p=1269"},"modified":"2009-11-25T21:24:58","modified_gmt":"2009-11-25T19:24:58","slug":"atelier-de-peinture-a-la-salvetat-belmontet","status":"publish","type":"post","link":"https:\/\/www.o-p-i.fr\/parlonsen\/localisation\/au-pays-des-tescous\/salvetat\/atelier-de-peinture-a-la-salvetat-belmontet\/","title":{"rendered":"Atelier de peinture &#8230; \u00e0 la Salvetat-Belmontet"},"content":{"rendered":"<p>Voil\u00e0 une activit\u00e9 bien sympathique qui vous est propos\u00e9e tous les lundis apr\u00e8s-midi et soir dans l&rsquo;avenir<!--more--> : un atelier de peinture \u00e0 la Salvetat-Belmontet.<\/p>\n<p>Il se tient le<strong> <\/strong>lundi de 14h00 \u00e0 18h00 dans\u00a0 l&rsquo;\u00e9cole du village qui offre un espace confortable.<br \/>\nChacun apporte son mat\u00e9riel mais Nathalie Patard vous donnera la liste lors de la premi\u00e8re entrevue.<\/p>\n<p>Si plusieurs personnes sont int\u00e9ress\u00e9es pour le soir, possibilit\u00e9 de prolonger jusqu&rsquo;\u00e0 20h30.<\/p>\n<p>Une exposition sera organis\u00e9e en fin d&rsquo;ann\u00e9e.<\/p>\n<figure id=\"attachment_1336\" aria-describedby=\"caption-attachment-1336\" style=\"width: 732px\" class=\"wp-caption aligncenter\"><img data-recalc-dims=\"1\" loading=\"lazy\" decoding=\"async\" class=\"size-full wp-image-1336\" title=\"L'Atelier de Peinture avec Nathalie Patard \u00e0 LaSalvetat Belmontet\" src=\"https:\/\/i0.wp.com\/www.o-p-i.fr\/parlonsen\/wp-content\/uploads\/peinture1.jpg?resize=732%2C390&#038;ssl=1\" alt=\"L'Atelier de Peinture avec Nathalie Patard \u00e0 LaSalvetat Belmontet\" width=\"732\" height=\"390\" srcset=\"https:\/\/i0.wp.com\/www.o-p-i.fr\/parlonsen\/wp-content\/uploads\/peinture1.jpg?w=732&amp;ssl=1 732w, https:\/\/i0.wp.com\/www.o-p-i.fr\/parlonsen\/wp-content\/uploads\/peinture1.jpg?resize=300%2C159&amp;ssl=1 300w\" sizes=\"auto, (max-width: 732px) 100vw, 732px\" \/><figcaption id=\"caption-attachment-1336\" class=\"wp-caption-text\">L&#39;Atelier de Peinture avec Nathalie Patard \u00e0 LaSalvetat Belmontet<\/figcaption><\/figure>\n<p><strong>Renseignements :<\/strong><br \/>\nNathalie PATARD<br \/>\nT\u00e9l. : 06 84 08 72 24 ou le soir 05 63 24 00 97<\/p>\n","protected":false},"excerpt":{"rendered":"<div class=\"mh-excerpt\">Voil\u00e0 une activit\u00e9 bien sympathique qui vous est propos\u00e9e tous les lundis apr\u00e8s-midi et soir dans l&rsquo;avenir<\/div>\n","protected":false},"author":2,"featured_media":0,"comment_status":"open","ping_status":"open","sticky":false,"template":"","format":"standard","meta":{"om_disable_all_campaigns":false,"advanced_seo_description":"","jetpack_seo_html_title":"","jetpack_seo_noindex":false,"_jetpack_memberships_contains_paid_content":false,"footnotes":"","_links_to":"","_links_to_target":""},"categories":[34,54,141],"tags":[180,181,178,179],"class_list":{"0":"post-1269","1":"post","2":"type-post","3":"status-publish","4":"format-standard","6":"category-salvetat","7":"category-loisirs","8":"category-n-43","9":"tag-atelier","10":"tag-la-salvetat-belmontet","11":"tag-peinture","12":"tag-cours"},"jetpack_featured_media_url":"","views":{"total":1,"cached_at":"","cached_date":1738515374},"jetpack_likes_enabled":true,"jetpack_sharing_enabled":true,"jetpack_shortlink":"https:\/\/wp.me\/pg7Wxj-kt","jetpack-related-posts":[],"_links":{"self":[{"href":"https:\/\/www.o-p-i.fr\/parlonsen\/wp-json\/wp\/v2\/posts\/1269","targetHints":{"allow":["GET"]}}],"collection":[{"href":"https:\/\/www.o-p-i.fr\/parlonsen\/wp-json\/wp\/v2\/posts"}],"about":[{"href":"https:\/\/www.o-p-i.fr\/parlonsen\/wp-json\/wp\/v2\/types\/post"}],"author":[{"embeddable":true,"href":"https:\/\/www.o-p-i.fr\/parlonsen\/wp-json\/wp\/v2\/users\/2"}],"replies":[{"embeddable":true,"href":"https:\/\/www.o-p-i.fr\/parlonsen\/wp-json\/wp\/v2\/comments?post=1269"}],"version-history":[{"count":0,"href":"https:\/\/www.o-p-i.fr\/parlonsen\/wp-json\/wp\/v2\/posts\/1269\/revisions"}],"wp:attachment":[{"href":"https:\/\/www.o-p-i.fr\/parlonsen\/wp-json\/wp\/v2\/media?parent=1269"}],"wp:term":[{"taxonomy":"category","embeddable":true,"href":"https:\/\/www.o-p-i.fr\/parlonsen\/wp-json\/wp\/v2\/categories?post=1269"},{"taxonomy":"post_tag","embeddable":true,"href":"https:\/\/www.o-p-i.fr\/parlonsen\/wp-json\/wp\/v2\/tags?post=1269"}],"curies":[{"name":"wp","href":"https:\/\/api.w.org\/{rel}","templated":true}]}}