{"id":12801,"date":"2012-06-19T12:17:29","date_gmt":"2012-06-19T10:17:29","guid":{"rendered":"\/parlonsen\/?p=12801"},"modified":"2012-06-19T12:18:34","modified_gmt":"2012-06-19T10:18:34","slug":"bienvenue-aux-jeunes-musiciens-a-monclar-de-quercy","status":"publish","type":"post","link":"https:\/\/www.o-p-i.fr\/parlonsen\/parlons-en\/culture\/bienvenue-aux-jeunes-musiciens-a-monclar-de-quercy\/","title":{"rendered":"Bienvenue aux  jeunes musiciens ! &#8230; \u00e0 Monclar de Quercy"},"content":{"rendered":"<p>Le R\u00e9veil occitan organise sa <strong>22i\u00e8me Rencontre-Animation \u00ab\u00a0Jeunes musiciens\u00a0\u00bb<\/strong> le <strong>dimanche 8 juillet 2012 <\/strong>de 10h \u00e0 12h, place des Capitouls \u00e0 Monclar de Quercy. <!--more--><\/p>\n<p style=\"text-align: justify;\">\n<figure id=\"attachment_12802\" aria-describedby=\"caption-attachment-12802\" style=\"width: 400px\" class=\"wp-caption alignright\"><a href=\"https:\/\/i0.wp.com\/www.o-p-i.fr\/parlonsen\/wp-content\/uploads\/jeunemusicien_monclar.jpg?ssl=1\"><img data-recalc-dims=\"1\" loading=\"lazy\" decoding=\"async\" class=\"size-full wp-image-12802\" title=\"Monclar de Quercy (82)\" src=\"https:\/\/i0.wp.com\/www.o-p-i.fr\/parlonsen\/wp-content\/uploads\/jeunemusicien_monclar.jpg?resize=400%2C266&#038;ssl=1\" alt=\"Monclar de Quercy (82)\" width=\"400\" height=\"266\" srcset=\"https:\/\/i0.wp.com\/www.o-p-i.fr\/parlonsen\/wp-content\/uploads\/jeunemusicien_monclar.jpg?w=400&amp;ssl=1 400w, https:\/\/i0.wp.com\/www.o-p-i.fr\/parlonsen\/wp-content\/uploads\/jeunemusicien_monclar.jpg?resize=300%2C199&amp;ssl=1 300w\" sizes=\"auto, (max-width: 400px) 100vw, 400px\" \/><\/a><figcaption id=\"caption-attachment-12802\" class=\"wp-caption-text\">Monclar de Quercy (82)<\/figcaption><\/figure>\n<h4 style=\"text-align: justify;\">Bienvenue aux d\u00e9butants !<\/h4>\n<p style=\"text-align: justify;\">En effet, on n&rsquo;a pas besoin d&rsquo;\u00eatre un virtuose pour participer. Il suffit d&rsquo;avoir envie de rencontrer d&rsquo;autres jeunes jouant d&rsquo;un instrument et d&rsquo;essayer de jouer un ou plusieurs morceaux avec l\u2019indulgence des personnes pr\u00e9sentes sur la place.<br \/>\nIl n&rsquo;y a pas de comp\u00e9tition, pas de classement. Chacun joue librement ce qu&rsquo;il sait interpr\u00e9ter.<\/p>\n<p style=\"text-align: justify;\">Cette rencontre est r\u00e9serv\u00e9e aux moins 18 ans et ouverte \u00e0 tout instrument.<\/p>\n<p style=\"text-align: justify;\">Inscription gratuite.<\/p>\n<p><strong>Contact : <\/strong>R\u00e9veil Occitan<br \/>\nT\u00e9l. : 06 71 00 29 25<\/p>\n<p><em>Communiqu\u00e9 et photo :\u00a0 Robert Linas<\/em><\/p>\n<p><a href=\"https:\/\/www.o-p-i.fr\/parlonsen\/agenda\/\"><strong>Retrouvez tous les \u00e9v\u00e8nements dans l&rsquo;agenda !<\/strong><\/a><\/p>\n","protected":false},"excerpt":{"rendered":"<div class=\"mh-excerpt\">Le R\u00e9veil occitan organise sa 22i\u00e8me Rencontre-Animation \u00ab\u00a0Jeunes musiciens\u00a0\u00bb le dimanche 8 juillet 2012 de 10h \u00e0 12h, place des Capitouls \u00e0 Monclar de Quercy.<\/div>\n","protected":false},"author":2,"featured_media":0,"comment_status":"open","ping_status":"open","sticky":false,"template":"","format":"standard","meta":{"om_disable_all_campaigns":false,"advanced_seo_description":"","jetpack_seo_html_title":"","jetpack_seo_noindex":false,"_jetpack_memberships_contains_paid_content":false,"footnotes":"","_links_to":"","_links_to_target":""},"categories":[1,603,16,54,1013],"tags":[43,143,163,323,330,561,838],"class_list":{"0":"post-12801","1":"post","2":"type-post","3":"status-publish","4":"format-standard","6":"category-culture","7":"category-vive-lete","8":"category-monclar","9":"category-loisirs","10":"category-n-63-juillet-2011","11":"tag-concert","12":"tag-monclar-de-quercy","13":"tag-musique","14":"tag-enfant","15":"tag-rencontre","16":"tag-adolescent","17":"tag-reveil-occitan"},"jetpack_featured_media_url":"","views":{"total":0,"cached_at":"","cached_date":1738261672},"jetpack_likes_enabled":true,"jetpack_sharing_enabled":true,"jetpack_shortlink":"https:\/\/wp.me\/pg7Wxj-3kt","jetpack-related-posts":[],"_links":{"self":[{"href":"https:\/\/www.o-p-i.fr\/parlonsen\/wp-json\/wp\/v2\/posts\/12801","targetHints":{"allow":["GET"]}}],"collection":[{"href":"https:\/\/www.o-p-i.fr\/parlonsen\/wp-json\/wp\/v2\/posts"}],"about":[{"href":"https:\/\/www.o-p-i.fr\/parlonsen\/wp-json\/wp\/v2\/types\/post"}],"author":[{"embeddable":true,"href":"https:\/\/www.o-p-i.fr\/parlonsen\/wp-json\/wp\/v2\/users\/2"}],"replies":[{"embeddable":true,"href":"https:\/\/www.o-p-i.fr\/parlonsen\/wp-json\/wp\/v2\/comments?post=12801"}],"version-history":[{"count":0,"href":"https:\/\/www.o-p-i.fr\/parlonsen\/wp-json\/wp\/v2\/posts\/12801\/revisions"}],"wp:attachment":[{"href":"https:\/\/www.o-p-i.fr\/parlonsen\/wp-json\/wp\/v2\/media?parent=12801"}],"wp:term":[{"taxonomy":"category","embeddable":true,"href":"https:\/\/www.o-p-i.fr\/parlonsen\/wp-json\/wp\/v2\/categories?post=12801"},{"taxonomy":"post_tag","embeddable":true,"href":"https:\/\/www.o-p-i.fr\/parlonsen\/wp-json\/wp\/v2\/tags?post=12801"}],"curies":[{"name":"wp","href":"https:\/\/api.w.org\/{rel}","templated":true}]}}