{"id":12857,"date":"2012-06-20T08:33:52","date_gmt":"2012-06-20T06:33:52","guid":{"rendered":"\/parlonsen\/?p=12857"},"modified":"2012-06-20T00:57:55","modified_gmt":"2012-06-19T22:57:55","slug":"le-pays-ou-naquit-le-blues-a-rabastens","status":"publish","type":"post","link":"https:\/\/www.o-p-i.fr\/parlonsen\/parlons-en\/culture\/le-pays-ou-naquit-le-blues-a-rabastens\/","title":{"rendered":"Le Pays o\u00f9 naquit le Blues &#8230; \u00e0 Rabastens"},"content":{"rendered":"<p style=\"text-align: justify;\"><strong>Concert-Lecture <\/strong>le<strong> jeudi 28 juin 2012 <\/strong>\u00e0 18 H 30 dans la cour de la mairie de Rabastens. <!--more--><\/p>\n<h4 style=\"text-align: justify;\">\n<figure style=\"width: 240px\" class=\"wp-caption alignright\"><img data-recalc-dims=\"1\" loading=\"lazy\" decoding=\"async\" class=\" \" title=\"Rabastens (81)\" src=\"https:\/\/i0.wp.com\/www.o-p-i.fr\/parlonsen\/wp-content\/uploads\/sebastopol1.jpg?resize=240%2C335&#038;ssl=1\" alt=\"Rabastens (81)\" width=\"240\" height=\"335\" \/><figcaption class=\"wp-caption-text\">Rabastens (81)<\/figcaption><\/figure>\n<p>Le Pays o\u00f9 naquit le Blues<\/h4>\n<p style=\"text-align: justify;\"><em>Lecture musicale par S\u00e9bastopol (homme-orchestre) \/ Gilles Fossier (narration) \u00e0 l&rsquo;initiative de La Presse \u00e0 R\u00e9action<\/em><\/p>\n<p style=\"text-align: justify;\">\u00a0\u00bb C&rsquo;est \u00e0 un v\u00e9ritable voyage en musique et en textes que nous vous proposons. Une plong\u00e9e vers les racines du Blues, musique originaire d&rsquo;Afrique, perp\u00e9tu\u00e9e par les esclaves du sud des Etats-Unis et popularis\u00e9e dans le monde entier \u00e0 partir des ann\u00e9es 60.<\/p>\n<p style=\"text-align: justify;\">Bas\u00e9e sur les m\u00e9moires d&rsquo;Alan Lomax (\u00e0 para\u00eetre aux \u00e9ditions Les Fondeurs de Briques, sises \u00e0 Saint-Sulpice), inlassable collecteur de musiques folkloriques, ces histoires vont \u00e0 la rencontre de ceux qui ont forg\u00e9 le Blues.<\/p>\n<p style=\"text-align: justify;\">Des fermes aux dancing, des champs aux p\u00e9nitenciers et aux \u00e9glises, nous faisons connaissance avec Son House, Napoleon Strickland ou Big Bill Bronzy, ma\u00eetres-artisans de la transformation de chants de travail en tranches de vie intemporelles.<\/p>\n<p style=\"text-align: justify;\">Ils nous am\u00e8nent au plus pr\u00e8s du quotidien des travailleurs pauvres noirs, gr\u00e2ce \u00e0 leurs chansons qui les ont aid\u00e9 \u00e0 survivre \u00e0 la s\u00e9gr\u00e9gation.<\/p>\n<p style=\"text-align: justify;\">S\u00e9bastopol et sa malle \u00e0 instruments (toutes sortes de guitares, de vents et de percussions souvent maisons) forment le tapis volant des contes et l\u00e9gendes du Mississippi, \u00e9crin parfait aux aventures de Lomax chez les bluesmen.\u00a0\u00bb<\/p>\n<p style=\"text-align: justify;\"><em>Communiqu\u00e9 par Gilles<br \/>\n<\/em><\/p>\n<p style=\"text-align: justify;\"><a href=\"https:\/\/www.o-p-i.fr\/parlonsen\/agenda\/\"><strong>Retrouvez tous les \u00e9v\u00e8nements dans l&rsquo;agenda !<\/strong><\/a><\/p>\n","protected":false},"excerpt":{"rendered":"<div class=\"mh-excerpt\">Concert-Lecture le jeudi 28 juin 2012 \u00e0 18 H 30 dans la cour de la mairie de Rabastens.<\/div>\n","protected":false},"author":2,"featured_media":0,"comment_status":"open","ping_status":"open","sticky":false,"template":"","format":"standard","meta":{"om_disable_all_campaigns":false,"advanced_seo_description":"","jetpack_seo_html_title":"","jetpack_seo_noindex":false,"_jetpack_memberships_contains_paid_content":false,"footnotes":"","_links_to":"","_links_to_target":""},"categories":[42,1,54,1330],"tags":[43,72,94,163],"class_list":{"0":"post-12857","1":"post","2":"type-post","3":"status-publish","4":"format-standard","6":"category-a-cote-de-chez-nous","7":"category-culture","8":"category-loisirs","9":"category-n-74-juin-2012","10":"tag-concert","11":"tag-rabastens","12":"tag-lecture","13":"tag-musique"},"jetpack_featured_media_url":"","views":{"total":0,"cached_at":"","cached_date":1738452346},"jetpack_likes_enabled":true,"jetpack_sharing_enabled":true,"jetpack_shortlink":"https:\/\/wp.me\/pg7Wxj-3ln","jetpack-related-posts":[],"_links":{"self":[{"href":"https:\/\/www.o-p-i.fr\/parlonsen\/wp-json\/wp\/v2\/posts\/12857","targetHints":{"allow":["GET"]}}],"collection":[{"href":"https:\/\/www.o-p-i.fr\/parlonsen\/wp-json\/wp\/v2\/posts"}],"about":[{"href":"https:\/\/www.o-p-i.fr\/parlonsen\/wp-json\/wp\/v2\/types\/post"}],"author":[{"embeddable":true,"href":"https:\/\/www.o-p-i.fr\/parlonsen\/wp-json\/wp\/v2\/users\/2"}],"replies":[{"embeddable":true,"href":"https:\/\/www.o-p-i.fr\/parlonsen\/wp-json\/wp\/v2\/comments?post=12857"}],"version-history":[{"count":0,"href":"https:\/\/www.o-p-i.fr\/parlonsen\/wp-json\/wp\/v2\/posts\/12857\/revisions"}],"wp:attachment":[{"href":"https:\/\/www.o-p-i.fr\/parlonsen\/wp-json\/wp\/v2\/media?parent=12857"}],"wp:term":[{"taxonomy":"category","embeddable":true,"href":"https:\/\/www.o-p-i.fr\/parlonsen\/wp-json\/wp\/v2\/categories?post=12857"},{"taxonomy":"post_tag","embeddable":true,"href":"https:\/\/www.o-p-i.fr\/parlonsen\/wp-json\/wp\/v2\/tags?post=12857"}],"curies":[{"name":"wp","href":"https:\/\/api.w.org\/{rel}","templated":true}]}}