{"id":12862,"date":"2012-06-20T11:19:03","date_gmt":"2012-06-20T09:19:03","guid":{"rendered":"\/parlonsen\/?p=12862"},"modified":"2012-06-20T11:19:03","modified_gmt":"2012-06-20T09:19:03","slug":"urgent-qui-peut-preter-un-matelas","status":"publish","type":"post","link":"https:\/\/www.o-p-i.fr\/parlonsen\/localisation\/au-pays-des-tescous\/salvagnac\/urgent-qui-peut-preter-un-matelas\/","title":{"rendered":"URGENT ! Qui peut pr\u00eater un matelas?&#8230;"},"content":{"rendered":"<p style=\"text-align: justify;\">Pendant la p\u00e9riode <strong>du 27 juin au 18 juillet 2012<\/strong>, la commune de Salvagnac accueille un groupe de jeunes avec animateurs pour un chantier international sur la commune organis\u00e9 autour d\u2019un travail de reconstruction d\u2019un mur en brique et en tuiles, technique traditionnelle locale.<br \/>\n<!--more-->Pour cette premi\u00e8re exp\u00e9rience en partenariat avec l\u2019<a title=\"Ouvre le site dans une nouvelle fen\u00eatre\" href=\"http:\/\/www.citrus.asso.fr\/\" target=\"_blank\">association CITRUS<\/a> (d\u00e9l\u00e9gation r\u00e9gionale de Solidarit\u00e9s Jeunesses en Midi-Pyr\u00e9n\u00e9es), ce sont une quinzaine de volontaires venus des quatre coins du monde qu&rsquo;il faut h\u00e9berger.<br \/>\nPour la bonne organisation, nous aurions besoin de 12 matelas (de pr\u00e9f\u00e9rence d&rsquo;une personne)<br \/>\nPrendre contact avec le secr\u00e9tariat de Mairie de Salvagnac au 05.63.33.50.18.<br \/>\nMerci d&rsquo;avance pour votre geste.<\/p>\n<p><em>Communiqu\u00e9 de Nicole Lutsen, attach\u00e9e territoriale, Mairie\u00a0 de Salvagnac<\/em><\/p>\n<p><strong>En savoir\u00a0 + sur &#8230; <\/strong><br \/>\nAssociation CITRUS : <a title=\"Ouvre le site dans une nouvelle fen\u00eatre\" href=\"http:\/\/citrus.asso.fr\" target=\"_blank\">http:\/\/citrus.asso.fr<\/a><br \/>\nSolidarit\u00e9s Jeunesses : <a title=\"Ouvre le site dans une nouvelle fen\u00eatre\" href=\"http:\/\/solidaritesjeunesses.org\" target=\"_blank\">http:\/\/solidaritesjeunesses.org<\/a><br \/>\nDes d\u00e9tails sur ce chantier international : L&rsquo;\u00e9cho du Tescou n\u00b0115 (page 16)<\/p>\n","protected":false},"excerpt":{"rendered":"<div class=\"mh-excerpt\">Pendant la p\u00e9riode du 27 juin au 18 juillet 2012, la commune de Salvagnac accueille un groupe de jeunes avec animateurs pour un chantier international sur la commune organis\u00e9 autour d\u2019un travail de reconstruction d\u2019un <a class=\"mh-excerpt-more\" href=\"https:\/\/www.o-p-i.fr\/parlonsen\/localisation\/au-pays-des-tescous\/salvagnac\/urgent-qui-peut-preter-un-matelas\/\" title=\"URGENT ! Qui peut pr\u00eater un matelas?&#8230;\">[&#8230;]<\/a><\/div>\n","protected":false},"author":4,"featured_media":0,"comment_status":"open","ping_status":"open","sticky":false,"template":"","format":"standard","meta":{"om_disable_all_campaigns":false,"advanced_seo_description":"","jetpack_seo_html_title":"","jetpack_seo_noindex":false,"_jetpack_memberships_contains_paid_content":false,"footnotes":"","_links_to":"","_links_to_target":""},"categories":[52,290,291,25,952,1013],"tags":[2548,228,2571,849,1365,1367],"class_list":{"0":"post-12862","1":"post","2":"type-post","3":"status-publish","4":"format-standard","6":"category-parlons-en","7":"category-entraide","8":"category-solidarite","9":"category-salvagnac","10":"category-n-62-juin-2011","11":"category-n-63-juillet-2011","12":"tag-salvagnac","13":"tag-patrimoine","14":"tag-solidarite","15":"tag-recherche","16":"tag-matelas","17":"tag-chantier-international"},"jetpack_featured_media_url":"","views":{"total":0,"cached_at":"","cached_date":1738356836},"jetpack_likes_enabled":true,"jetpack_sharing_enabled":true,"jetpack_shortlink":"https:\/\/wp.me\/pg7Wxj-3ls","jetpack-related-posts":[],"_links":{"self":[{"href":"https:\/\/www.o-p-i.fr\/parlonsen\/wp-json\/wp\/v2\/posts\/12862","targetHints":{"allow":["GET"]}}],"collection":[{"href":"https:\/\/www.o-p-i.fr\/parlonsen\/wp-json\/wp\/v2\/posts"}],"about":[{"href":"https:\/\/www.o-p-i.fr\/parlonsen\/wp-json\/wp\/v2\/types\/post"}],"author":[{"embeddable":true,"href":"https:\/\/www.o-p-i.fr\/parlonsen\/wp-json\/wp\/v2\/users\/4"}],"replies":[{"embeddable":true,"href":"https:\/\/www.o-p-i.fr\/parlonsen\/wp-json\/wp\/v2\/comments?post=12862"}],"version-history":[{"count":0,"href":"https:\/\/www.o-p-i.fr\/parlonsen\/wp-json\/wp\/v2\/posts\/12862\/revisions"}],"wp:attachment":[{"href":"https:\/\/www.o-p-i.fr\/parlonsen\/wp-json\/wp\/v2\/media?parent=12862"}],"wp:term":[{"taxonomy":"category","embeddable":true,"href":"https:\/\/www.o-p-i.fr\/parlonsen\/wp-json\/wp\/v2\/categories?post=12862"},{"taxonomy":"post_tag","embeddable":true,"href":"https:\/\/www.o-p-i.fr\/parlonsen\/wp-json\/wp\/v2\/tags?post=12862"}],"curies":[{"name":"wp","href":"https:\/\/api.w.org\/{rel}","templated":true}]}}