{"id":12982,"date":"2012-07-02T15:39:13","date_gmt":"2012-07-02T13:39:13","guid":{"rendered":"\/parlonsen\/?p=12982"},"modified":"2012-07-02T15:39:13","modified_gmt":"2012-07-02T13:39:13","slug":"la-belle-montee-loisirs-et-sports-en-quercy-vert","status":"publish","type":"post","link":"https:\/\/www.o-p-i.fr\/parlonsen\/localisation\/au-pays-des-tescous\/verlhac-tescou\/la-belle-montee-loisirs-et-sports-en-quercy-vert\/","title":{"rendered":"La Belle Mont\u00e9e &#8230; Loisirs et sports en Quercy Vert"},"content":{"rendered":"<p style=\"text-align: justify;\">Programme <strong>Juillet 2012<\/strong>.<!--more--><\/p>\n<ul>\n<li> POUR LES CYCLISTES SUR ROUTE :<\/li>\n<\/ul>\n<p style=\"text-align: justify;\">&#8211; le <strong>dimanche matin <\/strong>rendez-vous \u00e0 8h30 \u00e0 la Mairie de La Salvetat.<br \/>\nLes parcours seront \u00e9tablis en fonction des participants et de la m\u00e9t\u00e9o (g\u00e9n\u00e9ralement de 60 \u00e0 90 km).<br \/>\n<em>Renseignements aupr\u00e8s de Jean-Marc  ou Eric.<\/em><\/p>\n<p style=\"text-align: justify;\">&#8211; le <strong>mercredi apr\u00e8s-midi<\/strong>, d\u00e9part de Verlhac vers 17h00<br \/>\nSortie d\u2019une cinquantaine de kilom\u00e8tres.<br \/>\n<em>Renseignements aupr\u00e8s d\u2019Eric ou Christophe.<\/em><\/p>\n<ul>\n<li> POUR LES CYCLISTES EN VTT :<\/li>\n<\/ul>\n<p style=\"text-align: justify;\">Des sorties sont r\u00e9alis\u00e9es le <strong>mercredi soir,<\/strong> sur les chemins aux alentours de La Salvetat.<br \/>\nRendez-vous \u00e0 19h30 \u00e0 la Mairie de la Salvetat (dur\u00e9e, 1h30 environ). <em><br \/>\nRenseignements aupr\u00e8s de Jean-Marc.<\/em><\/p>\n<ul>\n<li> POUR LES MARCHEURS :<\/li>\n<\/ul>\n<p style=\"text-align: justify;\">En raison des fortes chaleurs estivales, les marches habituelles du dimanche sont remplac\u00e9es par des sorties en soir\u00e9e le vendredi.<br \/>\nNous vous donnons rendez-vous \u00e0 20h00 \u00e0 la Mairie de La Salvetat les <strong>vendredis 6 \u2013 20 et 27 juillet 2012<\/strong> pour des balades sur les chemins alentours.<br \/>\nPr\u00e9voir une lampe de poche au cas o\u00f9 le retour serait un peu tardif.<br \/>\n<em>Renseignements aupr\u00e8s de Genevi\u00e8ve ou Lucienne.<\/em><\/p>\n<p style=\"text-align: justify;\">Par contre, il n\u2019y aura pas de sortie organis\u00e9e le vendredi 13 juillet et nous vous proposons de vous joindre le lendemain,<strong> samedi 14 juillet <\/strong>au foyer rural de Verlhac, qui organise une randonn\u00e9e semi-nocturne, au d\u00e9part de la salle des f\u00eates de Verlhac  \u00e0 20h30.<br \/>\n<em>Renseignements aupr\u00e8s de Christophe.<\/em><\/p>\n<p style=\"text-align: justify;\"><strong>Tarifs : <\/strong><br \/>\nLes personnes non licenci\u00e9es qui se joindront au groupe de cyclistes ou de marcheurs devront payer une participation de 2,00 \u20ac par sorties ou 5,00 \u20ac pour un couple avec enfants. Ceci permettra de couvrir les frais suppl\u00e9mentaires engag\u00e9s par l\u2019association afin d\u2019\u00eatre assur\u00e9e pour accueillir les non licenci\u00e9s (ne sont pas concern\u00e9es les personnes qui viennent pour la premi\u00e8re fois dans le but de prendre une licence).<\/p>\n<blockquote>\n<p style=\"text-align: justify;\">En cas de probl\u00e8me d\u2019encadrement, de m\u00e9t\u00e9o, ou tout autre impr\u00e9vu, les organisateurs pourront \u00eatre amen\u00e9s \u00e0 changer le parcours initialement pr\u00e9vu, c\u2019est pourquoi nous vous conseillons de toujours venir au point de rendez-vous \u00e0 la Mairie de la Salvetat.<\/p>\n<p style=\"text-align: justify;\">Vous pouvez \u00e9galement trouver des informations sur le panneau d\u2019affichage situ\u00e9 \u00e0 c\u00f4t\u00e9 de la porte d\u2019entr\u00e9e de la salle \u00e0 la Mairie de la Salvetat, ou sur le site internet de l\u2019association \u00e0 l\u2019adresse <a title=\"Ouvre le site dans une nouvelle fen\u00eatre\" href=\"http:\/\/la-belle-montee.clubeo.com\/\" target=\"_blank\">http:\/\/la-belle-montee.clubeo.com<\/a>.<\/p>\n<\/blockquote>\n<p style=\"text-align: justify;\"><strong>Contacts : <\/strong><a title=\"Cliquez pour ouvrir la fiche dans l'annuaire d'OPI\" href=\"https:\/\/www.o-p-i.fr\/aupays\/annuaire\/loisirs\/la-belle-montee-loisirs-et-sports-en-quercy-vert\/\">La Belle Mont\u00e9e<\/a><\/p>\n<p style=\"text-align: justify;\"><strong>V\u00e9lo : <\/strong><br \/>\nEric VIES<br \/>\nT\u00e9l. : 06 08 88 63 37<br \/>\nChristophe ESCALETTE<br \/>\nT\u00e9l. : 06 84 09 42 99<br \/>\nJean-Marc SANGLA<br \/>\nT\u00e9l. : 05 63 30 34 16<\/p>\n<p style=\"text-align: justify;\"><strong>Marche : <\/strong><br \/>\nGenevi\u00e8ve DOUREL<br \/>\nT\u00e9l. : 06 28 35 48 78<br \/>\nLucienne DAVID<br \/>\nT\u00e9l. : 05 63 30 30 03<\/p>\n","protected":false},"excerpt":{"rendered":"<div class=\"mh-excerpt\">Programme Juillet 2012.<\/div>\n","protected":false},"author":2,"featured_media":0,"comment_status":"open","ping_status":"open","sticky":false,"template":"","format":"standard","meta":{"om_disable_all_campaigns":false,"advanced_seo_description":"","jetpack_seo_html_title":"","jetpack_seo_noindex":false,"_jetpack_memberships_contains_paid_content":false,"footnotes":"","_links_to":"","_links_to_target":""},"categories":[34,603,54,53,27,1013],"tags":[1037,2550,166,181,192,636,762,1005],"class_list":{"0":"post-12982","1":"post","2":"type-post","3":"status-publish","4":"format-standard","6":"category-salvetat","7":"category-vive-lete","8":"category-loisirs","9":"category-sports","10":"category-verlhac-tescou","11":"category-n-63-juillet-2011","12":"tag-parcours-vtt","13":"tag-verlhac-tescou","14":"tag-randonnee","15":"tag-la-salvetat-belmontet","16":"tag-velo","17":"tag-marche-nocturne","18":"tag-randonnee-pedestre","19":"tag-randonnee-nocturne"},"jetpack_featured_media_url":"","views":{"total":0,"cached_at":"","cached_date":1738265255},"jetpack_likes_enabled":true,"jetpack_sharing_enabled":true,"jetpack_shortlink":"https:\/\/wp.me\/pg7Wxj-3no","jetpack-related-posts":[],"_links":{"self":[{"href":"https:\/\/www.o-p-i.fr\/parlonsen\/wp-json\/wp\/v2\/posts\/12982","targetHints":{"allow":["GET"]}}],"collection":[{"href":"https:\/\/www.o-p-i.fr\/parlonsen\/wp-json\/wp\/v2\/posts"}],"about":[{"href":"https:\/\/www.o-p-i.fr\/parlonsen\/wp-json\/wp\/v2\/types\/post"}],"author":[{"embeddable":true,"href":"https:\/\/www.o-p-i.fr\/parlonsen\/wp-json\/wp\/v2\/users\/2"}],"replies":[{"embeddable":true,"href":"https:\/\/www.o-p-i.fr\/parlonsen\/wp-json\/wp\/v2\/comments?post=12982"}],"version-history":[{"count":0,"href":"https:\/\/www.o-p-i.fr\/parlonsen\/wp-json\/wp\/v2\/posts\/12982\/revisions"}],"wp:attachment":[{"href":"https:\/\/www.o-p-i.fr\/parlonsen\/wp-json\/wp\/v2\/media?parent=12982"}],"wp:term":[{"taxonomy":"category","embeddable":true,"href":"https:\/\/www.o-p-i.fr\/parlonsen\/wp-json\/wp\/v2\/categories?post=12982"},{"taxonomy":"post_tag","embeddable":true,"href":"https:\/\/www.o-p-i.fr\/parlonsen\/wp-json\/wp\/v2\/tags?post=12982"}],"curies":[{"name":"wp","href":"https:\/\/api.w.org\/{rel}","templated":true}]}}