{"id":13348,"date":"2012-08-01T16:58:53","date_gmt":"2012-08-01T14:58:53","guid":{"rendered":"\/parlonsen\/?p=13348"},"modified":"2012-08-01T16:58:53","modified_gmt":"2012-08-01T14:58:53","slug":"tauriac-prepare-une-journee-intergenerations","status":"publish","type":"post","link":"https:\/\/www.o-p-i.fr\/parlonsen\/parlons-en\/culture\/tauriac-prepare-une-journee-intergenerations\/","title":{"rendered":"Tauriac pr\u00e9pare une journ\u00e9e \u00ab\u00a0Interg\u00e9n\u00e9rations\u00a0\u00bb&#8230;"},"content":{"rendered":"<p style=\"text-align: justify;\">Le<strong> Samedi 8 septembre 2012<\/strong>, la <a title=\"Cliquez pour ouvrir la fiche dans l'annuaire d'OPI\" href=\"https:\/\/www.o-p-i.fr\/aupays\/vie-des-communes\/vie-a-tauriac\/mairie-a-tauriac\/\">municipalit\u00e9 de Tauriac<\/a> inaugure pour les jeunes et les moins jeunes !<!--more--><br \/>\nTout d&rsquo;abord, en d\u00e9but d&rsquo;apr\u00e8s-midi, du football \u00e0 l&rsquo;occasion de la pose de la plaque \u00ab\u00a0Stade Georges de Vivies\u00a0\u00bb. Georges de Vivies, maire de 1953 \u00e0 1977, a permis la r\u00e9alisation du stade de foot en c\u00e9dant le terrain. C&rsquo;est sur ce terrain que les jeunes des \u00e9quipes du Toulouse Football Club et de l&rsquo;Union Sportive Albigeoise s&rsquo;affronteront\u00a0\u00a0en un match amical.<br \/>\nApr\u00e8s la pose inaugurale de la plaque \u00ab\u00a0Stade Georges de Vivi\u00e8s\u00a0\u00bb, en pr\u00e9sence de Madame Marie-Elizabeth de Martin de Vivi\u00e8s, le stade sera le cadre d&rsquo;un match entre les \u00e9quipes s\u00e9niors de <a title=\"Ouvre le site dans une nouvelle fen\u00eatre\" href=\"http:\/\/www.salsa-toulouse.com\/\" target=\"_blank\">TOULOUSE SALSA<\/a> et des <a title=\"Cliquez pour ouvrir la fiche dans l'annuaire d'OPI\" href=\"https:\/\/www.o-p-i.fr\/aupays\/annuaire\/loisirs\/rives-du-tescou-football-club\/\">RIVES du TESCOU FOOTBALL CLUB.<\/a><\/p>\n<p style=\"text-align: justify;\">En fin d&rsquo;apr\u00e8s-midi, c&rsquo;est vers les ain\u00e9s que se tourneront les regards : En pr\u00e9sence de Monsieur Thierry CARCENAC, Pr\u00e9sident du Conseil G\u00e9n\u00e9ral, et des repr\u00e9sentants des institutions partenaires, aura lieu l&rsquo;inauguration de <strong>\u00ab\u00a0La Maison Partag\u00e9e\u00a0\u00bb<\/strong> (<a title=\"Voir les articles relatifs dans Parlons En !\" href=\"https:\/\/www.o-p-i.fr\/parlonsen\/tag\/maison-partagee\/\">Voir les articles pr\u00e9c\u00e9dents<\/a><a href=\"https:\/\/www.o-p-i.fr\/parlonsen\/parlons-en\/pratique\/la-maison-partagee-a-tauriac-ouverture-prochaine\/\"><\/a>)<br \/>\nAp\u00e9ritif, Buffet et soir\u00e9e dansante cl\u00f4tureront cette journ\u00e9e.<br \/>\nLe programme d\u00e9taill\u00e9 vous sera propos\u00e9 dans \u00ab\u00a0Parlons-en\u00a0\u00bb d\u00e9but septembre,mais retenez d\u00e8s \u00e0 pr\u00e9sent votre apr\u00e8s-midi et soir\u00e9e du 8 Septembre !<\/p>\n<p style=\"text-align: justify;\"><em>Communiqu\u00e9 de la Municipalit\u00e9 de Tauriac<br \/>\n<\/em><\/p>\n","protected":false},"excerpt":{"rendered":"<div class=\"mh-excerpt\">Le Samedi 8 septembre 2012, la municipalit\u00e9 de Tauriac inaugure pour les jeunes et les moins jeunes !<\/div>\n","protected":false},"author":4,"featured_media":0,"comment_status":"open","ping_status":"open","sticky":false,"template":"","format":"standard","meta":{"om_disable_all_campaigns":false,"advanced_seo_description":"","jetpack_seo_html_title":"","jetpack_seo_noindex":false,"_jetpack_memberships_contains_paid_content":false,"footnotes":"","_links_to":"","_links_to_target":""},"categories":[52,1,1276,54,291,53,6,21],"tags":[2546,322,454,859,1039],"class_list":{"0":"post-13348","1":"post","2":"type-post","3":"status-publish","4":"format-standard","6":"category-parlons-en","7":"category-culture","8":"category-economie-parlons-en","9":"category-loisirs","10":"category-solidarite","11":"category-sports","12":"category-pratique","13":"category-tauriac","14":"tag-tauriac","15":"tag-rtfc","16":"tag-football","17":"tag-maison-partagee","18":"tag-inauguration"},"jetpack_featured_media_url":"","views":{"total":0,"cached_at":"","cached_date":1738444462},"jetpack_likes_enabled":true,"jetpack_sharing_enabled":true,"jetpack_shortlink":"https:\/\/wp.me\/pg7Wxj-3ti","jetpack-related-posts":[],"_links":{"self":[{"href":"https:\/\/www.o-p-i.fr\/parlonsen\/wp-json\/wp\/v2\/posts\/13348","targetHints":{"allow":["GET"]}}],"collection":[{"href":"https:\/\/www.o-p-i.fr\/parlonsen\/wp-json\/wp\/v2\/posts"}],"about":[{"href":"https:\/\/www.o-p-i.fr\/parlonsen\/wp-json\/wp\/v2\/types\/post"}],"author":[{"embeddable":true,"href":"https:\/\/www.o-p-i.fr\/parlonsen\/wp-json\/wp\/v2\/users\/4"}],"replies":[{"embeddable":true,"href":"https:\/\/www.o-p-i.fr\/parlonsen\/wp-json\/wp\/v2\/comments?post=13348"}],"version-history":[{"count":0,"href":"https:\/\/www.o-p-i.fr\/parlonsen\/wp-json\/wp\/v2\/posts\/13348\/revisions"}],"wp:attachment":[{"href":"https:\/\/www.o-p-i.fr\/parlonsen\/wp-json\/wp\/v2\/media?parent=13348"}],"wp:term":[{"taxonomy":"category","embeddable":true,"href":"https:\/\/www.o-p-i.fr\/parlonsen\/wp-json\/wp\/v2\/categories?post=13348"},{"taxonomy":"post_tag","embeddable":true,"href":"https:\/\/www.o-p-i.fr\/parlonsen\/wp-json\/wp\/v2\/tags?post=13348"}],"curies":[{"name":"wp","href":"https:\/\/api.w.org\/{rel}","templated":true}]}}