{"id":13463,"date":"2012-08-20T13:14:58","date_gmt":"2012-08-20T11:14:58","guid":{"rendered":"\/parlonsen\/?p=13463"},"modified":"2012-08-22T15:11:51","modified_gmt":"2012-08-22T13:11:51","slug":"lestiu-du-reveil-occitan-superbe-programme-a-montauban","status":"publish","type":"post","link":"https:\/\/www.o-p-i.fr\/parlonsen\/parlons-en\/culture\/lestiu-du-reveil-occitan-superbe-programme-a-montauban\/","title":{"rendered":"L&rsquo;ESTIU du R\u00e9veil occitan : Superbe programme ! &#8230; \u00e0 Montauban"},"content":{"rendered":"<p style=\"text-align: justify;\"><strong>Vendredi 24 et samedi 25 ao\u00fbt 2012 \u00e0 Montauban. <\/strong>L&rsquo;ESTIU du R\u00e9veil occitan est un ensemble de manifestations gratuites organis\u00e9 par cette dynamique association avec le soutien du Conseil G\u00e9n\u00e9ral de Tarn et Garonne, du Conseil R\u00e9gional Midi-Pyr\u00e9n\u00e9es et des municipalit\u00e9s concern\u00e9es.<!--more--><\/p>\n<p style=\"text-align: justify;\">\n<figure id=\"attachment_13464\" aria-describedby=\"caption-attachment-13464\" style=\"width: 300px\" class=\"wp-caption alignright\"><a href=\"https:\/\/i0.wp.com\/www.o-p-i.fr\/parlonsen\/wp-content\/uploads\/theatreocc-vazerac.jpg?ssl=1\"><img data-recalc-dims=\"1\" loading=\"lazy\" decoding=\"async\" class=\"size-full wp-image-13464\" title=\"Le th\u00e9\u00e2tre occitan attire chaque ann\u00e9e un nombreux public \u00e0 la Maison du Peuple.\" src=\"https:\/\/i0.wp.com\/www.o-p-i.fr\/parlonsen\/wp-content\/uploads\/theatreocc-vazerac.jpg?resize=300%2C200&#038;ssl=1\" alt=\"Le th\u00e9\u00e2tre occitan attire chaque ann\u00e9e un nombreux public \u00e0 la Maison du Peuple.\" width=\"300\" height=\"200\" \/><\/a><figcaption id=\"caption-attachment-13464\" class=\"wp-caption-text\">Le th\u00e9\u00e2tre occitan attire chaque ann\u00e9e un nombreux public \u00e0 la Maison du Peuple.<\/figcaption><\/figure>\n<p style=\"text-align: justify;\">Ainsi, des animations nombreuses et de qualit\u00e9 ont \u00e9t\u00e9 organis\u00e9es \u00e0 Montricoux (15i\u00e8me Festival de musiques traditionnelles), \u00e0 Monclar de Quercy (22i\u00e8me Rencontre Animation  Jeunes Musiciens, 26i\u00e8me F\u00e8sta occitana&#8230;), \u00e0 N\u00e8grepelisse avec les journ\u00e9es \u00ab\u00a0Abans la v\u00f2ta\/ Avant la f\u00eate\u00a0\u00bb (animation du march\u00e9, bal occitan&#8230;). Puis, pour conclure, et cela depuis une douzaine d&rsquo;ann\u00e9es, le R\u00e9veil occitan organise <strong>Montalban T\u00e8rra occitana<\/strong> dont voici le programme de la prochaine \u00e9dition qui se d\u00e9roulera ce vendredi 24 et samedi 25 ao\u00fbt 2012 :<\/p>\n<ul>\n<li><strong>VENDREDI 24 AO\u00dbT<\/strong><\/li>\n<\/ul>\n<p style=\"text-align: justify; padding-left: 30px;\">&#8211; A17h, Ancien Coll\u00e8ge\/ Maison de la Culture, CONFERENCE par l&rsquo;Abb\u00e9  Georges PASSERAT \u00ab\u00a0La CROISADE \u00e0 Montauban &#8230; il y a 800 ans!\u00a0\u00bb (gratuit)<\/p>\n<p style=\"text-align: justify; padding-left: 60px;\"><em>La Croisade contre les cathares s\u2019approche de Toulouse  et  Simon de Montfort veut s\u2019emparer des terres des Comtes de Toulouse. La r\u00e9sistance s\u2019organise \u00e0 partir de l\u2019Albigeois et de la vall\u00e9e de  l\u2019Aveyron. Simon de Montfort cherche \u00e0 encercler Toulouse et il fait tomber les places fortes situ\u00e9es au Nord de la ville : Saint-Antonin, Castelsarrasin , Moissac, Verdun-sur-Garonne, Penne d\u2019Agenais  seront prises durant l\u2019\u00e9t\u00e9 ; Seule Montauban r\u00e9sistera et restera fi\u00e8rement imprenable ! En quittant cette r\u00e9gion et en diminuant la pression,  Simon de Montfort s\u2019\u00e9tablira ensuite de l\u2019autre c\u00f4t\u00e9 de Toulouse en direction de l\u2019Ari\u00e8ge et du Comminges, en s\u2019emparant de Saverdun et de Muret. D\u00e9sormais la suite de l\u2019histoire se jouera dans la plaine de Muret ! <\/em><\/p>\n<p style=\"text-align: justify; padding-left: 30px;\">&#8211; A 21h,  THEATRE OCCITAN GRATUIT avec la troupe de Villeneuve sur V\u00e8re !<\/p>\n<ul>\n<li><strong>SAMEDI 25 AO\u00dbT<\/strong><\/li>\n<\/ul>\n<p style=\"text-align: justify; padding-left: 30px;\">&#8211; Matin : Animation du march\u00e9 et de l&rsquo;espace pi\u00e9tonnier par le groupe folklorique Lo Revisc\u00f2l<br \/>\n&#8211; A 16h  : Atelier de danses traditionnelles gratuit et ouvert \u00e0 tous, y compris les d\u00e9butants, anim\u00e9 par Christian Papa\u00eex , \u00e0 la Maison du Peuple.<br \/>\n-20h45 :\u00a0 BAL occitan gratuit avec Lo Pa\u00efs<\/p>\n<p style=\"text-align: justify;\"><strong>Contact : <\/strong>R\u00e9veil occitan<br \/>\nT\u00e9l. : 05 63 66 15 94 \/ 05 63 67 85 92<br \/>\nCourriel : <a href=\"mailto:journalrobert@wanadoo.fr \">journalrobert@wanadoo.fr <\/a><\/p>\n<p style=\"text-align: justify;\"><em>Communiqu\u00e9 de Robert Linas<\/em><\/p>\n<p style=\"text-align: justify;\">\n","protected":false},"excerpt":{"rendered":"<div class=\"mh-excerpt\">Vendredi 24 et samedi 25 ao\u00fbt 2012 \u00e0 Montauban. L&rsquo;ESTIU du R\u00e9veil occitan est un ensemble de manifestations gratuites organis\u00e9 par cette dynamique association avec le soutien du Conseil G\u00e9n\u00e9ral de Tarn et Garonne, du <a class=\"mh-excerpt-more\" href=\"https:\/\/www.o-p-i.fr\/parlonsen\/parlons-en\/culture\/lestiu-du-reveil-occitan-superbe-programme-a-montauban\/\" title=\"L&rsquo;ESTIU du R\u00e9veil occitan : Superbe programme ! &#8230; \u00e0 Montauban\">[&#8230;]<\/a><\/div>\n","protected":false},"author":2,"featured_media":0,"comment_status":"open","ping_status":"open","sticky":false,"template":"","format":"standard","meta":{"om_disable_all_campaigns":false,"advanced_seo_description":"","jetpack_seo_html_title":"","jetpack_seo_noindex":false,"_jetpack_memberships_contains_paid_content":false,"footnotes":"","_links_to":"","_links_to_target":""},"categories":[4,42,1,603,54,1348],"tags":[57,62,84,99,133,156,180,234,336,474,838],"class_list":{"0":"post-13463","1":"post","2":"type-post","3":"status-publish","4":"format-standard","6":"category-commerce","7":"category-a-cote-de-chez-nous","8":"category-culture","9":"category-vive-lete","10":"category-loisirs","11":"category-n-76-aout-2012","12":"tag-theatre","13":"tag-occitan","14":"tag-danse","15":"tag-montauban","16":"tag-occitanie","17":"tag-bal","18":"tag-atelier","19":"tag-conference","20":"tag-lo-reviscol","21":"tag-trad","22":"tag-reveil-occitan"},"jetpack_featured_media_url":"","views":{"total":0,"cached_at":"","cached_date":1738410156},"jetpack_likes_enabled":true,"jetpack_sharing_enabled":true,"jetpack_shortlink":"https:\/\/wp.me\/pg7Wxj-3v9","jetpack-related-posts":[],"_links":{"self":[{"href":"https:\/\/www.o-p-i.fr\/parlonsen\/wp-json\/wp\/v2\/posts\/13463","targetHints":{"allow":["GET"]}}],"collection":[{"href":"https:\/\/www.o-p-i.fr\/parlonsen\/wp-json\/wp\/v2\/posts"}],"about":[{"href":"https:\/\/www.o-p-i.fr\/parlonsen\/wp-json\/wp\/v2\/types\/post"}],"author":[{"embeddable":true,"href":"https:\/\/www.o-p-i.fr\/parlonsen\/wp-json\/wp\/v2\/users\/2"}],"replies":[{"embeddable":true,"href":"https:\/\/www.o-p-i.fr\/parlonsen\/wp-json\/wp\/v2\/comments?post=13463"}],"version-history":[{"count":0,"href":"https:\/\/www.o-p-i.fr\/parlonsen\/wp-json\/wp\/v2\/posts\/13463\/revisions"}],"wp:attachment":[{"href":"https:\/\/www.o-p-i.fr\/parlonsen\/wp-json\/wp\/v2\/media?parent=13463"}],"wp:term":[{"taxonomy":"category","embeddable":true,"href":"https:\/\/www.o-p-i.fr\/parlonsen\/wp-json\/wp\/v2\/categories?post=13463"},{"taxonomy":"post_tag","embeddable":true,"href":"https:\/\/www.o-p-i.fr\/parlonsen\/wp-json\/wp\/v2\/tags?post=13463"}],"curies":[{"name":"wp","href":"https:\/\/api.w.org\/{rel}","templated":true}]}}