{"id":13468,"date":"2012-08-22T13:34:40","date_gmt":"2012-08-22T11:34:40","guid":{"rendered":"\/parlonsen\/?p=13468"},"modified":"2012-08-22T13:34:40","modified_gmt":"2012-08-22T11:34:40","slug":"operation-cueill-ta-pom-a-saint-nauphary-2","status":"publish","type":"post","link":"https:\/\/www.o-p-i.fr\/parlonsen\/parlons-en\/agriculture\/operation-cueill-ta-pom-a-saint-nauphary-2\/","title":{"rendered":"Op\u00e9ration Cueill&rsquo; ta Pom&rsquo; &#8230; \u00e0 Saint-Nauphary"},"content":{"rendered":"<p style=\"text-align: justify;\">Comme tous les ans, l&rsquo;op\u00e9ration Cueill&rsquo; ta Pom&rsquo; aura lieu \u00e0 Saint-Nauphary chez Marie-Claire et Jean Bertrand. C&rsquo;est le<strong> samedi 25 et le dimanche 26 ao\u00fbt 2012 <\/strong> que la Galaxy (Gala) vous attend dans le verger, pour garnir votre panier selon vos envies.<!--more--><\/p>\n<figure id=\"attachment_13470\" aria-describedby=\"caption-attachment-13470\" style=\"width: 300px\" class=\"wp-caption alignright\"><a href=\"https:\/\/i0.wp.com\/www.o-p-i.fr\/parlonsen\/wp-content\/uploads\/cueilltapom2011.jpg?ssl=1\"><img data-recalc-dims=\"1\" loading=\"lazy\" decoding=\"async\" class=\"size-full wp-image-13470\" title=\"Saint-Nauphary (82)\" src=\"https:\/\/i0.wp.com\/www.o-p-i.fr\/parlonsen\/wp-content\/uploads\/cueilltapom2011.jpg?resize=300%2C225&#038;ssl=1\" alt=\"Saint-Nauphary (82)\" width=\"300\" height=\"225\" \/><\/a><figcaption id=\"caption-attachment-13470\" class=\"wp-caption-text\">Saint-Nauphary (82)<\/figcaption><\/figure>\n<p>N&rsquo;oubliez pas vos emballages. De 8h \u00e0 20h, on vous r\u00e9serve un petit coin ombrag\u00e9, autour d&rsquo;un pommier \u00e9videmment.<\/p>\n<p><strong> Date\u00a0 : <\/strong>du 25\/08\/12 au 26\/08\/12<br \/>\n<strong> <\/strong><\/p>\n<p><strong> Pour y aller &#8230;<\/strong><br \/>\n<a title=\"Ouvre le plan dans une nouvelle fen\u00eatre\" href=\"https:\/\/maps.google.fr\/maps?q=Route+de+Reyni%C3%A8s+82370-SAINT+NAUPHARY&amp;ie=UTF8&amp;oe=utf-8&amp;client=firefox-a&amp;hnear=Route+de+Reynies,+82370+Saint-Nauphary,+Tarn-Et-Garonne,+Midi-Pyr%C3%A9n%C3%A9es&amp;gl=fr&amp;t=m&amp;z=14\" target=\"_blank\">Route de Reyni\u00e8s<br \/>\n82370 SAINT NAUPHARY<\/a><br \/>\nL&rsquo;itin\u00e9raire sera fl\u00e9ch\u00e9 \u00e0 partir du village.<\/p>\n<p><strong> Contact  : <\/strong>BERTRAND Jean<br \/>\n400 route de Reyni\u00e8s<br \/>\n82370 SAINT NAUPHARY<br \/>\nT\u00e9l. : 05.63.67.84.60 ou 06.13.16.28.30 .<br \/>\nCourriel : <a href=\"mailto:jean.bertrand6@wanadoo.fr\">jean.bertrand6@wanadoo.fr<\/a><\/p>\n<p><em>Information communiqu\u00e9e par <\/em>BERTRAND Jean, organisateur de la manifestation<\/p>\n<p><a href=\"https:\/\/www.o-p-i.fr\/parlonsen\/agenda\/\"><strong>Retrouvez tous les \u00e9v\u00e8nements dans l&rsquo;agenda !<\/strong><\/a><\/p>\n","protected":false},"excerpt":{"rendered":"<div class=\"mh-excerpt\">Comme tous les ans, l&rsquo;op\u00e9ration Cueill&rsquo; ta Pom&rsquo; aura lieu \u00e0 Saint-Nauphary chez Marie-Claire et Jean Bertrand. C&rsquo;est le samedi 25 et le dimanche 26 ao\u00fbt 2012 que la Galaxy (Gala) vous attend dans le <a class=\"mh-excerpt-more\" href=\"https:\/\/www.o-p-i.fr\/parlonsen\/parlons-en\/agriculture\/operation-cueill-ta-pom-a-saint-nauphary-2\/\" title=\"Op\u00e9ration Cueill&rsquo; ta Pom&rsquo; &#8230; \u00e0 Saint-Nauphary\">[&#8230;]<\/a><\/div>\n","protected":false},"author":2,"featured_media":0,"comment_status":"open","ping_status":"open","sticky":false,"template":"","format":"standard","meta":{"om_disable_all_campaigns":false,"advanced_seo_description":"","jetpack_seo_html_title":"","jetpack_seo_noindex":false,"_jetpack_memberships_contains_paid_content":false,"footnotes":"","_links_to":"","_links_to_target":""},"categories":[3,52,4,603,54,6,17,1348],"tags":[74,2542,75,496],"class_list":{"0":"post-13468","1":"post","2":"type-post","3":"status-publish","4":"format-standard","6":"category-agriculture","7":"category-parlons-en","8":"category-commerce","9":"category-vive-lete","10":"category-loisirs","11":"category-pratique","12":"category-saint_nauphary","13":"category-n-76-aout-2012","14":"tag-cueill-ta-pom","15":"tag-saint_nauphary","16":"tag-pommes","17":"tag-verger-familial"},"jetpack_featured_media_url":"","views":{"total":1,"cached_at":"","cached_date":1738491905},"jetpack_likes_enabled":true,"jetpack_sharing_enabled":true,"jetpack_shortlink":"https:\/\/wp.me\/pg7Wxj-3ve","jetpack-related-posts":[],"_links":{"self":[{"href":"https:\/\/www.o-p-i.fr\/parlonsen\/wp-json\/wp\/v2\/posts\/13468","targetHints":{"allow":["GET"]}}],"collection":[{"href":"https:\/\/www.o-p-i.fr\/parlonsen\/wp-json\/wp\/v2\/posts"}],"about":[{"href":"https:\/\/www.o-p-i.fr\/parlonsen\/wp-json\/wp\/v2\/types\/post"}],"author":[{"embeddable":true,"href":"https:\/\/www.o-p-i.fr\/parlonsen\/wp-json\/wp\/v2\/users\/2"}],"replies":[{"embeddable":true,"href":"https:\/\/www.o-p-i.fr\/parlonsen\/wp-json\/wp\/v2\/comments?post=13468"}],"version-history":[{"count":0,"href":"https:\/\/www.o-p-i.fr\/parlonsen\/wp-json\/wp\/v2\/posts\/13468\/revisions"}],"wp:attachment":[{"href":"https:\/\/www.o-p-i.fr\/parlonsen\/wp-json\/wp\/v2\/media?parent=13468"}],"wp:term":[{"taxonomy":"category","embeddable":true,"href":"https:\/\/www.o-p-i.fr\/parlonsen\/wp-json\/wp\/v2\/categories?post=13468"},{"taxonomy":"post_tag","embeddable":true,"href":"https:\/\/www.o-p-i.fr\/parlonsen\/wp-json\/wp\/v2\/tags?post=13468"}],"curies":[{"name":"wp","href":"https:\/\/api.w.org\/{rel}","templated":true}]}}