{"id":1347,"date":"2009-11-27T18:22:23","date_gmt":"2009-11-27T16:22:23","guid":{"rendered":"\/parlonsen\/?p=1347"},"modified":"2009-11-27T18:22:53","modified_gmt":"2009-11-27T16:22:53","slug":"les-sapeurs-pompiers-de-monclar-se-mobilise-pour-le-telethon","status":"publish","type":"post","link":"https:\/\/www.o-p-i.fr\/parlonsen\/localisation\/au-pays-des-tescous\/monclar\/les-sapeurs-pompiers-de-monclar-se-mobilise-pour-le-telethon\/","title":{"rendered":"Les Sapeurs Pompiers de Monclar se mobilisent pour le T\u00e9l\u00e9thon"},"content":{"rendered":"<p style=\"text-align: justify;\">Comme les ann\u00e9es pr\u00e9c\u00e9dentes, \u00e0 l&rsquo;occasion du t\u00e9l\u00e9thon, le centre de secours de Monclar de Quercy propose de faire visiter<!--more--> sa caserne aux enfants accompagn\u00e9s. Cette journ\u00e9e d\u00e9couverte et p\u00e9dagogique r\u00e9pondra \u00e0 de nombreuses questions : \u00e0 quoi ressemble une caserne ? Quels sont les diff\u00e9rents v\u00e9hicules ? Quelles sont les diff\u00e9rentes tenues ? Comment appeler les secours ? Qui r\u00e9pond lorsque l&rsquo;on compose le 18 ? Quelle est la conduite \u00e0 tenir en attendant les secours ? Etc.<\/p>\n<p style=\"text-align: justify;\">Les Sapeurs-pompiers de Monclar-de-Quercy comptent sur vous, et vous accueilleront chaleureusement le Samedi 5 D\u00e9cembre de 9h \u00e0 17h au centre de secours.<\/p>\n<p style=\"text-align: justify;\">Des peluches et des portes-cl\u00e9s seront aussi en vente au profit du T\u00e9l\u00e9thon.<\/p>\n<p style=\"text-align: justify;\">Le Pr\u00e9sident de l&rsquo;Amicale des Sapeurs-Pompiers de Monclar de Quercy<br \/>\nJean-Michel MARTY.<\/p>\n","protected":false},"excerpt":{"rendered":"<div class=\"mh-excerpt\">Comme les ann\u00e9es pr\u00e9c\u00e9dentes, \u00e0 l&rsquo;occasion du t\u00e9l\u00e9thon, le centre de secours de Monclar de Quercy propose de faire visiter<\/div>\n","protected":false},"author":8,"featured_media":0,"comment_status":"open","ping_status":"open","sticky":false,"template":"","format":"standard","meta":{"om_disable_all_campaigns":false,"advanced_seo_description":"","jetpack_seo_html_title":"","jetpack_seo_noindex":false,"_jetpack_memberships_contains_paid_content":false,"footnotes":"","_links_to":"","_links_to_target":""},"categories":[91,16,58,141],"tags":[143,2564],"class_list":{"0":"post-1347","1":"post","2":"type-post","3":"status-publish","4":"format-standard","6":"category-telethon","7":"category-monclar","8":"category-sante","9":"category-n-43","10":"tag-monclar-de-quercy","11":"tag-telethon"},"jetpack_featured_media_url":"","views":{"total":0,"cached_at":"","cached_date":1738515400},"jetpack_likes_enabled":true,"jetpack_sharing_enabled":true,"jetpack_shortlink":"https:\/\/wp.me\/pg7Wxj-lJ","jetpack-related-posts":[],"_links":{"self":[{"href":"https:\/\/www.o-p-i.fr\/parlonsen\/wp-json\/wp\/v2\/posts\/1347","targetHints":{"allow":["GET"]}}],"collection":[{"href":"https:\/\/www.o-p-i.fr\/parlonsen\/wp-json\/wp\/v2\/posts"}],"about":[{"href":"https:\/\/www.o-p-i.fr\/parlonsen\/wp-json\/wp\/v2\/types\/post"}],"author":[{"embeddable":true,"href":"https:\/\/www.o-p-i.fr\/parlonsen\/wp-json\/wp\/v2\/users\/8"}],"replies":[{"embeddable":true,"href":"https:\/\/www.o-p-i.fr\/parlonsen\/wp-json\/wp\/v2\/comments?post=1347"}],"version-history":[{"count":0,"href":"https:\/\/www.o-p-i.fr\/parlonsen\/wp-json\/wp\/v2\/posts\/1347\/revisions"}],"wp:attachment":[{"href":"https:\/\/www.o-p-i.fr\/parlonsen\/wp-json\/wp\/v2\/media?parent=1347"}],"wp:term":[{"taxonomy":"category","embeddable":true,"href":"https:\/\/www.o-p-i.fr\/parlonsen\/wp-json\/wp\/v2\/categories?post=1347"},{"taxonomy":"post_tag","embeddable":true,"href":"https:\/\/www.o-p-i.fr\/parlonsen\/wp-json\/wp\/v2\/tags?post=1347"}],"curies":[{"name":"wp","href":"https:\/\/api.w.org\/{rel}","templated":true}]}}