{"id":13505,"date":"2012-08-28T15:47:28","date_gmt":"2012-08-28T13:47:28","guid":{"rendered":"\/parlonsen\/?p=13505"},"modified":"2012-08-29T17:07:03","modified_gmt":"2012-08-29T15:07:03","slug":"bapteme-du-stade-de-foot-a-tauriac","status":"publish","type":"post","link":"https:\/\/www.o-p-i.fr\/parlonsen\/parlons-en\/culture\/bapteme-du-stade-de-foot-a-tauriac\/","title":{"rendered":"Bapt\u00eame du stade de foot &#8230; \u00e0 Tauriac"},"content":{"rendered":"<p style=\"text-align: justify;\">En hommage \u00e0 la personne qui a mis ce terrain \u00e0 la disposition de la commune, le stade sera baptis\u00e9 le <strong>Samedi 8 Septembre 2012<\/strong>.<!--more--><\/p>\n<p style=\"text-align: justify;\">\n<div class=\"mceTemp\" style=\"text-align: justify;\">\n<dl id=\"attachment_13506\" class=\"wp-caption alignright\" style=\"width: 370px;\">\n<dt class=\"wp-caption-dt\"><a href=\"https:\/\/i0.wp.com\/www.o-p-i.fr\/parlonsen\/wp-content\/uploads\/foot-tauriac.jpg?ssl=1\"><img data-recalc-dims=\"1\" loading=\"lazy\" decoding=\"async\" class=\"size-full wp-image-13506 \" title=\"Tauriac (81)\" src=\"https:\/\/i0.wp.com\/www.o-p-i.fr\/parlonsen\/wp-content\/uploads\/foot-tauriac.jpg?resize=360%2C480&#038;ssl=1\" alt=\"Tauriac (81)\" width=\"360\" height=\"480\" srcset=\"https:\/\/i0.wp.com\/www.o-p-i.fr\/parlonsen\/wp-content\/uploads\/foot-tauriac.jpg?w=600&amp;ssl=1 600w, https:\/\/i0.wp.com\/www.o-p-i.fr\/parlonsen\/wp-content\/uploads\/foot-tauriac.jpg?resize=225%2C300&amp;ssl=1 225w\" sizes=\"auto, (max-width: 360px) 100vw, 360px\" \/><\/a><\/dt>\n<dd class=\"wp-caption-dd\">Tauriac (81)<\/dd>\n<\/dl>\n<\/div>\n<p style=\"text-align: justify;\"><a title=\"Voir l'article dans Parlons En\" href=\"https:\/\/www.o-p-i.fr\/parlonsen\/parlons-en\/culture\/tauriac-prepare-une-journee-intergenerations\/\">Comme nous vous l&rsquo;annoncions d\u00e9but ao\u00fbt<\/a>, Tauriac associera jeunes et moins jeunes  au cours d&rsquo;une journ\u00e9e ou le meilleur accueil vous attend.<\/p>\n<h4 style=\"text-align: justify;\">Programme de la journ\u00e9e<\/h4>\n<p style=\"text-align: justify;\">\n<ul>\n<li>14h30 : \tAccueil des jeunes des \u00e9quipes du  \t\tToulouse Football Club et de l\u2019Union \t\tSportive Albigeoise<\/li>\n<li> 15h00 :\t\tMatch TFC \/ US Albi<\/li>\n<li> 16h30 : \tFin du match<\/li>\n<li> Pose inaugurale de la plaque \u00ab Stade \t\tGeorges de Vivi\u00e8s \u00bb en pr\u00e9sence de \t\tMme Marie-Elisabeth de Martin de \t\tVivi\u00e8s<\/li>\n<li> 16h45 : \tD\u00e9but du match Toulouse SALSA \/\t\tTAURIAC<\/li>\n<li> 17h30 :\t\tFin de la 1\u00e8re mi-temps<\/li>\n<li> 17h45 : \t2nde mi-temps et remise des prix aux \t\tjeunes de Tauriac<\/li>\n<li> 18h00 :\t\t Accueil des personnalit\u00e9s \u00e0 la Mairie<\/li>\n<li> 18h30 :\t\t Inauguration de la Maison Partag\u00e9e en\t\tpr\u00e9sence de Monsieur Thierry\t\t\tCARCENAC, Pr\u00e9sident du Conseil\t\tG\u00e9n\u00e9ral<\/li>\n<li> 19h30 : \tAp\u00e9ritif suivi d\u2019un buffet \u00e0 la salle des \t\tf\u00eates<\/li>\n<li> 21h00 : \tSoir\u00e9e dansante<\/li>\n<\/ul>\n<p style=\"text-align: justify;\"><em>Communiqu\u00e9 de Michel Buffel.<\/em><\/p>\n<p style=\"text-align: justify;\"><em> <\/em> <a href=\"https:\/\/www.o-p-i.fr\/parlonsen\/agenda\/\"><strong>Retrouvez tous les \u00e9v\u00e8nements dans l&rsquo;agenda !<\/strong><\/a><\/p>\n","protected":false},"excerpt":{"rendered":"<div class=\"mh-excerpt\">En hommage \u00e0 la personne qui a mis ce terrain \u00e0 la disposition de la commune, le stade sera baptis\u00e9 le Samedi 8 Septembre 2012.<\/div>\n","protected":false},"author":2,"featured_media":0,"comment_status":"open","ping_status":"open","sticky":false,"template":"","format":"standard","meta":{"om_disable_all_campaigns":false,"advanced_seo_description":"","jetpack_seo_html_title":"","jetpack_seo_noindex":false,"_jetpack_memberships_contains_paid_content":false,"footnotes":"","_links_to":"","_links_to_target":""},"categories":[1,54,648,53,21,1364],"tags":[39,2546,322,454,1409],"class_list":{"0":"post-13505","1":"post","2":"type-post","3":"status-publish","4":"format-standard","6":"category-culture","7":"category-loisirs","8":"category-cest-la-rentree","9":"category-sports","10":"category-tauriac","11":"category-n-77-septembre-2012","12":"tag-ecole-de-foot","13":"tag-tauriac","14":"tag-rtfc","15":"tag-football","16":"tag-stade"},"jetpack_featured_media_url":"","views":{"total":0,"cached_at":"","cached_date":1738423495},"jetpack_likes_enabled":true,"jetpack_sharing_enabled":true,"jetpack_shortlink":"https:\/\/wp.me\/pg7Wxj-3vP","jetpack-related-posts":[],"_links":{"self":[{"href":"https:\/\/www.o-p-i.fr\/parlonsen\/wp-json\/wp\/v2\/posts\/13505","targetHints":{"allow":["GET"]}}],"collection":[{"href":"https:\/\/www.o-p-i.fr\/parlonsen\/wp-json\/wp\/v2\/posts"}],"about":[{"href":"https:\/\/www.o-p-i.fr\/parlonsen\/wp-json\/wp\/v2\/types\/post"}],"author":[{"embeddable":true,"href":"https:\/\/www.o-p-i.fr\/parlonsen\/wp-json\/wp\/v2\/users\/2"}],"replies":[{"embeddable":true,"href":"https:\/\/www.o-p-i.fr\/parlonsen\/wp-json\/wp\/v2\/comments?post=13505"}],"version-history":[{"count":0,"href":"https:\/\/www.o-p-i.fr\/parlonsen\/wp-json\/wp\/v2\/posts\/13505\/revisions"}],"wp:attachment":[{"href":"https:\/\/www.o-p-i.fr\/parlonsen\/wp-json\/wp\/v2\/media?parent=13505"}],"wp:term":[{"taxonomy":"category","embeddable":true,"href":"https:\/\/www.o-p-i.fr\/parlonsen\/wp-json\/wp\/v2\/categories?post=13505"},{"taxonomy":"post_tag","embeddable":true,"href":"https:\/\/www.o-p-i.fr\/parlonsen\/wp-json\/wp\/v2\/tags?post=13505"}],"curies":[{"name":"wp","href":"https:\/\/api.w.org\/{rel}","templated":true}]}}