{"id":1352,"date":"2009-11-29T20:29:18","date_gmt":"2009-11-29T18:29:18","guid":{"rendered":"\/parlonsen\/?p=1352"},"modified":"2009-11-29T20:29:18","modified_gmt":"2009-11-29T18:29:18","slug":"nouveau-bureau-pour-lape-de-castelnau-de-montmiral","status":"publish","type":"post","link":"https:\/\/www.o-p-i.fr\/parlonsen\/parlons-en\/pratique\/nouveau-bureau-pour-lape-de-castelnau-de-montmiral\/","title":{"rendered":"Nouveau bureau pour l&rsquo;APE de Castelnau de Montmiral"},"content":{"rendered":"<p>L&rsquo;Association des Parents d&rsquo;\u00c9l\u00e8ves (A.P.E) de Castelnau de Montmiral c&rsquo;est dot\u00e9 d&rsquo;un nouveau bureau<!--more--> ; en voici la composition :<\/p>\n<p>Pr\u00e9sidente : Pascale del Porto<br \/>\nSecr\u00e9taire : J\u00e9r\u00f4me Galaup<br \/>\nTr\u00e9sori\u00e8re : Catherine Claret<br \/>\nPour un meilleur fonctionnement de l&rsquo;association, des commissions ont \u00e9t\u00e9 mises en place avec, pour chacune d&rsquo;elle, une personne r\u00e9f\u00e9rente :<br \/>\n&#8211; Go\u00fbter de No\u00ebl -&gt; Florie Chaumet-Lagrange<br \/>\n&#8211; Vente de calendrier -&gt; Marion Aulard<br \/>\n&#8211; Ap\u00e9ro concert -&gt; Gilles Smith<br \/>\n&#8211; Atelier cuisine -&gt; C\u00e9cile Duval<br \/>\n&#8211; Kermesse -&gt; J\u00e9r\u00f4me Galaup<br \/>\n&#8211; Commission du lien (pour la communication) -&gt; Kim Van Slaghmolen<br \/>\n&#8211; Commission cantine -&gt; Pascale del Porto<\/p>\n<p><strong>Contact :<br \/>\nAPE de Castelnau-de-Montmiral <\/strong><\/p>\n","protected":false},"excerpt":{"rendered":"<div class=\"mh-excerpt\">L&rsquo;Association des Parents d&rsquo;\u00c9l\u00e8ves (A.P.E) de Castelnau de Montmiral c&rsquo;est dot\u00e9 d&rsquo;un nouveau bureau<\/div>\n","protected":false},"author":2,"featured_media":0,"comment_status":"open","ping_status":"open","sticky":false,"template":"","format":"standard","meta":{"om_disable_all_campaigns":false,"advanced_seo_description":"","jetpack_seo_html_title":"","jetpack_seo_noindex":false,"_jetpack_memberships_contains_paid_content":false,"footnotes":"","_links_to":"","_links_to_target":""},"categories":[22,6,141],"tags":[158,188],"class_list":{"0":"post-1352","1":"post","2":"type-post","3":"status-publish","4":"format-standard","6":"category-castelnau","7":"category-pratique","8":"category-n-43","9":"tag-castelnau-de-montmiral","10":"tag-ape"},"jetpack_featured_media_url":"","views":{"total":0,"cached_at":"","cached_date":1738515412},"jetpack_likes_enabled":true,"jetpack_sharing_enabled":true,"jetpack_shortlink":"https:\/\/wp.me\/pg7Wxj-lO","jetpack-related-posts":[],"_links":{"self":[{"href":"https:\/\/www.o-p-i.fr\/parlonsen\/wp-json\/wp\/v2\/posts\/1352","targetHints":{"allow":["GET"]}}],"collection":[{"href":"https:\/\/www.o-p-i.fr\/parlonsen\/wp-json\/wp\/v2\/posts"}],"about":[{"href":"https:\/\/www.o-p-i.fr\/parlonsen\/wp-json\/wp\/v2\/types\/post"}],"author":[{"embeddable":true,"href":"https:\/\/www.o-p-i.fr\/parlonsen\/wp-json\/wp\/v2\/users\/2"}],"replies":[{"embeddable":true,"href":"https:\/\/www.o-p-i.fr\/parlonsen\/wp-json\/wp\/v2\/comments?post=1352"}],"version-history":[{"count":0,"href":"https:\/\/www.o-p-i.fr\/parlonsen\/wp-json\/wp\/v2\/posts\/1352\/revisions"}],"wp:attachment":[{"href":"https:\/\/www.o-p-i.fr\/parlonsen\/wp-json\/wp\/v2\/media?parent=1352"}],"wp:term":[{"taxonomy":"category","embeddable":true,"href":"https:\/\/www.o-p-i.fr\/parlonsen\/wp-json\/wp\/v2\/categories?post=1352"},{"taxonomy":"post_tag","embeddable":true,"href":"https:\/\/www.o-p-i.fr\/parlonsen\/wp-json\/wp\/v2\/tags?post=1352"}],"curies":[{"name":"wp","href":"https:\/\/api.w.org\/{rel}","templated":true}]}}