{"id":13532,"date":"2012-08-29T16:33:52","date_gmt":"2012-08-29T14:33:52","guid":{"rendered":"\/parlonsen\/?p=13532"},"modified":"2012-08-22T16:56:42","modified_gmt":"2012-08-22T14:56:42","slug":"piano-au-palais-a-albi","status":"publish","type":"post","link":"https:\/\/www.o-p-i.fr\/parlonsen\/parlons-en\/culture\/piano-au-palais-a-albi\/","title":{"rendered":"Piano au Palais &#8230; \u00e0 Albi"},"content":{"rendered":"<p>Jean-Fr\u00e9d\u00e9ric Neuburger et Sebastian Tortosa . <strong>Vendredi 7 septembre 2012<\/strong> \u00e0 20h00 . Palais de la Berbie &#8211; Mus\u00e9e Toulouse-Lautrec<!--more--><\/p>\n<figure id=\"attachment_13533\" aria-describedby=\"caption-attachment-13533\" style=\"width: 497px\" class=\"wp-caption aligncenter\"><a href=\"https:\/\/i0.wp.com\/www.o-p-i.fr\/parlonsen\/wp-content\/uploads\/pianoaupalais.jpg?ssl=1\"><img data-recalc-dims=\"1\" loading=\"lazy\" decoding=\"async\" class=\"size-full wp-image-13533\" title=\"Albi (81)\" src=\"https:\/\/i0.wp.com\/www.o-p-i.fr\/parlonsen\/wp-content\/uploads\/pianoaupalais.jpg?resize=497%2C706&#038;ssl=1\" alt=\"Albi (81)\" width=\"497\" height=\"706\" srcset=\"https:\/\/i0.wp.com\/www.o-p-i.fr\/parlonsen\/wp-content\/uploads\/pianoaupalais.jpg?w=497&amp;ssl=1 497w, https:\/\/i0.wp.com\/www.o-p-i.fr\/parlonsen\/wp-content\/uploads\/pianoaupalais.jpg?resize=211%2C300&amp;ssl=1 211w\" sizes=\"auto, (max-width: 497px) 100vw, 497px\" \/><\/a><figcaption id=\"caption-attachment-13533\" class=\"wp-caption-text\">Albi (81)<\/figcaption><\/figure>\n<p style=\"text-align: center;\">En cas d\u2019intemp\u00e9ries : la soir\u00e9e musicale aura lieu \u00e0 l\u2019\u00e9glise de la Madeleine, rue Rinaldi \u00e0 Albi aux m\u00eames horaires.<\/p>\n<p><strong>Tarifs<\/strong><br \/>\nNormal : 20 \u20ac<br \/>\nR\u00e9duit 15 \u20ac (jeunes de 13 \u00e0 25 ans, adh\u00e9rents Musique Esp\u00e9rance)<br \/>\nGratuit pour les enfants jusqu\u2019\u00e0 12 ans accompagn\u00e9s par un adulte.<\/p>\n<p><strong>Billetterie<\/strong> <em>Placement libre<\/em><br \/>\nAu mus\u00e9e Toulouse-Lautrec, Salle Choiseul<br \/>\n\u2022 les mardi 4, mercredi 5 et jeudi 6 septembre 2012 de 16h \u00e0 18h<br \/>\n\u2022 le vendredi 7 septembre 2012 de 13h30 \u00e0 17h.<\/p>\n<p><strong>Renseignements et r\u00e9servations :<\/strong><br \/>\nT\u00e9l. : 05 63 38 42 87.<\/p>\n<p>Pour tout billet r\u00e9serv\u00e9 par t\u00e9l\u00e9phone, le paiement sera transmis par ch\u00e8que, <span style=\"text-decoration: underline;\">au plus tard le 3 septembre 2012<\/span>, \u00e0 :<br \/>\nMusique Esp\u00e9rance Albi-Tarn<br \/>\n32 avenue Fran\u00e7ois Verdier<br \/>\n81000 ALBI<\/p>\n","protected":false},"excerpt":{"rendered":"<div class=\"mh-excerpt\">Jean-Fr\u00e9d\u00e9ric Neuburger et Sebastian Tortosa . Vendredi 7 septembre 2012 \u00e0 20h00 . Palais de la Berbie &#8211; Mus\u00e9e Toulouse-Lautrec<\/div>\n","protected":false},"author":2,"featured_media":0,"comment_status":"open","ping_status":"open","sticky":false,"template":"","format":"standard","meta":{"om_disable_all_campaigns":false,"advanced_seo_description":"","jetpack_seo_html_title":"","jetpack_seo_noindex":false,"_jetpack_memberships_contains_paid_content":false,"footnotes":"","_links_to":"","_links_to_target":""},"categories":[42,1,54,1364],"tags":[43,44,1384],"class_list":{"0":"post-13532","1":"post","2":"type-post","3":"status-publish","4":"format-standard","6":"category-a-cote-de-chez-nous","7":"category-culture","8":"category-loisirs","9":"category-n-77-septembre-2012","10":"tag-concert","11":"tag-albi","12":"tag-piano"},"jetpack_featured_media_url":"","views":{"total":0,"cached_at":"","cached_date":1738423596},"jetpack_likes_enabled":true,"jetpack_sharing_enabled":true,"jetpack_shortlink":"https:\/\/wp.me\/pg7Wxj-3wg","jetpack-related-posts":[],"_links":{"self":[{"href":"https:\/\/www.o-p-i.fr\/parlonsen\/wp-json\/wp\/v2\/posts\/13532","targetHints":{"allow":["GET"]}}],"collection":[{"href":"https:\/\/www.o-p-i.fr\/parlonsen\/wp-json\/wp\/v2\/posts"}],"about":[{"href":"https:\/\/www.o-p-i.fr\/parlonsen\/wp-json\/wp\/v2\/types\/post"}],"author":[{"embeddable":true,"href":"https:\/\/www.o-p-i.fr\/parlonsen\/wp-json\/wp\/v2\/users\/2"}],"replies":[{"embeddable":true,"href":"https:\/\/www.o-p-i.fr\/parlonsen\/wp-json\/wp\/v2\/comments?post=13532"}],"version-history":[{"count":0,"href":"https:\/\/www.o-p-i.fr\/parlonsen\/wp-json\/wp\/v2\/posts\/13532\/revisions"}],"wp:attachment":[{"href":"https:\/\/www.o-p-i.fr\/parlonsen\/wp-json\/wp\/v2\/media?parent=13532"}],"wp:term":[{"taxonomy":"category","embeddable":true,"href":"https:\/\/www.o-p-i.fr\/parlonsen\/wp-json\/wp\/v2\/categories?post=13532"},{"taxonomy":"post_tag","embeddable":true,"href":"https:\/\/www.o-p-i.fr\/parlonsen\/wp-json\/wp\/v2\/tags?post=13532"}],"curies":[{"name":"wp","href":"https:\/\/api.w.org\/{rel}","templated":true}]}}