{"id":13556,"date":"2012-08-29T15:08:39","date_gmt":"2012-08-29T13:08:39","guid":{"rendered":"\/parlonsen\/?p=13556"},"modified":"2012-08-29T16:49:31","modified_gmt":"2012-08-29T14:49:31","slug":"la-culture-occitane-a-la-fete-des-vendanges-avec-tgoc-a-albias-82","status":"publish","type":"post","link":"https:\/\/www.o-p-i.fr\/parlonsen\/parlons-en\/culture\/la-culture-occitane-a-la-fete-des-vendanges-avec-tgoc-a-albias-82\/","title":{"rendered":"La culture occitane \u00e0 la f\u00eate des vendanges avec TG&rsquo;OC  &#8230; \u00e0 Albias (82)"},"content":{"rendered":"<p style=\"text-align: justify;\">La culture occitane sera pr\u00e9sente \u00e0 la f\u00eate des vendanges au Domaine de Montels le <strong>Dimanche 2 septembre 2012<\/strong> \u00e0 Albias. <!--more--><\/p>\n<p style=\"text-align: justify;\">\n<figure id=\"attachment_13557\" aria-describedby=\"caption-attachment-13557\" style=\"width: 400px\" class=\"wp-caption alignright\"><a href=\"https:\/\/i0.wp.com\/www.o-p-i.fr\/parlonsen\/wp-content\/uploads\/tgocnoelmontels.jpg?ssl=1\"><img data-recalc-dims=\"1\" loading=\"lazy\" decoding=\"async\" class=\"size-full wp-image-13557\" title=\"En toutes saisons et en de nombreuses occasions , TG'OC vous invite \u00e0 d\u00e9couvrir notre culture mill\u00e9naire, l'occitan.\" src=\"https:\/\/i0.wp.com\/www.o-p-i.fr\/parlonsen\/wp-content\/uploads\/tgocnoelmontels.jpg?resize=400%2C267&#038;ssl=1\" alt=\"En toutes saisons et en de nombreuses occasions , TG'OC vous invite \u00e0 d\u00e9couvrir notre culture mill\u00e9naire, l'occitan.\" width=\"400\" height=\"267\" srcset=\"https:\/\/i0.wp.com\/www.o-p-i.fr\/parlonsen\/wp-content\/uploads\/tgocnoelmontels.jpg?w=400&amp;ssl=1 400w, https:\/\/i0.wp.com\/www.o-p-i.fr\/parlonsen\/wp-content\/uploads\/tgocnoelmontels.jpg?resize=300%2C200&amp;ssl=1 300w\" sizes=\"auto, (max-width: 400px) 100vw, 400px\" \/><\/a><figcaption id=\"caption-attachment-13557\" class=\"wp-caption-text\">En toutes saisons et en de nombreuses occasions , TG&#39;OC vous invite \u00e0 d\u00e9couvrir notre culture mill\u00e9naire, l&#39;occitan.<\/figcaption><\/figure>\n<p style=\"text-align: justify;\">En effet, \u00ab\u00a0Tarn e Garona occitan \/ Association Fr\u00e9d\u00e9ric Cayrou\u00a0\u00bb (TG&rsquo;OC) y participera avec l&rsquo;ASAGAL, stand itin\u00e9rant de promotion de la  culture occitane.<\/p>\n<p style=\"text-align: justify;\">Vous pourrez y trouver des livres en occitan et en fran\u00e7ais, des CD et des DVD, des auto-collants (pega solets), des v\u00eatements et objets identitaires (Macarel), des croix et des drapeaux occitans tous supports et toutes tailles, des documents p\u00e9dagogiques pour s&rsquo;initier ou se perfectionner \u00e0 l&rsquo;occitan avec  le support de cours individuels ou collectifs ou m\u00eame en autodidacte.<\/p>\n<p style=\"text-align: justify;\">La culture occitane sera aussi pr\u00e9sente avec tous les renseignements et conseils que pourront vous donner Nadyne et Robert au stand de l&rsquo;Asagal de TG&rsquo;OC.<\/p>\n<p style=\"text-align: justify;\"><strong><br \/>\nDimanche 2 septembre<\/strong>, de 10h \u00e0 18h, la culture occitane vous donne rendez vous \u00e0 la f\u00eate des vendanges au Domaine de Montels \u00e0 Albias. Soyons nombreux \u00e0 promouvoir cette culture mill\u00e9naire qui ne demande qu&rsquo;\u00e0 s&rsquo;\u00e9panouir pour le plus grand bonheur de chacun.<\/p>\n<p style=\"text-align: justify;\"><strong>Occitania, un pa\u00efs que v\u00f2l viure ! Una lenga que v\u00f2l pas crevar !<\/strong><\/p>\n<p style=\"text-align: justify;\"><strong>Contacts :<\/strong> <a title=\"En savoir +\" href=\"https:\/\/www.o-p-i.fr\/7alire\/occitanie\/tarn-e-garona-occitan\/\" target=\"_blank\">Tarn e Garona Occitan<\/a> ou <a title=\"Cliquez pour ouvrir la fiche dans l'annuaire d'OPI\" href=\"https:\/\/www.o-p-i.fr\/aupays\/annuaire\/loisirs\/autriche-et-pays-doc\/\">Autriche et Pays d\u2019Oc<\/a><\/p>\n<p style=\"text-align: justify;\"><em>Communiqu\u00e9 et photo : Robert Linas<\/em><\/p>\n","protected":false},"excerpt":{"rendered":"<div class=\"mh-excerpt\">La culture occitane sera pr\u00e9sente \u00e0 la f\u00eate des vendanges au Domaine de Montels le Dimanche 2 septembre 2012 \u00e0 Albias.<\/div>\n","protected":false},"author":2,"featured_media":0,"comment_status":"open","ping_status":"open","sticky":false,"template":"","format":"standard","meta":{"om_disable_all_campaigns":false,"advanced_seo_description":"","jetpack_seo_html_title":"","jetpack_seo_noindex":false,"_jetpack_memberships_contains_paid_content":false,"footnotes":"","_links_to":"","_links_to_target":""},"categories":[3,51,4,42,1,54,291,1364],"tags":[2538,62,133,138,638,639,640,56],"class_list":{"0":"post-13556","1":"post","2":"type-post","3":"status-publish","4":"format-standard","6":"category-agriculture","7":"category-artisanat","8":"category-commerce","9":"category-a-cote-de-chez-nous","10":"category-culture","11":"category-loisirs","12":"category-solidarite","13":"category-n-77-septembre-2012","14":"tag-culture","15":"tag-occitan","16":"tag-occitanie","17":"tag-marche","18":"tag-vendanges","19":"tag-domaine-de-montels","20":"tag-albias","21":"tag-fete"},"jetpack_featured_media_url":"","views":{"total":0,"cached_at":"","cached_date":1738463734},"jetpack_likes_enabled":true,"jetpack_sharing_enabled":true,"jetpack_shortlink":"https:\/\/wp.me\/pg7Wxj-3wE","jetpack-related-posts":[],"_links":{"self":[{"href":"https:\/\/www.o-p-i.fr\/parlonsen\/wp-json\/wp\/v2\/posts\/13556","targetHints":{"allow":["GET"]}}],"collection":[{"href":"https:\/\/www.o-p-i.fr\/parlonsen\/wp-json\/wp\/v2\/posts"}],"about":[{"href":"https:\/\/www.o-p-i.fr\/parlonsen\/wp-json\/wp\/v2\/types\/post"}],"author":[{"embeddable":true,"href":"https:\/\/www.o-p-i.fr\/parlonsen\/wp-json\/wp\/v2\/users\/2"}],"replies":[{"embeddable":true,"href":"https:\/\/www.o-p-i.fr\/parlonsen\/wp-json\/wp\/v2\/comments?post=13556"}],"version-history":[{"count":0,"href":"https:\/\/www.o-p-i.fr\/parlonsen\/wp-json\/wp\/v2\/posts\/13556\/revisions"}],"wp:attachment":[{"href":"https:\/\/www.o-p-i.fr\/parlonsen\/wp-json\/wp\/v2\/media?parent=13556"}],"wp:term":[{"taxonomy":"category","embeddable":true,"href":"https:\/\/www.o-p-i.fr\/parlonsen\/wp-json\/wp\/v2\/categories?post=13556"},{"taxonomy":"post_tag","embeddable":true,"href":"https:\/\/www.o-p-i.fr\/parlonsen\/wp-json\/wp\/v2\/tags?post=13556"}],"curies":[{"name":"wp","href":"https:\/\/api.w.org\/{rel}","templated":true}]}}