{"id":13563,"date":"2012-08-29T16:59:16","date_gmt":"2012-08-29T14:59:16","guid":{"rendered":"\/parlonsen\/?p=13563"},"modified":"2012-08-29T16:59:16","modified_gmt":"2012-08-29T14:59:16","slug":"le-marche-occitan-se-poursuit-en-septembre-a-monclar-de-quercy","status":"publish","type":"post","link":"https:\/\/www.o-p-i.fr\/parlonsen\/parlons-en\/commerce\/le-marche-occitan-se-poursuit-en-septembre-a-monclar-de-quercy\/","title":{"rendered":"Le march\u00e9 occitan se poursuit en septembre ! &#8230; \u00e0 Monclar de Quercy"},"content":{"rendered":"<p>Tous les dimanches matin de juillet et ao\u00fbt a lieu le march\u00e9 occitan Place des Capitouls (Mairie). <!--more--><\/p>\n<p style=\"text-align: justify;\">\n<figure id=\"attachment_13564\" aria-describedby=\"caption-attachment-13564\" style=\"width: 400px\" class=\"wp-caption alignright\"><a href=\"https:\/\/i0.wp.com\/www.o-p-i.fr\/parlonsen\/wp-content\/uploads\/marche_monclar82.jpg?ssl=1\"><img data-recalc-dims=\"1\" loading=\"lazy\" decoding=\"async\" class=\"size-full wp-image-13564\" title=\"Monclar de Quercy (82)\" src=\"https:\/\/i0.wp.com\/www.o-p-i.fr\/parlonsen\/wp-content\/uploads\/marche_monclar82.jpg?resize=400%2C300&#038;ssl=1\" alt=\"Monclar de Quercy (82)\" width=\"400\" height=\"300\" srcset=\"https:\/\/i0.wp.com\/www.o-p-i.fr\/parlonsen\/wp-content\/uploads\/marche_monclar82.jpg?w=400&amp;ssl=1 400w, https:\/\/i0.wp.com\/www.o-p-i.fr\/parlonsen\/wp-content\/uploads\/marche_monclar82.jpg?resize=300%2C225&amp;ssl=1 300w\" sizes=\"auto, (max-width: 400px) 100vw, 400px\" \/><\/a><figcaption id=\"caption-attachment-13564\" class=\"wp-caption-text\">Monclar de Quercy (82)<\/figcaption><\/figure>\n<p>A la demande des clients, ce march\u00e9 se poursuit en septembre et vous  pourrez venir vous approvisionner en produits du terroir de qualit\u00e9.<\/p>\n<p style=\"text-align: justify;\"><strong>7 \u00e0 savoir !<\/strong> Un march\u00e9 de Plein Vent a lieu tous les jeudis matin, au  m\u00eame endroit.<br \/>\nRenseignements aupr\u00e8s de la <a title=\"Cliquez pour ouvrir la fiche dans l'annuaire d'OPI\" href=\"https:\/\/www.o-p-i.fr\/aupays\/annuaire\/mairie-monclar-de-quercy\/\">Mairie<\/a><\/p>\n<p><strong>Contact : <\/strong><a title=\"Cliquez pour ouvrir la fiche dans l'annuaire d'OPI\" href=\"https:\/\/www.o-p-i.fr\/aupays\/annuaire\/tourisme\/office-du-tourisme\/\">Office du Tourisme<\/a><\/p>\n<p><em>Communiqu\u00e9 et photo : Robert Linas<\/em><\/p>\n","protected":false},"excerpt":{"rendered":"<div class=\"mh-excerpt\">Tous les dimanches matin de juillet et ao\u00fbt a lieu le march\u00e9 occitan Place des Capitouls (Mairie).<\/div>\n","protected":false},"author":2,"featured_media":0,"comment_status":"open","ping_status":"open","sticky":false,"template":"","format":"standard","meta":{"om_disable_all_campaigns":false,"advanced_seo_description":"","jetpack_seo_html_title":"","jetpack_seo_noindex":false,"_jetpack_memberships_contains_paid_content":false,"footnotes":"","_links_to":"","_links_to_target":""},"categories":[4,16,54,648,6,1364],"tags":[62,138,143],"class_list":{"0":"post-13563","1":"post","2":"type-post","3":"status-publish","4":"format-standard","6":"category-commerce","7":"category-monclar","8":"category-loisirs","9":"category-cest-la-rentree","10":"category-pratique","11":"category-n-77-septembre-2012","12":"tag-occitan","13":"tag-marche","14":"tag-monclar-de-quercy"},"jetpack_featured_media_url":"","views":{"total":0,"cached_at":"","cached_date":1738466586},"jetpack_likes_enabled":true,"jetpack_sharing_enabled":true,"jetpack_shortlink":"https:\/\/wp.me\/pg7Wxj-3wL","jetpack-related-posts":[],"_links":{"self":[{"href":"https:\/\/www.o-p-i.fr\/parlonsen\/wp-json\/wp\/v2\/posts\/13563","targetHints":{"allow":["GET"]}}],"collection":[{"href":"https:\/\/www.o-p-i.fr\/parlonsen\/wp-json\/wp\/v2\/posts"}],"about":[{"href":"https:\/\/www.o-p-i.fr\/parlonsen\/wp-json\/wp\/v2\/types\/post"}],"author":[{"embeddable":true,"href":"https:\/\/www.o-p-i.fr\/parlonsen\/wp-json\/wp\/v2\/users\/2"}],"replies":[{"embeddable":true,"href":"https:\/\/www.o-p-i.fr\/parlonsen\/wp-json\/wp\/v2\/comments?post=13563"}],"version-history":[{"count":0,"href":"https:\/\/www.o-p-i.fr\/parlonsen\/wp-json\/wp\/v2\/posts\/13563\/revisions"}],"wp:attachment":[{"href":"https:\/\/www.o-p-i.fr\/parlonsen\/wp-json\/wp\/v2\/media?parent=13563"}],"wp:term":[{"taxonomy":"category","embeddable":true,"href":"https:\/\/www.o-p-i.fr\/parlonsen\/wp-json\/wp\/v2\/categories?post=13563"},{"taxonomy":"post_tag","embeddable":true,"href":"https:\/\/www.o-p-i.fr\/parlonsen\/wp-json\/wp\/v2\/tags?post=13563"}],"curies":[{"name":"wp","href":"https:\/\/api.w.org\/{rel}","templated":true}]}}