{"id":1361,"date":"2009-11-29T21:03:33","date_gmt":"2009-11-29T19:03:33","guid":{"rendered":"\/parlonsen\/?p=1361"},"modified":"2009-12-02T12:23:16","modified_gmt":"2009-12-02T10:23:16","slug":"bienvenue-a-nos-amis-de-lest-de-la-france-a-leojac","status":"publish","type":"post","link":"https:\/\/www.o-p-i.fr\/parlonsen\/localisation\/au-pays-des-tescous\/leojac\/bienvenue-a-nos-amis-de-lest-de-la-france-a-leojac\/","title":{"rendered":"Bienvenue \u00e0 nos amis de l&rsquo;Est de la France &#8230; \u00e0 L\u00e9ojac"},"content":{"rendered":"<p style=\"text-align: justify;\">Samedi soir, notre salle des f\u00eates \u00e9tait le point de rendez-vous des membres de l&rsquo;<strong>amicale de l&rsquo;Est de la France<\/strong>. C&rsquo;est en famille qu&rsquo;ils se sont retrouv\u00e9s pour y f\u00eater, avec un  peu d&rsquo;avance sur le calendrier, la Saint Nicolas. <!--more--><\/p>\n<figure id=\"attachment_1362\" aria-describedby=\"caption-attachment-1362\" style=\"width: 144px\" class=\"wp-caption alignleft\"><img data-recalc-dims=\"1\" loading=\"lazy\" decoding=\"async\" class=\"size-full wp-image-1362\" title=\"Des filles de l'Est...de la France...si belles avec leur sourire charmeur !\" src=\"https:\/\/i0.wp.com\/www.o-p-i.fr\/parlonsen\/wp-content\/uploads\/est.jpg?resize=144%2C181&#038;ssl=1\" alt=\"Des filles de l'Est...de la France...si belles avec leur sourire charmeur !\" width=\"144\" height=\"181\" srcset=\"https:\/\/i0.wp.com\/www.o-p-i.fr\/parlonsen\/wp-content\/uploads\/est.jpg?w=400&amp;ssl=1 400w, https:\/\/i0.wp.com\/www.o-p-i.fr\/parlonsen\/wp-content\/uploads\/est.jpg?resize=238%2C300&amp;ssl=1 238w\" sizes=\"auto, (max-width: 144px) 100vw, 144px\" \/><figcaption id=\"caption-attachment-1362\" class=\"wp-caption-text\">Des filles de l&#39;Est...de la France...si belles avec leur sourire charmeur !<\/figcaption><\/figure>\n<p style=\"text-align: justify;\">Nos enfants attendent le P\u00e8re No\u00ebl avec impatience. Il en est d&rsquo;autres, notamment dans l&rsquo;est de la France, qui attendent avec impatience Saint Nicolas.<\/p>\n<p style=\"text-align: justify;\">Chacun d&rsquo;entre nous cultive ses racines et c&rsquo;est tant mieux ! Ainsi, \u00e0 la salle des f\u00eates de L\u00e9ojac, viennent de se r\u00e9unir  les familles originaires de l&rsquo;Est de la France pour f\u00eater, ensemble, la Saint Nicolas, notamment pour que les enfants s&rsquo;enracinent en terre occitane sans oublier leurs origines Alsaciennes, Lorraine&#8230;<\/p>\n<p>Du bonheur pour tous, l&rsquo;occasion de parler du pays que l&rsquo;on n&rsquo;oublie pas m\u00eame si on l&rsquo;a quitt\u00e9. Une impatience folle des enfants qui attendant le vieux Saint Nicolas avec ses jouets et ses g\u00e2teries.<\/p>\n<p style=\"text-align: justify;\">Bienvenue chez nous \u00e0 vous tous&#8230; et que vos enfants vous fassent penser qu&rsquo;ils ont droit, chez nous, au passage du P\u00e8re No\u00ebl !<\/p>\n<p style=\"text-align: justify;\">RL<\/p>\n<p style=\"text-align: justify;\">\n<p style=\"text-align: justify;\">\n<figure id=\"attachment_1399\" aria-describedby=\"caption-attachment-1399\" style=\"width: 677px\" class=\"wp-caption aligncenter\"><img data-recalc-dims=\"1\" loading=\"lazy\" decoding=\"async\" class=\"size-full wp-image-1399\" title=\" Ils sont bien sages, en attendant Saint Nicolas ! \" src=\"https:\/\/i0.wp.com\/www.o-p-i.fr\/parlonsen\/wp-content\/uploads\/st_nicolas_leojac.jpg?resize=677%2C173&#038;ssl=1\" alt=\" Ils sont bien sages, en attendant Saint Nicolas! \" width=\"677\" height=\"173\" srcset=\"https:\/\/i0.wp.com\/www.o-p-i.fr\/parlonsen\/wp-content\/uploads\/st_nicolas_leojac.jpg?w=677&amp;ssl=1 677w, https:\/\/i0.wp.com\/www.o-p-i.fr\/parlonsen\/wp-content\/uploads\/st_nicolas_leojac.jpg?resize=300%2C76&amp;ssl=1 300w\" sizes=\"auto, (max-width: 677px) 100vw, 677px\" \/><figcaption id=\"caption-attachment-1399\" class=\"wp-caption-text\"> Ils sont bien sages, en attendant Saint Nicolas! <\/figcaption><\/figure>\n","protected":false},"excerpt":{"rendered":"<div class=\"mh-excerpt\">Samedi soir, notre salle des f\u00eates \u00e9tait le point de rendez-vous des membres de l&rsquo;amicale de l&rsquo;Est de la France. C&rsquo;est en famille qu&rsquo;ils se sont retrouv\u00e9s pour y f\u00eater, avec un peu d&rsquo;avance sur <a class=\"mh-excerpt-more\" href=\"https:\/\/www.o-p-i.fr\/parlonsen\/localisation\/au-pays-des-tescous\/leojac\/bienvenue-a-nos-amis-de-lest-de-la-france-a-leojac\/\" title=\"Bienvenue \u00e0 nos amis de l&rsquo;Est de la France &#8230; \u00e0 L\u00e9ojac\">[&#8230;]<\/a><\/div>\n","protected":false},"author":8,"featured_media":0,"comment_status":"open","ping_status":"open","sticky":false,"template":"","format":"standard","meta":{"om_disable_all_campaigns":false,"advanced_seo_description":"","jetpack_seo_html_title":"","jetpack_seo_noindex":false,"_jetpack_memberships_contains_paid_content":false,"footnotes":"","_links_to":"","_links_to_target":""},"categories":[30,54,141],"tags":[2553,191],"class_list":{"0":"post-1361","1":"post","2":"type-post","3":"status-publish","4":"format-standard","6":"category-leojac","7":"category-loisirs","8":"category-n-43","9":"tag-leojac","10":"tag-saint-nicolas"},"jetpack_featured_media_url":"","views":{"total":0,"cached_at":"","cached_date":1738515449},"jetpack_likes_enabled":true,"jetpack_sharing_enabled":true,"jetpack_shortlink":"https:\/\/wp.me\/pg7Wxj-lX","jetpack-related-posts":[],"_links":{"self":[{"href":"https:\/\/www.o-p-i.fr\/parlonsen\/wp-json\/wp\/v2\/posts\/1361","targetHints":{"allow":["GET"]}}],"collection":[{"href":"https:\/\/www.o-p-i.fr\/parlonsen\/wp-json\/wp\/v2\/posts"}],"about":[{"href":"https:\/\/www.o-p-i.fr\/parlonsen\/wp-json\/wp\/v2\/types\/post"}],"author":[{"embeddable":true,"href":"https:\/\/www.o-p-i.fr\/parlonsen\/wp-json\/wp\/v2\/users\/8"}],"replies":[{"embeddable":true,"href":"https:\/\/www.o-p-i.fr\/parlonsen\/wp-json\/wp\/v2\/comments?post=1361"}],"version-history":[{"count":0,"href":"https:\/\/www.o-p-i.fr\/parlonsen\/wp-json\/wp\/v2\/posts\/1361\/revisions"}],"wp:attachment":[{"href":"https:\/\/www.o-p-i.fr\/parlonsen\/wp-json\/wp\/v2\/media?parent=1361"}],"wp:term":[{"taxonomy":"category","embeddable":true,"href":"https:\/\/www.o-p-i.fr\/parlonsen\/wp-json\/wp\/v2\/categories?post=1361"},{"taxonomy":"post_tag","embeddable":true,"href":"https:\/\/www.o-p-i.fr\/parlonsen\/wp-json\/wp\/v2\/tags?post=1361"}],"curies":[{"name":"wp","href":"https:\/\/api.w.org\/{rel}","templated":true}]}}