{"id":13755,"date":"2012-09-11T07:57:20","date_gmt":"2012-09-11T05:57:20","guid":{"rendered":"\/parlonsen\/?p=13755"},"modified":"2012-09-10T18:15:52","modified_gmt":"2012-09-10T16:15:52","slug":"les-mille-pattes-du-reviscol-a-saint-antonin-valade-servanac","status":"publish","type":"post","link":"https:\/\/www.o-p-i.fr\/parlonsen\/localisation\/au-pays-des-tescous\/saint_nauphary\/les-mille-pattes-du-reviscol-a-saint-antonin-valade-servanac\/","title":{"rendered":"Les Mille-Pattes du Revisc\u00f2l &#8230; \u00e0 Saint Antonin, Valade, Servanac"},"content":{"rendered":"<p style=\"text-align: justify;\"><strong>Samedi 15 septembre 2012 <\/strong>les Mille-Pattes du Revisc\u00f2l vous invitent \u00e0 participer \u00e0 leur randonn\u00e9e \u00e0 Saint Antonin, Valade, Servanac.<!--more--><\/p>\n<p style=\"text-align: justify;\">\n<figure id=\"attachment_13759\" aria-describedby=\"caption-attachment-13759\" style=\"width: 300px\" class=\"wp-caption alignright\"><a href=\"https:\/\/i0.wp.com\/www.o-p-i.fr\/parlonsen\/wp-content\/uploads\/millespattes-rando.jpg?ssl=1\"><img data-recalc-dims=\"1\" loading=\"lazy\" decoding=\"async\" class=\"size-medium wp-image-13759\" title=\"Les Milles Pattes du Reviscol\" src=\"https:\/\/i0.wp.com\/www.o-p-i.fr\/parlonsen\/wp-content\/uploads\/millespattes-rando.jpg?resize=300%2C225&#038;ssl=1\" alt=\"Les Milles Pattes du Reviscol\" width=\"300\" height=\"225\" srcset=\"https:\/\/i0.wp.com\/www.o-p-i.fr\/parlonsen\/wp-content\/uploads\/millespattes-rando.jpg?resize=300%2C225&amp;ssl=1 300w, https:\/\/i0.wp.com\/www.o-p-i.fr\/parlonsen\/wp-content\/uploads\/millespattes-rando.jpg?w=600&amp;ssl=1 600w\" sizes=\"auto, (max-width: 300px) 100vw, 300px\" \/><\/a><figcaption id=\"caption-attachment-13759\" class=\"wp-caption-text\">Les Milles Pattes du Reviscol<\/figcaption><\/figure>\n<p>En chemin, vous pourrez voir les hameaux du plateau \u00e0 l&rsquo;architecture rurale typique (lo balet)<\/p>\n<ul>\n<li> La randonn\u00e9e se situe \u00e0 environ 45 km de Saint Nauphary via Car\u00e8me.<\/li>\n<li> Le covoiturage est fix\u00e9 \u00e0 2,50\u20ac.<\/li>\n<li> D\u00e9nivel\u00e9 230m\/304m<\/li>\n<li> Le d\u00e9part est \u00e0 8 heures de Saint Nauphary ou vers 8h45 \u00e0 Saint Antonin au parking du point de vue de B\u00f4ne.<\/li>\n<li> La dur\u00e9e de la randonn\u00e9e est d&rsquo;environ 3 heures pour une distance \u00e0 parcourir de 12,500km.<\/li>\n<\/ul>\n<p style=\"text-align: justify;\"><strong>Contact :<\/strong> Les Mille-Pattes du Revisc\u00f2l.<br \/>\nT\u00e9l. : 05 63 24 27 06 (B\u00e9atrice )<br \/>\nT\u00e9l. : 05 63 31 80 21 (Jean-Claude)<br \/>\nT\u00e9l. : 05 63 67 87 84 ou 06 42 49 24 25 (Hugues)<\/p>\n<p style=\"text-align: justify;\"><em>Communiqu\u00e9 et Photo : Robert Linas<\/em><\/p>\n<p><a href=\"https:\/\/www.o-p-i.fr\/parlonsen\/agenda\/\"><strong>Retrouvez tous les \u00e9v\u00e8nements dans l&rsquo;agenda !<\/strong><\/a><\/p>\n","protected":false},"excerpt":{"rendered":"<div class=\"mh-excerpt\">Samedi 15 septembre 2012 les Mille-Pattes du Revisc\u00f2l vous invitent \u00e0 participer \u00e0 leur randonn\u00e9e \u00e0 Saint Antonin, Valade, Servanac.<\/div>\n","protected":false},"author":2,"featured_media":0,"comment_status":"open","ping_status":"open","sticky":false,"template":"","format":"standard","meta":{"om_disable_all_campaigns":false,"advanced_seo_description":"","jetpack_seo_html_title":"","jetpack_seo_noindex":false,"_jetpack_memberships_contains_paid_content":false,"footnotes":"","_links_to":"","_links_to_target":""},"categories":[42,54,53,17,1364],"tags":[2542,166,336,536],"class_list":{"0":"post-13755","1":"post","2":"type-post","3":"status-publish","4":"format-standard","6":"category-a-cote-de-chez-nous","7":"category-loisirs","8":"category-sports","9":"category-saint_nauphary","10":"category-n-77-septembre-2012","11":"tag-saint_nauphary","12":"tag-randonnee","13":"tag-lo-reviscol","14":"tag-saint-antonin-noble-val"},"jetpack_featured_media_url":"","views":{"total":0,"cached_at":"","cached_date":1738347022},"jetpack_likes_enabled":true,"jetpack_sharing_enabled":true,"jetpack_shortlink":"https:\/\/wp.me\/pg7Wxj-3zR","jetpack-related-posts":[],"_links":{"self":[{"href":"https:\/\/www.o-p-i.fr\/parlonsen\/wp-json\/wp\/v2\/posts\/13755","targetHints":{"allow":["GET"]}}],"collection":[{"href":"https:\/\/www.o-p-i.fr\/parlonsen\/wp-json\/wp\/v2\/posts"}],"about":[{"href":"https:\/\/www.o-p-i.fr\/parlonsen\/wp-json\/wp\/v2\/types\/post"}],"author":[{"embeddable":true,"href":"https:\/\/www.o-p-i.fr\/parlonsen\/wp-json\/wp\/v2\/users\/2"}],"replies":[{"embeddable":true,"href":"https:\/\/www.o-p-i.fr\/parlonsen\/wp-json\/wp\/v2\/comments?post=13755"}],"version-history":[{"count":0,"href":"https:\/\/www.o-p-i.fr\/parlonsen\/wp-json\/wp\/v2\/posts\/13755\/revisions"}],"wp:attachment":[{"href":"https:\/\/www.o-p-i.fr\/parlonsen\/wp-json\/wp\/v2\/media?parent=13755"}],"wp:term":[{"taxonomy":"category","embeddable":true,"href":"https:\/\/www.o-p-i.fr\/parlonsen\/wp-json\/wp\/v2\/categories?post=13755"},{"taxonomy":"post_tag","embeddable":true,"href":"https:\/\/www.o-p-i.fr\/parlonsen\/wp-json\/wp\/v2\/tags?post=13755"}],"curies":[{"name":"wp","href":"https:\/\/api.w.org\/{rel}","templated":true}]}}