{"id":1379,"date":"2009-12-01T12:05:44","date_gmt":"2009-12-01T10:05:44","guid":{"rendered":"\/parlonsen\/?p=1379"},"modified":"2010-04-09T15:23:22","modified_gmt":"2010-04-09T13:23:22","slug":"granda-festa-porcala-pour-que-vivent-nos-traditions","status":"publish","type":"post","link":"https:\/\/www.o-p-i.fr\/parlonsen\/parlons-en\/culture\/granda-festa-porcala-pour-que-vivent-nos-traditions\/","title":{"rendered":"\u00ab\u00a0Granda f\u00e8sta porcala\u00a0\u00bb : pour que vivent nos traditions !"},"content":{"rendered":"<p style=\"text-align: justify;\">\u00ab\u00a0Faire le cochon\u00a0\u00bb voil\u00e0 une tradition qui remonte \u00e0 la nuit des temps, tellement cet animal \u00e9tait important dans la nourriture des familles. Mais, m\u00eame si l&rsquo;on mange toujours du cochon, on oublie parfois les traditions de la d\u00e9coupe, de la pr\u00e9paration<!--more--> (saucisse fra\u00eeche, saucisse s\u00e8che et saucissons, boudin noir&#8230; sans oublier le millas qui cl\u00f4turait la f\u00eate du cochon).<\/p>\n<p style=\"text-align: justify;\">\n<figure id=\"attachment_1380\" aria-describedby=\"caption-attachment-1380\" style=\"width: 144px\" class=\"wp-caption alignleft\"><img data-recalc-dims=\"1\" loading=\"lazy\" decoding=\"async\" class=\"size-full wp-image-1380\" title=\"Festa porcala\" src=\"https:\/\/i0.wp.com\/www.o-p-i.fr\/parlonsen\/wp-content\/uploads\/festa_porcala.jpg?resize=144%2C957&#038;ssl=1\" alt=\"Festa porcala\" width=\"144\" height=\"957\" srcset=\"https:\/\/i0.wp.com\/www.o-p-i.fr\/parlonsen\/wp-content\/uploads\/festa_porcala.jpg?w=240&amp;ssl=1 240w, https:\/\/i0.wp.com\/www.o-p-i.fr\/parlonsen\/wp-content\/uploads\/festa_porcala.jpg?resize=45%2C300&amp;ssl=1 45w, https:\/\/i0.wp.com\/www.o-p-i.fr\/parlonsen\/wp-content\/uploads\/festa_porcala.jpg?resize=154%2C1024&amp;ssl=1 154w\" sizes=\"auto, (max-width: 144px) 100vw, 144px\" \/><figcaption id=\"caption-attachment-1380\" class=\"wp-caption-text\">Festa porcala<\/figcaption><\/figure>\n<p style=\"text-align: justify;\">Bien s\u00fbr, la f\u00eate du cochon \u00e9tait vraiment une f\u00eate et le soir, autour de la grande table se trouvaient familles, voisins et amis.<\/p>\n<p style=\"text-align: justify;\">Claude Laurens, notre dynamique tr\u00e9sorier de l&rsquo;<a href=\"https:\/\/www.o-p-i.fr\/aupays\/nos-villages\/en-pratique-a-monclar-de-quercy\/\" target=\"_self\">Office de Tourisme<\/a> tient \u00e0 la transmission des savoirs ancestraux , il aime la ruralit\u00e9 et veut faire d\u00e9couvrir, partager les savoir-faire qui en font sa richesse.<\/p>\n<p style=\"text-align: justify;\">C&rsquo;est ainsi qu&rsquo;est n\u00e9 la \u00ab\u00a0Granda f\u00e8sta porcala\u00a0\u00bb et qu&rsquo;elle s&rsquo;est d\u00e9roul\u00e9e avec un franc succ\u00e8s samedi 28 novembre. De nombreux b\u00e9n\u00e9voles ont particip\u00e9 \u00e0 la pr\u00e9paration de la charcuterie traditionnelle du Quercy.<\/p>\n<p style=\"text-align: justify;\">Le repas du soir a permis, comme dans les familles autrefois, de se retrouver nombreux autour de la table pour appr\u00e9cier si la saucisse \u00e9tait bonne et pour partager le bonheur d&rsquo;une journ\u00e9e r\u00e9ussie : nos traditions vivront, nos traditions sont une force d&rsquo;avenir !<\/p>\n<p style=\"text-align: justify;\">C&rsquo;est aussi ce message que sont venus exprimer avec talent les danseurs du groupe folklorique \u00ab\u00a0Lo Revisc\u00f2l de Sant Naufari\u00a0\u00bb<br \/>\nF\u00eate du cochon mais aussi f\u00eate pour tous avec un bal musette gratuit qui a attir\u00e9 beaucoup de monde sur la piste.<br \/>\nBravo \u00e0 l&rsquo;Office de Tourisme, \u00e0 tous les b\u00e9n\u00e9voles, au public venu nombreux&#8230;. et au cochon pour son involontaire mais indispensable contribution.<\/p>\n<p style=\"text-align: justify;\">Pour jouer notre r\u00f4le dans la transmission des savoirs li\u00e9s \u00e0 nos traditions, nous publierons, dans nos prochaines \u00e9ditions les recettes de ces pr\u00e9parations, recettes que les visiteurs ont pu emporter car Claude Laurens, le responsable de cette \u00ab\u00a0Granda F\u00e8sta porcala\u00a0\u00bb avait bien fait les choses en mettant \u00e0 la disposition de chacun les recettes des charcuteries et du millas.<\/p>\n<p style=\"text-align: justify;\">Monclar est la capitale du cheval (la prochaine f\u00eate du cheval en Quercy Vert aura lieu les samedi 17 et dimanche 18 avril 2010), il devient maintenant aussi la \u00ab\u00a0capitale du cochon\u00a0\u00bb&#8230; et \u00e0 Monclar, comme pour le cochon, tout est bon pour l&rsquo;animation !<\/p>\n<p style=\"text-align: justify;\">RL<\/p>\n","protected":false},"excerpt":{"rendered":"<div class=\"mh-excerpt\">\u00ab\u00a0Faire le cochon\u00a0\u00bb voil\u00e0 une tradition qui remonte \u00e0 la nuit des temps, tellement cet animal \u00e9tait important dans la nourriture des familles. Mais, m\u00eame si l&rsquo;on mange toujours du cochon, on oublie parfois les <a class=\"mh-excerpt-more\" href=\"https:\/\/www.o-p-i.fr\/parlonsen\/parlons-en\/culture\/granda-festa-porcala-pour-que-vivent-nos-traditions\/\" title=\"\u00ab\u00a0Granda f\u00e8sta porcala\u00a0\u00bb : pour que vivent nos traditions !\">[&#8230;]<\/a><\/div>\n","protected":false},"author":8,"featured_media":0,"comment_status":"open","ping_status":"open","sticky":false,"template":"","format":"standard","meta":{"om_disable_all_campaigns":false,"advanced_seo_description":"","jetpack_seo_html_title":"","jetpack_seo_noindex":false,"_jetpack_memberships_contains_paid_content":false,"footnotes":"","_links_to":"","_links_to_target":""},"categories":[1,16,199],"tags":[125,143,175,196,475],"class_list":{"0":"post-1379","1":"post","2":"type-post","3":"status-publish","4":"format-standard","6":"category-culture","7":"category-monclar","8":"category-n-44","9":"tag-manifestation","10":"tag-monclar-de-quercy","11":"tag-terroir","12":"tag-traditions","13":"tag-folk"},"jetpack_featured_media_url":"","views":{"total":0,"cached_at":"","cached_date":1738515491},"jetpack_likes_enabled":true,"jetpack_sharing_enabled":true,"jetpack_shortlink":"https:\/\/wp.me\/pg7Wxj-mf","jetpack-related-posts":[],"_links":{"self":[{"href":"https:\/\/www.o-p-i.fr\/parlonsen\/wp-json\/wp\/v2\/posts\/1379","targetHints":{"allow":["GET"]}}],"collection":[{"href":"https:\/\/www.o-p-i.fr\/parlonsen\/wp-json\/wp\/v2\/posts"}],"about":[{"href":"https:\/\/www.o-p-i.fr\/parlonsen\/wp-json\/wp\/v2\/types\/post"}],"author":[{"embeddable":true,"href":"https:\/\/www.o-p-i.fr\/parlonsen\/wp-json\/wp\/v2\/users\/8"}],"replies":[{"embeddable":true,"href":"https:\/\/www.o-p-i.fr\/parlonsen\/wp-json\/wp\/v2\/comments?post=1379"}],"version-history":[{"count":0,"href":"https:\/\/www.o-p-i.fr\/parlonsen\/wp-json\/wp\/v2\/posts\/1379\/revisions"}],"wp:attachment":[{"href":"https:\/\/www.o-p-i.fr\/parlonsen\/wp-json\/wp\/v2\/media?parent=1379"}],"wp:term":[{"taxonomy":"category","embeddable":true,"href":"https:\/\/www.o-p-i.fr\/parlonsen\/wp-json\/wp\/v2\/categories?post=1379"},{"taxonomy":"post_tag","embeddable":true,"href":"https:\/\/www.o-p-i.fr\/parlonsen\/wp-json\/wp\/v2\/tags?post=1379"}],"curies":[{"name":"wp","href":"https:\/\/api.w.org\/{rel}","templated":true}]}}