{"id":13815,"date":"2012-09-13T09:03:38","date_gmt":"2012-09-13T07:03:38","guid":{"rendered":"\/parlonsen\/?p=13815"},"modified":"2012-09-12T16:10:25","modified_gmt":"2012-09-12T14:10:25","slug":"la-belle-montee-%e2%80%a6-loisirs-et-sports-en-quercy-vert","status":"publish","type":"post","link":"https:\/\/www.o-p-i.fr\/parlonsen\/localisation\/au-pays-des-tescous\/salvetat\/la-belle-montee-%e2%80%a6-loisirs-et-sports-en-quercy-vert\/","title":{"rendered":"La Belle Mont\u00e9e \u2026 Loisirs et sports en Quercy Vert"},"content":{"rendered":"<p style=\"text-align: justify;\">Voici le programme des prochaines semaines pour les activit\u00e9s de l&rsquo;association <a title=\"Cliquez pour ouvrir la fiche dans l'annuaire d'OPI\" href=\"https:\/\/www.o-p-i.fr\/aupays\/annuaire\/loisirs\/la-belle-montee-loisirs-et-sports-en-quercy-vert\/\">La Belle Mont\u00e9e<\/a>. <!--more--><\/p>\n<ul style=\"text-align: justify;\">\n<li>POUR LES CYCLISTES SUR ROUTE :<\/li>\n<\/ul>\n<p style=\"text-align: justify;\">&#8211; le dimanche matin rendez-vous \u00e0 8h30 \u00e0 la Mairie de La Salvetat. Les parcours seront \u00e9tablis en fonction des participants et de la m\u00e9t\u00e9o (g\u00e9n\u00e9ralement de 60 \u00e0 90 km). En cas de participation \u00e0 des sorties organis\u00e9es par d\u2019autres clubs le lieu de rendez-vous et d\u00e9part pourra changer.<br \/>\n<em>Renseignements aupr\u00e8s de Jean-Marc, Christophe ou Eric<\/em><br \/>\n*** Pour le dimanche 14\/10 un pique-nique est pr\u00e9vu (voir le programme des marcheurs).<\/p>\n<p style=\"text-align: justify;\">&#8211; le mercredi apr\u00e8s-midi, d\u00e9part de Verlhac vers 17h00 pour une sortie d\u2019une cinquantaine de kilom\u00e8tres. Renseignements aupr\u00e8s d\u2019Eric ou Christophe (voir N\u00b0 ci-dessous).<\/p>\n<ul style=\"text-align: justify;\">\n<li>POUR LES MARCHEURS :<\/li>\n<\/ul>\n<p style=\"text-align: justify;\">Nous vous proposons de reprendre les activit\u00e9s par une sortie dans la for\u00eat de la Gr\u00e9signe pour \u00e9couter le brame du cerf le vendredi 14\/09. Le rendez-vous est fix\u00e9 \u00e0 19h00 \u00e0 la Mairie de la Salvetat avant de se rendre en voiture dans le secteur des Abriols. Une petite marche sera faite en for\u00eat pour se poster \u00e0 l\u2019\u00e9coute du brame. Pr\u00e9voir une lampe de poche et \u00e9ventuellement un casse-croute, le retour se faisant de nuit vers 21 ou 22h00. Il sera imp\u00e9ratif de garder le silence pour respecter la tranquillit\u00e9 des animaux et esp\u00e9rer les approcher.<\/p>\n<p style=\"text-align: justify;\">Dimanche 16\/09 nous vous proposons de vous rendre \u00e0 Verlhac pour la marche organis\u00e9e par le foyer rural (renseignements aupr\u00e8s de Christophe).<\/p>\n<p style=\"text-align: justify;\">Les randonn\u00e9es organis\u00e9es par l\u2019association reprendront ensuite alternativement le samedi et le dimanche apr\u00e8s-midi.<br \/>\nRendez-vous \u00e0 14h00 \u00e0 la Mairie de la Salvetat selon le programme suivant.<\/p>\n<p style=\"text-align: justify;\">&#8211;&gt; Samedi 22\/09 : Randonn\u00e9e au d\u00e9part de la Salvetat sur les chemins alentours,<\/p>\n<p style=\"text-align: justify;\">&#8211;&gt; Dimanche 30\/09 : PR au d\u00e9part de St Caprais en direction de Belmontet, puis descente vers le Tescounet pour remonter sur la colline en face et revenir \u00e0 St Caprais. Environ 9 kms (2h30 environ).<\/p>\n<p style=\"text-align: justify;\">&#8211;&gt; Samedi 06\/10 : circuit de 7,5 km au d\u00e9part de Monclar, dans la vall\u00e9e du Tescounet et vers les coteaux de Bonnanech,<\/p>\n<p style=\"text-align: justify;\">&#8211;&gt; Dimanche 14\/10 : Randonn\u00e9e et pique-nique. PR dans la for\u00eat de Sivens sur un circuit de 9 km (2h30 environ). Apr\u00e8s la marche nous vous proposons un pique-nique sur place auquel se joindront les cyclistes. Nous vous demandons de pr\u00e9voir votre propre repas, sauf la viande que l\u2019association fournira et grillera sur place. Afin de pr\u00e9voir les quantit\u00e9s n\u00e9cessaires nous vous prions de vous inscrire avant le 07\/10\/12 par mail ou par t\u00e9l\u00e9phone (voir ci-dessous).<\/p>\n<p style=\"text-align: justify;\">&#8211;&gt; Samedi 20\/10 : PR de St Etienne pr\u00e8s de Pousini\u00e8s sur 9,5 km (environ 3h00),<\/p>\n<p style=\"text-align: justify;\">&#8211;&gt; Dimanche 28\/10 : PR de Montricoux \u00ab la Fontaine d\u2019Embarre \u00bb (environ 1h30).<\/p>\n<p style=\"text-align: justify;\"><strong>Tarifs : <\/strong><br \/>\nLes personnes non licenci\u00e9es qui se joindront au groupe de cyclistes ou  de marcheurs devront payer une participation de 2,00 \u20ac par sorties ou  5,00 \u20ac pour un couple avec enfants. Ceci permettra de couvrir les frais  suppl\u00e9mentaires engag\u00e9s par l\u2019association afin d\u2019\u00eatre assur\u00e9e pour  accueillir les non licenci\u00e9s (ne sont pas concern\u00e9es les personnes qui  viennent pour la premi\u00e8re fois dans le but de prendre une licence).<\/p>\n<blockquote style=\"text-align: justify;\">\n<p style=\"text-align: justify;\">En cas de probl\u00e8me d\u2019encadrement, de  m\u00e9t\u00e9o, ou tout autre impr\u00e9vu, les organisateurs pourront \u00eatre amen\u00e9s \u00e0  changer le parcours initialement pr\u00e9vu, c\u2019est pourquoi nous vous  conseillons de toujours venir au point de rendez-vous \u00e0 la Mairie de la  Salvetat.<\/p>\n<p style=\"text-align: justify;\">Vous pouvez \u00e9galement trouver des  informations sur le panneau d\u2019affichage situ\u00e9 \u00e0 c\u00f4t\u00e9 de la porte  d\u2019entr\u00e9e de la salle \u00e0 la Mairie de la Salvetat, ou sur le site internet  de l\u2019association \u00e0 l\u2019adresse <a title=\"Ouvre le site dans une nouvelle fen\u00eatre\" href=\"http:\/\/la-belle-montee.clubeo.com\/\" target=\"_blank\">http:\/\/la-belle-montee.clubeo.com<\/a>.<\/p>\n<\/blockquote>\n<p style=\"text-align: justify;\"><strong>Contacts : <\/strong><a title=\"Cliquez pour ouvrir la fiche dans l'annuaire d'OPI\" href=\"https:\/\/www.o-p-i.fr\/aupays\/annuaire\/loisirs\/la-belle-montee-loisirs-et-sports-en-quercy-vert\/\">La Belle Mont\u00e9e<\/a><\/p>\n<p style=\"text-align: justify;\"><strong>V\u00e9lo : <\/strong><br \/>\nEric VIES<br \/>\nT\u00e9l. : 06 08 88 63 37<br \/>\nChristophe ESCALETTE<br \/>\nT\u00e9l. : 06 84 09 42 99<br \/>\nJean-Marc SANGLA<br \/>\nT\u00e9l. : 05 63 30 34 16<\/p>\n<p style=\"text-align: justify;\"><strong>Marche : <\/strong><br \/>\nGenevi\u00e8ve DOUREL<br \/>\nT\u00e9l. : 06 28 35 48 78<br \/>\nLucienne DAVID<br \/>\nT\u00e9l. : 05 63 30 30 03<\/p>\n","protected":false},"excerpt":{"rendered":"<div class=\"mh-excerpt\">Voici le programme des prochaines semaines pour les activit\u00e9s de l&rsquo;association La Belle Mont\u00e9e.<\/div>\n","protected":false},"author":2,"featured_media":0,"comment_status":"open","ping_status":"open","sticky":false,"template":"","format":"standard","meta":{"om_disable_all_campaigns":false,"advanced_seo_description":"","jetpack_seo_html_title":"","jetpack_seo_noindex":false,"_jetpack_memberships_contains_paid_content":false,"footnotes":"","_links_to":"","_links_to_target":""},"categories":[34,54,648,53,1364,1388],"tags":[166,181,302,482,637,762,894,1037],"class_list":{"0":"post-13815","1":"post","2":"type-post","3":"status-publish","4":"format-standard","6":"category-salvetat","7":"category-loisirs","8":"category-cest-la-rentree","9":"category-sports","10":"category-n-77-septembre-2012","11":"category-n-78-octobre-2012","12":"tag-randonnee","13":"tag-la-salvetat-belmontet","14":"tag-sivens","15":"tag-gresigne","16":"tag-pique-nique","17":"tag-randonnee-pedestre","18":"tag-cerf","19":"tag-parcours-vtt"},"jetpack_featured_media_url":"","views":{"total":0,"cached_at":"","cached_date":1738514169},"jetpack_likes_enabled":true,"jetpack_sharing_enabled":true,"jetpack_shortlink":"https:\/\/wp.me\/pg7Wxj-3AP","jetpack-related-posts":[],"_links":{"self":[{"href":"https:\/\/www.o-p-i.fr\/parlonsen\/wp-json\/wp\/v2\/posts\/13815","targetHints":{"allow":["GET"]}}],"collection":[{"href":"https:\/\/www.o-p-i.fr\/parlonsen\/wp-json\/wp\/v2\/posts"}],"about":[{"href":"https:\/\/www.o-p-i.fr\/parlonsen\/wp-json\/wp\/v2\/types\/post"}],"author":[{"embeddable":true,"href":"https:\/\/www.o-p-i.fr\/parlonsen\/wp-json\/wp\/v2\/users\/2"}],"replies":[{"embeddable":true,"href":"https:\/\/www.o-p-i.fr\/parlonsen\/wp-json\/wp\/v2\/comments?post=13815"}],"version-history":[{"count":0,"href":"https:\/\/www.o-p-i.fr\/parlonsen\/wp-json\/wp\/v2\/posts\/13815\/revisions"}],"wp:attachment":[{"href":"https:\/\/www.o-p-i.fr\/parlonsen\/wp-json\/wp\/v2\/media?parent=13815"}],"wp:term":[{"taxonomy":"category","embeddable":true,"href":"https:\/\/www.o-p-i.fr\/parlonsen\/wp-json\/wp\/v2\/categories?post=13815"},{"taxonomy":"post_tag","embeddable":true,"href":"https:\/\/www.o-p-i.fr\/parlonsen\/wp-json\/wp\/v2\/tags?post=13815"}],"curies":[{"name":"wp","href":"https:\/\/api.w.org\/{rel}","templated":true}]}}