{"id":13817,"date":"2012-09-12T16:18:15","date_gmt":"2012-09-12T14:18:15","guid":{"rendered":"\/parlonsen\/?p=13817"},"modified":"2012-09-12T16:18:58","modified_gmt":"2012-09-12T14:18:58","slug":"erdf-travaux-de-maintenance-sur-le-reseau-electrique-a-genebrieres","status":"publish","type":"post","link":"https:\/\/www.o-p-i.fr\/parlonsen\/parlons-en\/pratique\/erdf-travaux-de-maintenance-sur-le-reseau-electrique-a-genebrieres\/","title":{"rendered":"ERDF : Travaux de maintenance sur le r\u00e9seau \u00e9lectrique \u00e0 Genebri\u00e8res"},"content":{"rendered":"<p style=\"text-align: justify;\">Les \u00e9quipes d\u2019ERDF r\u00e9alisent toute cette semaine d\u2019<strong>importants travaux de maintenance<\/strong>.<!--more--><\/p>\n<figure id=\"attachment_13819\" aria-describedby=\"caption-attachment-13819\" style=\"width: 300px\" class=\"wp-caption alignright\"><a href=\"https:\/\/i0.wp.com\/www.o-p-i.fr\/parlonsen\/wp-content\/uploads\/erdf-82.jpg?ssl=1\"><img data-recalc-dims=\"1\" loading=\"lazy\" decoding=\"async\" class=\"size-medium wp-image-13819 \" title=\"ERDF\" src=\"https:\/\/i0.wp.com\/www.o-p-i.fr\/parlonsen\/wp-content\/uploads\/erdf-82.jpg?resize=300%2C225&#038;ssl=1\" alt=\"ERDF\" width=\"300\" height=\"225\" srcset=\"https:\/\/i0.wp.com\/www.o-p-i.fr\/parlonsen\/wp-content\/uploads\/erdf-82.jpg?resize=300%2C225&amp;ssl=1 300w, https:\/\/i0.wp.com\/www.o-p-i.fr\/parlonsen\/wp-content\/uploads\/erdf-82.jpg?w=400&amp;ssl=1 400w\" sizes=\"auto, (max-width: 300px) 100vw, 300px\" \/><\/a><figcaption id=\"caption-attachment-13819\" class=\"wp-caption-text\">ERDF<\/figcaption><\/figure>\n<p style=\"text-align: justify;\">\u00ab En 2011, l\u2019am\u00e9lioration de la qualit\u00e9 de fourniture a \u00e9t\u00e9 remarquable  en Tarn et Garonne, le temps moyen de coupure a en effet diminu\u00e9 de 30%  par rapport \u00e0 2010 malgr\u00e9 l\u2019impact d\u2019\u00e9v\u00e9nements climatiques tels que la  temp\u00eate Joachim qui a balay\u00e9 le pays en fin d\u2019ann\u00e9e.\u00a0 Cette am\u00e9lioration significative est le fruit d\u2019une politique d\u2019investissements et de maintenance renforc\u00e9e des r\u00e9seaux. \u00bb<\/p>\n<p style=\"text-align: justify;\">Les \u00e9quipes d\u2019ERDF r\u00e9alisent toute cette semaine d\u2019importants travaux de maintenance sur le r\u00e9seau moyenne tension (20 000 volts) dans le secteur de Genebri\u00e8res.<\/p>\n<h5>Des travaux destin\u00e9s \u00e0 am\u00e9liorer la qualit\u00e9 de fourniture d\u2019\u00e9lectricit\u00e9<\/h5>\n<p style=\"text-align: justify;\">C\u2019est l\u2019art\u00e8re moyenne tension \u00ab L\u00e9ojac \u00bb issue du poste source Matras \u00e0 Montauban qui est trait\u00e9e.<br \/>\nLes \u00e9quipes (10 techniciens) sont mobilis\u00e9es, pour remplacer des \u00e9l\u00e9ments de la structure m\u00eame du r\u00e9seau (armements, attaches, isolateurs, connecteurs\u2026).<br \/>\nPar ailleurs, 1 200 m de conducteurs seront remplac\u00e9s.<br \/>\nLe co\u00fbt de chantier d\u00e9passe les 30 000 \u20ac.<\/p>\n<p style=\"text-align: justify;\"><strong>Pendant la dur\u00e9e des travaux<\/strong>, les clients aliment\u00e9s par cette art\u00e8re ne subiront aucune interruption de fourniture d\u2019\u00e9lectricit\u00e9, le r\u00e9seau \u00e9tant \u00ab remplac\u00e9 \u00bb par des groupes \u00e9lectrog\u00e8nes et un transformateur de substitution.<\/p>\n<p style=\"text-align: justify;\">Ces travaux, qui s\u2019inscrivent dans le plan de modernisation des r\u00e9seaux d\u2019ERDF, permettront une am\u00e9lioration significative de la qualit\u00e9 de fourniture sur les communes de Genebri\u00e8res, L\u00e9ojac, Montauban, Saint Etienne de Tulmont, Saint Nauphary et La Salvetat Belmontet.<\/p>\n<p style=\"text-align: justify;\"><em>Source : Communiqu\u00e9 de Presse du Mercredi 12 septembre 2012 &#8211;\u00a0 ERDF\u00a0 \u00c9lectricit\u00e9 R\u00e9seau Distribution France<\/em><\/p>\n","protected":false},"excerpt":{"rendered":"<div class=\"mh-excerpt\">Les \u00e9quipes d\u2019ERDF r\u00e9alisent toute cette semaine d\u2019importants travaux de maintenance.<\/div>\n","protected":false},"author":2,"featured_media":0,"comment_status":"open","ping_status":"open","sticky":false,"template":"","format":"standard","meta":{"om_disable_all_campaigns":false,"advanced_seo_description":"","jetpack_seo_html_title":"","jetpack_seo_noindex":false,"_jetpack_memberships_contains_paid_content":false,"footnotes":"","_links_to":"","_links_to_target":""},"categories":[29,34,1276,30,6,17,1364],"tags":[2553,2542,99,181,2552,203,1430],"class_list":{"0":"post-13817","1":"post","2":"type-post","3":"status-publish","4":"format-standard","6":"category-genebrieres","7":"category-salvetat","8":"category-economie-parlons-en","9":"category-leojac","10":"category-pratique","11":"category-saint_nauphary","12":"category-n-77-septembre-2012","13":"tag-leojac","14":"tag-saint_nauphary","15":"tag-montauban","16":"tag-la-salvetat-belmontet","17":"tag-genebrieres","18":"tag-saint-etienne-de-tulmont","19":"tag-electricite"},"jetpack_featured_media_url":"","views":{"total":0,"cached_at":"","cached_date":1738514221},"jetpack_likes_enabled":true,"jetpack_sharing_enabled":true,"jetpack_shortlink":"https:\/\/wp.me\/pg7Wxj-3AR","jetpack-related-posts":[],"_links":{"self":[{"href":"https:\/\/www.o-p-i.fr\/parlonsen\/wp-json\/wp\/v2\/posts\/13817","targetHints":{"allow":["GET"]}}],"collection":[{"href":"https:\/\/www.o-p-i.fr\/parlonsen\/wp-json\/wp\/v2\/posts"}],"about":[{"href":"https:\/\/www.o-p-i.fr\/parlonsen\/wp-json\/wp\/v2\/types\/post"}],"author":[{"embeddable":true,"href":"https:\/\/www.o-p-i.fr\/parlonsen\/wp-json\/wp\/v2\/users\/2"}],"replies":[{"embeddable":true,"href":"https:\/\/www.o-p-i.fr\/parlonsen\/wp-json\/wp\/v2\/comments?post=13817"}],"version-history":[{"count":0,"href":"https:\/\/www.o-p-i.fr\/parlonsen\/wp-json\/wp\/v2\/posts\/13817\/revisions"}],"wp:attachment":[{"href":"https:\/\/www.o-p-i.fr\/parlonsen\/wp-json\/wp\/v2\/media?parent=13817"}],"wp:term":[{"taxonomy":"category","embeddable":true,"href":"https:\/\/www.o-p-i.fr\/parlonsen\/wp-json\/wp\/v2\/categories?post=13817"},{"taxonomy":"post_tag","embeddable":true,"href":"https:\/\/www.o-p-i.fr\/parlonsen\/wp-json\/wp\/v2\/tags?post=13817"}],"curies":[{"name":"wp","href":"https:\/\/api.w.org\/{rel}","templated":true}]}}