{"id":1387,"date":"2009-12-01T13:19:18","date_gmt":"2009-12-01T11:19:18","guid":{"rendered":"\/parlonsen\/?p=1387"},"modified":"2010-11-25T12:42:37","modified_gmt":"2010-11-25T10:42:37","slug":"le-telethon-a-salvagnac","status":"publish","type":"post","link":"https:\/\/www.o-p-i.fr\/parlonsen\/localisation\/au-pays-des-tescous\/salvagnac\/le-telethon-a-salvagnac\/","title":{"rendered":"Le T\u00e9l\u00e9thon &#8230; \u00e0 Salvagnac"},"content":{"rendered":"<p>Le T\u00e9l\u00e9thon c&rsquo;est aussi \u00e0 Salvagnac le <strong>samedi 5 d\u00e9cembre 2009<\/strong>. <!--more-->De 8h30 \u00e0 18h \u00e0 la salle omnisports, vous pourrez faire un bapt\u00eame de voitures de rallye, des randonn\u00e9es, du tir \u00e0 la carabine laser, une course d\u2019orientation ainsi que des jeux divers.<\/p>\n<p>Un repas \u00ab\u00a0couscous\u00a0\u00bb est aussi pr\u00e9vu ! (13\u20ac\/adulte)<strong><\/strong><\/p>\n<p><strong>Renseignements :<\/strong><br \/>\nT\u00e9l. : 05 63 33 57 84 ou\u00a0 05 63 40 56 00<\/p>\n","protected":false},"excerpt":{"rendered":"<div class=\"mh-excerpt\">Le T\u00e9l\u00e9thon c&rsquo;est aussi \u00e0 Salvagnac le samedi 5 d\u00e9cembre 2009.<\/div>\n","protected":false},"author":2,"featured_media":0,"comment_status":"open","ping_status":"open","sticky":false,"template":"","format":"standard","meta":{"om_disable_all_campaigns":false,"advanced_seo_description":"","jetpack_seo_html_title":"","jetpack_seo_noindex":false,"_jetpack_memberships_contains_paid_content":false,"footnotes":"","_links_to":"","_links_to_target":""},"categories":[91,25,141],"tags":[2548,2564],"class_list":{"0":"post-1387","1":"post","2":"type-post","3":"status-publish","4":"format-standard","6":"category-telethon","7":"category-salvagnac","8":"category-n-43","9":"tag-salvagnac","10":"tag-telethon"},"jetpack_featured_media_url":"","views":{"total":0,"cached_at":"","cached_date":1738515294},"jetpack_likes_enabled":true,"jetpack_sharing_enabled":true,"jetpack_shortlink":"https:\/\/wp.me\/pg7Wxj-mn","jetpack-related-posts":[],"_links":{"self":[{"href":"https:\/\/www.o-p-i.fr\/parlonsen\/wp-json\/wp\/v2\/posts\/1387","targetHints":{"allow":["GET"]}}],"collection":[{"href":"https:\/\/www.o-p-i.fr\/parlonsen\/wp-json\/wp\/v2\/posts"}],"about":[{"href":"https:\/\/www.o-p-i.fr\/parlonsen\/wp-json\/wp\/v2\/types\/post"}],"author":[{"embeddable":true,"href":"https:\/\/www.o-p-i.fr\/parlonsen\/wp-json\/wp\/v2\/users\/2"}],"replies":[{"embeddable":true,"href":"https:\/\/www.o-p-i.fr\/parlonsen\/wp-json\/wp\/v2\/comments?post=1387"}],"version-history":[{"count":0,"href":"https:\/\/www.o-p-i.fr\/parlonsen\/wp-json\/wp\/v2\/posts\/1387\/revisions"}],"wp:attachment":[{"href":"https:\/\/www.o-p-i.fr\/parlonsen\/wp-json\/wp\/v2\/media?parent=1387"}],"wp:term":[{"taxonomy":"category","embeddable":true,"href":"https:\/\/www.o-p-i.fr\/parlonsen\/wp-json\/wp\/v2\/categories?post=1387"},{"taxonomy":"post_tag","embeddable":true,"href":"https:\/\/www.o-p-i.fr\/parlonsen\/wp-json\/wp\/v2\/tags?post=1387"}],"curies":[{"name":"wp","href":"https:\/\/api.w.org\/{rel}","templated":true}]}}