{"id":1390,"date":"2009-12-01T16:36:12","date_gmt":"2009-12-01T14:36:12","guid":{"rendered":"\/parlonsen\/?p=1390"},"modified":"2012-05-16T10:44:04","modified_gmt":"2012-05-16T08:44:04","slug":"l%e2%80%99alliance-francaise-accueille-le-az%e2%80%99art-atelier-et-ses-invites","status":"publish","type":"post","link":"https:\/\/www.o-p-i.fr\/parlonsen\/parlons-en\/culture\/l%e2%80%99alliance-francaise-accueille-le-az%e2%80%99art-atelier-et-ses-invites\/","title":{"rendered":"L\u2019Alliance Fran\u00e7aise accueille Le Az\u2019art Atelier et ses invit\u00e9s"},"content":{"rendered":"<p style=\"text-align: justify;\">Ils \u00e9taient pr\u00e9sent pour les \u00ab\u00a0<a href=\"Pauses gourmandes, artistiques et musicales\" target=\"_self\">Places en F\u00eate<\/a>\u00a0\u00bb de Salvagnac et vous pourrez les retrouver\u00a0 \u00e0 Toulouse pendant le mois de d\u00e9cembre.  <!--more-->L\u2019Alliance Fran\u00e7aise accueille Le Az\u2019art Atelier et ses invit\u00e9s :    \u00ab\u00a0Cr\u00e9ations, D\u00e9tournements et M\u00e9tamorphoses\u00a0\u00bb du 4  au 6 d\u00e9cembre de 10h \u00e0 21h.<\/p>\n<p style=\"text-align: justify;\">Et du 13 au 20 d\u00e9cembre 2009 de 14h \u00e0 20h30, rencontres du Az&rsquo;art \u00e0 la MJC des Amidonniers pour une expo-boutique.<\/p>\n<p style=\"text-align: justify;\">Par ailleurs, les cr\u00e9ateurs du collectif Azart Atelier exposent leurs derni\u00e8res productions et vous proposent de venir les rejoindre pour une pause gourmande, musicale, th\u00e9\u00e2trale, po\u00e9tique ou culturelle chaque soir \u00e0 18h30.<\/p>\n<p style=\"text-align: justify;\">Plus d&rsquo;informations sur le site <a href=\"http:\/\/azart.over-blog.com\/\" target=\"_blank\">http:\/\/azart.over-blog.com\/<\/a><\/p>\n<p style=\"text-align: justify;\"><strong>Pour vous rendre \u00e0 ces manifestations, profitez du co-voiturage \u201c<a href=\"https:\/\/www.o-p-i.fr\/aupays\/opi\/allons-y-ensemble\/\" target=\"_self\">Allons-y ensemble<\/a>\u201c<\/strong><\/p>\n<p style=\"text-align: justify;\"><strong>Contact :<\/strong><\/p>\n<p style=\"text-align: justify;\"><strong>MJC des Amidonniers<\/strong><br \/>\n2 port de l&#8217;embouchure \u00e0 Toulouse.<br \/>\nLigne bus 16 et 70<\/p>\n<p style=\"text-align: justify;\"><strong>AZ&rsquo;ART ATELIER<\/strong><br \/>\nT\u00e9l. : 05 61 53 24 59<\/p>\n","protected":false},"excerpt":{"rendered":"<div class=\"mh-excerpt\">Ils \u00e9taient pr\u00e9sent pour les \u00ab\u00a0Places en F\u00eate\u00a0\u00bb de Salvagnac et vous pourrez les retrouver\u00a0 \u00e0 Toulouse pendant le mois de d\u00e9cembre.<\/div>\n","protected":false},"author":2,"featured_media":0,"comment_status":"open","ping_status":"open","sticky":false,"template":"","format":"standard","meta":{"om_disable_all_campaigns":false,"advanced_seo_description":"","jetpack_seo_html_title":"","jetpack_seo_noindex":false,"_jetpack_memberships_contains_paid_content":false,"footnotes":"","_links_to":"","_links_to_target":""},"categories":[51,4,42,1,54,199],"tags":[183,200,201,202],"class_list":{"0":"post-1390","1":"post","2":"type-post","3":"status-publish","4":"format-standard","6":"category-artisanat","7":"category-commerce","8":"category-a-cote-de-chez-nous","9":"category-culture","10":"category-loisirs","11":"category-n-44","12":"tag-places-en-fete","13":"tag-art","14":"tag-toulouse","15":"tag-mjc"},"jetpack_featured_media_url":"","views":{"total":0,"cached_at":"","cached_date":1738515196},"jetpack_likes_enabled":true,"jetpack_sharing_enabled":true,"jetpack_shortlink":"https:\/\/wp.me\/pg7Wxj-mq","jetpack-related-posts":[],"_links":{"self":[{"href":"https:\/\/www.o-p-i.fr\/parlonsen\/wp-json\/wp\/v2\/posts\/1390","targetHints":{"allow":["GET"]}}],"collection":[{"href":"https:\/\/www.o-p-i.fr\/parlonsen\/wp-json\/wp\/v2\/posts"}],"about":[{"href":"https:\/\/www.o-p-i.fr\/parlonsen\/wp-json\/wp\/v2\/types\/post"}],"author":[{"embeddable":true,"href":"https:\/\/www.o-p-i.fr\/parlonsen\/wp-json\/wp\/v2\/users\/2"}],"replies":[{"embeddable":true,"href":"https:\/\/www.o-p-i.fr\/parlonsen\/wp-json\/wp\/v2\/comments?post=1390"}],"version-history":[{"count":0,"href":"https:\/\/www.o-p-i.fr\/parlonsen\/wp-json\/wp\/v2\/posts\/1390\/revisions"}],"wp:attachment":[{"href":"https:\/\/www.o-p-i.fr\/parlonsen\/wp-json\/wp\/v2\/media?parent=1390"}],"wp:term":[{"taxonomy":"category","embeddable":true,"href":"https:\/\/www.o-p-i.fr\/parlonsen\/wp-json\/wp\/v2\/categories?post=1390"},{"taxonomy":"post_tag","embeddable":true,"href":"https:\/\/www.o-p-i.fr\/parlonsen\/wp-json\/wp\/v2\/tags?post=1390"}],"curies":[{"name":"wp","href":"https:\/\/api.w.org\/{rel}","templated":true}]}}