{"id":14027,"date":"2012-09-24T10:11:20","date_gmt":"2012-09-24T08:11:20","guid":{"rendered":"\/parlonsen\/?p=14027"},"modified":"2012-09-21T22:19:29","modified_gmt":"2012-09-21T20:19:29","slug":"3eme-rencontre-metieremploiterritoire-en-pays-midi-quercy","status":"publish","type":"post","link":"https:\/\/www.o-p-i.fr\/parlonsen\/parlons-en\/pratique\/3eme-rencontre-metieremploiterritoire-en-pays-midi-quercy\/","title":{"rendered":"3\u00e8me Rencontre M\u00e9tier.Emploi.Territoire en Pays Midi Quercy"},"content":{"rendered":"<p style=\"text-align: justify;\">La  rencontre M\u00e9tier Emploi et Territoire du  Pays Midi Quercy se  tiendra le<strong> mercredi 26 septembre 2012<\/strong> \u00e0 l\u2019espace Bonna\u00efs de  Caussade de  9 h 30 \u00e0 17 h. Cette journ\u00e9e est organis\u00e9e par la maison de  l\u2019emploi  Midi Quercy. Une manifestation qui se propose d\u2019aider \u00e0 s\u2019informer sur   l\u2019\u00e9volution des m\u00e9tiers, de mettre en relation offreurs et chercheurs  d\u2019emploi,  et mieux cerner l\u2019\u00e9volution de notre territoire.<!--more--><\/p>\n<p style=\"font-weight: bold; text-decoration: underline; text-align: justify;\">\n<div class=\"mceTemp\" style=\"text-align: justify;\">\n<dl id=\"attachment_14028\" class=\"wp-caption alignright\" style=\"width: 325px;\">\n<dt class=\"wp-caption-dt\"><a href=\"https:\/\/i0.wp.com\/www.o-p-i.fr\/parlonsen\/wp-content\/uploads\/afficherencontre2012.jpg?ssl=1\"><img data-recalc-dims=\"1\" loading=\"lazy\" decoding=\"async\" class=\"size-full wp-image-14028 \" title=\"Caussade (82)\" src=\"https:\/\/i0.wp.com\/www.o-p-i.fr\/parlonsen\/wp-content\/uploads\/afficherencontre2012.jpg?resize=315%2C472&#038;ssl=1\" alt=\"Caussade (82)\" width=\"315\" height=\"472\" srcset=\"https:\/\/i0.wp.com\/www.o-p-i.fr\/parlonsen\/wp-content\/uploads\/afficherencontre2012.jpg?w=450&amp;ssl=1 450w, https:\/\/i0.wp.com\/www.o-p-i.fr\/parlonsen\/wp-content\/uploads\/afficherencontre2012.jpg?resize=200%2C300&amp;ssl=1 200w\" sizes=\"auto, (max-width: 315px) 100vw, 315px\" \/><\/a><\/dt>\n<dd class=\"wp-caption-dd\">Caussade (82)<\/dd>\n<\/dl>\n<\/div>\n<p style=\"text-align: justify;\"><span style=\"text-decoration: underline;\"><strong>Des ateliers d\u00e9bat  pour faire le point avec des experts et des praticiens sur l&#8217;emploi et  l&rsquo;\u00e9volution des m\u00e9tiers<\/strong><\/span><\/p>\n<ul style=\"text-align: justify;\">\n<li>Les m\u00e9tiers qui recrutent, comment y avoir       acc\u00e8s\u00a0?<\/li>\n<li>3 m\u00e9tiers qui recrutent dans l\u2019industrie<\/li>\n<li>B\u00e2timent\u00a0: Les \u00e9volutions des m\u00e9tiers li\u00e9es au       Grenelle de l\u2019environnement<\/li>\n<li>H\u00f4tellerie-Restauration\u00a0: un secteur professionnel en mouvement<\/li>\n<\/ul>\n<p style=\"font-weight: bold; text-decoration: underline; text-align: justify;\">Des chefs   d&rsquo;entreprises qui vous donnent rendez vous pour se pr\u00e9senter, pr\u00e9senter  leurs  activit\u00e9s\u00a0, leurs emplois, leurs offres \u00e0 venir<\/p>\n<p style=\"text-align: justify;\">\n<p style=\"font-weight: bold; text-decoration: underline; text-align: justify;\">Des tables rondes  pour traiter de sujets techniques autour de quatre grands th\u00e8mes<\/p>\n<ul style=\"text-align: justify;\">\n<li>L&rsquo;aide \u00e0 la recherche d&#8217;emploi<\/li>\n<li>Cr\u00e9er\/reprendre une entreprise<\/li>\n<li>Se former<\/li>\n<li>Conna\u00eetre les m\u00e9tiers<\/li>\n<li>Employeurs<\/li>\n<\/ul>\n<p style=\"font-weight: bold; text-align: justify;\"><em>Nous vous conseillons  de vous pr\u00e9inscrire afin de r\u00e9server votre participation sur les \u00e9v\u00e8nements de  votre choix. Pour cela, <a href=\"http:\/\/www.rencontre-emploi-metier-territoire.com\/contact.php\">contactez un organisme de pr\u00e9incription<\/a>.<\/em><\/p>\n<p style=\"text-align: justify;\"><em>Source : site <a title=\"Ouvre le site dans une nouvelle fen\u00eatre\" href=\"http:\/\/www.rencontre-emploi-metier-territoire.com\/\" target=\"_blank\">http:\/\/www.rencontre-emploi-metier-territoire.com\/<\/a><br \/>\n<\/em><\/p>\n","protected":false},"excerpt":{"rendered":"<div class=\"mh-excerpt\">La rencontre M\u00e9tier Emploi et Territoire du Pays Midi Quercy se tiendra le mercredi 26 septembre 2012 \u00e0 l\u2019espace Bonna\u00efs de Caussade de 9 h 30 \u00e0 17 h. Cette journ\u00e9e est organis\u00e9e par la <a class=\"mh-excerpt-more\" href=\"https:\/\/www.o-p-i.fr\/parlonsen\/parlons-en\/pratique\/3eme-rencontre-metieremploiterritoire-en-pays-midi-quercy\/\" title=\"3\u00e8me Rencontre M\u00e9tier.Emploi.Territoire en Pays Midi Quercy\">[&#8230;]<\/a><\/div>\n","protected":false},"author":2,"featured_media":0,"comment_status":"open","ping_status":"open","sticky":false,"template":"","format":"standard","meta":{"om_disable_all_campaigns":false,"advanced_seo_description":"","jetpack_seo_html_title":"","jetpack_seo_noindex":false,"_jetpack_memberships_contains_paid_content":false,"footnotes":"","_links_to":"","_links_to_target":""},"categories":[42,1276,290,725,648,6,1364],"tags":[229,234,244,305,330,519,520,1051],"class_list":{"0":"post-14027","1":"post","2":"type-post","3":"status-publish","4":"format-standard","6":"category-a-cote-de-chez-nous","7":"category-economie-parlons-en","8":"category-entraide","9":"category-formation-parlons-en","10":"category-cest-la-rentree","11":"category-pratique","12":"category-n-77-septembre-2012","13":"tag-midi-quercy","14":"tag-conference","15":"tag-formation","16":"tag-caussade","17":"tag-rencontre","18":"tag-forum","19":"tag-emploi","20":"tag-metiers"},"jetpack_featured_media_url":"","views":{"total":0,"cached_at":"","cached_date":1738467342},"jetpack_likes_enabled":true,"jetpack_sharing_enabled":true,"jetpack_shortlink":"https:\/\/wp.me\/pg7Wxj-3Ef","jetpack-related-posts":[],"_links":{"self":[{"href":"https:\/\/www.o-p-i.fr\/parlonsen\/wp-json\/wp\/v2\/posts\/14027","targetHints":{"allow":["GET"]}}],"collection":[{"href":"https:\/\/www.o-p-i.fr\/parlonsen\/wp-json\/wp\/v2\/posts"}],"about":[{"href":"https:\/\/www.o-p-i.fr\/parlonsen\/wp-json\/wp\/v2\/types\/post"}],"author":[{"embeddable":true,"href":"https:\/\/www.o-p-i.fr\/parlonsen\/wp-json\/wp\/v2\/users\/2"}],"replies":[{"embeddable":true,"href":"https:\/\/www.o-p-i.fr\/parlonsen\/wp-json\/wp\/v2\/comments?post=14027"}],"version-history":[{"count":0,"href":"https:\/\/www.o-p-i.fr\/parlonsen\/wp-json\/wp\/v2\/posts\/14027\/revisions"}],"wp:attachment":[{"href":"https:\/\/www.o-p-i.fr\/parlonsen\/wp-json\/wp\/v2\/media?parent=14027"}],"wp:term":[{"taxonomy":"category","embeddable":true,"href":"https:\/\/www.o-p-i.fr\/parlonsen\/wp-json\/wp\/v2\/categories?post=14027"},{"taxonomy":"post_tag","embeddable":true,"href":"https:\/\/www.o-p-i.fr\/parlonsen\/wp-json\/wp\/v2\/tags?post=14027"}],"curies":[{"name":"wp","href":"https:\/\/api.w.org\/{rel}","templated":true}]}}