{"id":14148,"date":"2012-09-26T13:06:53","date_gmt":"2012-09-26T11:06:53","guid":{"rendered":"\/parlonsen\/?p=14148"},"modified":"2012-09-26T14:02:27","modified_gmt":"2012-09-26T12:02:27","slug":"spectacle-comique-occitan-a-rabastens","status":"publish","type":"post","link":"https:\/\/www.o-p-i.fr\/parlonsen\/parlons-en\/culture\/spectacle-comique-occitan-a-rabastens\/","title":{"rendered":"Spectacle comique occitan &#8230; \u00e0 Rabastens"},"content":{"rendered":"<p style=\"text-align: justify;\">Dans le cadre des premi\u00e8res <strong>Journ\u00e9es de la Langue d&rsquo;Oc<\/strong> organis\u00e9es les<strong> 28 et 29 septembre 2012<\/strong> par la MJC Rabastens-Couffouleux, l&rsquo;humoriste occitan Trabol sera \u00e0 La Halle le vendredi 28 septembre 2012 \u00e0 20h30 pour une soir\u00e9e de rire garanti en \u00ab\u00a0lenga nostra\u00a0\u00bb. <!--more--><br \/>\n<strong><\/strong><\/p>\n<p><strong><\/strong><\/p>\n<p><strong><\/strong><\/p>\n<p><strong><\/p>\n<figure style=\"width: 400px\" class=\"wp-caption alignright\"><a href=\"https:\/\/www.o-p-i.fr\/7alire\/?s=trabol\"><img data-recalc-dims=\"1\" loading=\"lazy\" decoding=\"async\" title=\"Trabol \u00e0 Rabastens (81)\" src=\"https:\/\/i0.wp.com\/www.o-p-i.fr\/7alire\/wp-content\/uploads\/trabol-occitan.jpg?resize=400%2C300&#038;ssl=1\" alt=\"Trabol \u00e0 Rabastens (81)\" width=\"400\" height=\"300\" \/><\/a><figcaption class=\"wp-caption-text\">Trabol \u00e0 Rabastens (81)<\/figcaption><\/figure>\n<p><\/strong><\/p>\n<p><strong><\/strong><\/p>\n<p><strong><\/strong><\/p>\n<p style=\"text-align: justify;\">N\u00e9 en 1949, \u00e0 Lasgra\u00efsses dans le Tarn, Guy Reilles, alias TRABOL, \u00a0a  appris et aim\u00e9 la langue d\u2019oc gr\u00e2ce \u00e0 ses grands parents paternels. Il  doit son go\u00fbt pour le conte \u00e0 Marcel Esquieu, auteur et conteur  populaire agenais. Outre son r\u00e9el talent de conteur, il poss\u00e8de un sens  du geste qui donne \u00e0 ses r\u00e9cits une pr\u00e9sence incomparable et l\u2019aide  aussi \u00e0 se faire comprendre de ceux qui ne poss\u00e8dent pas parfaitement la  langue d\u2019oc. <a title=\"En savoir +\" href=\"https:\/\/www.o-p-i.fr\/7alire\/7-a-lire-actu\/parisot-82-samedi-26-mars-2011-a-21-heures-rire-occitan-avec-trabol\/\" target=\"_blank\">Lire la suite dans 7 \u00e0 lire ! <\/a><\/p>\n<p><strong>Date\u00a0 : <\/strong>28\/09\/12<br \/>\n<strong> <\/strong><\/p>\n<p><strong> Pour y aller &#8230;<\/strong><br \/>\n<a title=\"Ouvre le plan dans une nouvelle fen\u00eatre\" href=\"https:\/\/maps.google.fr\/maps?q=promenade+des+lices+rabastens&amp;ie=UTF8&amp;oe=utf-8&amp;client=firefox-a&amp;hnear=Promenade+des+Lices,+81800+Rabastens,+Tarn,+Midi-Pyr%C3%A9n%C3%A9es&amp;gl=fr&amp;t=m&amp;z=16\" target=\"_blank\">La Halle<br \/>\n81800 Rabastens<\/a><\/p>\n<p><strong>Tarifs :<\/strong><br \/>\n5 \u20ac<\/p>\n<p><strong> Organisateur : <\/strong>MJC Rabastens-Couffouleux<\/p>\n<p><strong> Contact  : <\/strong>MJC<br \/>\n2 impasse de Toulza<br \/>\n81800 Rabastens<\/p>\n<p>T\u00e9l. : 05 63 40 61 43<br \/>\nCourriel : <a href=\"mailto:mjcrabascouff@free.fr\">mjcrabascouff@free.fr<\/a><\/p>\n<p><em>Information communiqu\u00e9e par Genevi\u00e8ve Chortey, charg\u00e9e officielle de la promotion de cette manifestation.<br \/>\nSource image : <a href=\"https:\/\/www.o-p-i.fr\/7alire\/?s=trabol\">7 \u00e0 lire !<\/a><\/em><\/p>\n<p><a href=\"https:\/\/www.o-p-i.fr\/parlonsen\/agenda\/\"><strong>Retrouvez tous les \u00e9v\u00e8nements dans l&rsquo;agenda !<\/strong><\/a><\/p>\n","protected":false},"excerpt":{"rendered":"<div class=\"mh-excerpt\">Dans le cadre des premi\u00e8res Journ\u00e9es de la Langue d&rsquo;Oc organis\u00e9es les 28 et 29 septembre 2012 par la MJC Rabastens-Couffouleux, l&rsquo;humoriste occitan Trabol sera \u00e0 La Halle le vendredi 28 septembre 2012 \u00e0 20h30 <a class=\"mh-excerpt-more\" href=\"https:\/\/www.o-p-i.fr\/parlonsen\/parlons-en\/culture\/spectacle-comique-occitan-a-rabastens\/\" title=\"Spectacle comique occitan &#8230; \u00e0 Rabastens\">[&#8230;]<\/a><\/div>\n","protected":false},"author":2,"featured_media":0,"comment_status":"open","ping_status":"open","sticky":false,"template":"","format":"standard","meta":{"om_disable_all_campaigns":false,"advanced_seo_description":"","jetpack_seo_html_title":"","jetpack_seo_noindex":false,"_jetpack_memberships_contains_paid_content":false,"footnotes":"","_links_to":"","_links_to_target":""},"categories":[42,1,54,1364],"tags":[62,72,132,133,281,293,707],"class_list":{"0":"post-14148","1":"post","2":"type-post","3":"status-publish","4":"format-standard","6":"category-a-cote-de-chez-nous","7":"category-culture","8":"category-loisirs","9":"category-n-77-septembre-2012","10":"tag-occitan","11":"tag-rabastens","12":"tag-spectacle","13":"tag-occitanie","14":"tag-mjc-rabastens","15":"tag-mjc-rabastens-couffouleux","16":"tag-trabol"},"jetpack_featured_media_url":"","views":{"total":0,"cached_at":"","cached_date":1738514140},"jetpack_likes_enabled":true,"jetpack_sharing_enabled":true,"jetpack_shortlink":"https:\/\/wp.me\/pg7Wxj-3Gc","jetpack-related-posts":[],"_links":{"self":[{"href":"https:\/\/www.o-p-i.fr\/parlonsen\/wp-json\/wp\/v2\/posts\/14148","targetHints":{"allow":["GET"]}}],"collection":[{"href":"https:\/\/www.o-p-i.fr\/parlonsen\/wp-json\/wp\/v2\/posts"}],"about":[{"href":"https:\/\/www.o-p-i.fr\/parlonsen\/wp-json\/wp\/v2\/types\/post"}],"author":[{"embeddable":true,"href":"https:\/\/www.o-p-i.fr\/parlonsen\/wp-json\/wp\/v2\/users\/2"}],"replies":[{"embeddable":true,"href":"https:\/\/www.o-p-i.fr\/parlonsen\/wp-json\/wp\/v2\/comments?post=14148"}],"version-history":[{"count":0,"href":"https:\/\/www.o-p-i.fr\/parlonsen\/wp-json\/wp\/v2\/posts\/14148\/revisions"}],"wp:attachment":[{"href":"https:\/\/www.o-p-i.fr\/parlonsen\/wp-json\/wp\/v2\/media?parent=14148"}],"wp:term":[{"taxonomy":"category","embeddable":true,"href":"https:\/\/www.o-p-i.fr\/parlonsen\/wp-json\/wp\/v2\/categories?post=14148"},{"taxonomy":"post_tag","embeddable":true,"href":"https:\/\/www.o-p-i.fr\/parlonsen\/wp-json\/wp\/v2\/tags?post=14148"}],"curies":[{"name":"wp","href":"https:\/\/api.w.org\/{rel}","templated":true}]}}