{"id":14208,"date":"2012-10-02T13:39:33","date_gmt":"2012-10-02T11:39:33","guid":{"rendered":"\/parlonsen\/?p=14208"},"modified":"2012-10-02T17:39:52","modified_gmt":"2012-10-02T15:39:52","slug":"fete-de-la-science-a-caussade","status":"publish","type":"post","link":"https:\/\/www.o-p-i.fr\/parlonsen\/parlons-en\/culture\/fete-de-la-science-a-caussade\/","title":{"rendered":"F\u00eate de la Science &#8230; \u00e0 Caussade"},"content":{"rendered":"<p style=\"text-align: justify;\"><strong>Du 9 au 12 Octobre 2012<\/strong> . Animations et expositions gratuites.<!--more--><\/p>\n<h4 style=\"text-align: justify;\">Ann\u00e9e Mondiale De l\u2019\u00e9nergie durable pour tous<\/h4>\n<p style=\"text-align: justify;\"><strong><\/strong><\/p>\n<p><strong><\/p>\n<figure id=\"attachment_14211\" aria-describedby=\"caption-attachment-14211\" style=\"width: 350px\" class=\"wp-caption alignright\"><a href=\"https:\/\/i0.wp.com\/www.o-p-i.fr\/parlonsen\/wp-content\/uploads\/fetedelascience2012.jpg?ssl=1\"><img data-recalc-dims=\"1\" loading=\"lazy\" decoding=\"async\" class=\"size-full wp-image-14211\" title=\"F\u00eate de la Science 2012\" src=\"https:\/\/i0.wp.com\/www.o-p-i.fr\/parlonsen\/wp-content\/uploads\/fetedelascience2012.jpg?resize=350%2C525&#038;ssl=1\" alt=\"F\u00eate de la Science 2012\" width=\"350\" height=\"525\" srcset=\"https:\/\/i0.wp.com\/www.o-p-i.fr\/parlonsen\/wp-content\/uploads\/fetedelascience2012.jpg?w=350&amp;ssl=1 350w, https:\/\/i0.wp.com\/www.o-p-i.fr\/parlonsen\/wp-content\/uploads\/fetedelascience2012.jpg?resize=200%2C300&amp;ssl=1 200w\" sizes=\"auto, (max-width: 350px) 100vw, 350px\" \/><\/a><figcaption id=\"caption-attachment-14211\" class=\"wp-caption-text\">F\u00eate de la Science 2012<\/figcaption><\/figure>\n<p><\/strong><\/p>\n<p style=\"text-align: justify;\"><strong>Ateliers et conf\u00e9rence :<\/strong><br \/>\n<em>Immeuble des R\u00e9collets \u00e0 Caussade<\/em><br \/>\nL&rsquo;\u00e9nergie est au c\u0153ur de questions fondamentales \u00e9conomiques, environnementales et de d\u00e9veloppement qui touchent le monde actuel.<br \/>\nDes services \u00e9nerg\u00e9tiques propres, efficaces, abordables et fiables sont indispensables pour la prosp\u00e9rit\u00e9 mondiale.<br \/>\nCe th\u00e8me sera abord\u00e9 lors des ateliers d\u2019Alain H\u00e9brard sur les \u00ab \u00e9nergies d\u2019hier et du futur\u00bb.<br \/>\nUne conf\u00e9rence intitul\u00e9e \u00ab la m\u00e9thanisation sous toutes ses formes \u00bb pr\u00e9sentera trois exemples locaux dans le domaine agricole et dans la valorisation et traitement des d\u00e9chets m\u00e9nagers.<\/p>\n<h5><strong>Mardi 9, mercredi 10, jeudi 11, vendredi 12 <strong>octobre<\/strong><\/strong><\/h5>\n<h5 style=\"text-align: justify;\">9 h \u00e0 12 h \/\/ 14 h \u00e0 17 h &#8211; Ateliers d\u2019Alain HEBRARD<\/h5>\n<p style=\"text-align: justify;\"><strong>\u00ab Les \u00e9nergies d\u2019hier et d\u2019aujourd\u2019hui \u00bb<\/strong><\/p>\n<p style=\"text-align: justify;\">Les combustibles fossiles : le bois, la tourbe, la lignite, le p\u00e9trole.<br \/>\n\u00a8 Le solaire thermique : effet de serre, chauffe eau solaire,<br \/>\n\u00a8 Les tours solaires,<br \/>\n\u00a8 Le solaire photovolta\u00efque : fabriquer de l&rsquo;\u00e9lectricit\u00e9 avec la lumi\u00e8re solaire,<br \/>\n\u00a8 L&rsquo;\u00e9nergie \u00e9olienne, m\u00e9canique et \u00e9lectrique : moulin \u00e0 vent et \u00e9olienne,<br \/>\n\u00a8 L&rsquo;\u00e9nergie de la mer : mar\u00e9motrice, courants marins et hydroliennes.<\/p>\n<h5><strong>Mercredi 10 octobre<\/strong><\/h5>\n<h5 style=\"text-align: justify;\"><strong>10 h \u00e0 12 h \/\/ 14 h \u00e0 16 h<\/strong> &#8211; Animation jeunesse<\/h5>\n<p style=\"text-align: justify;\"><strong>\u00ab\u00a0Fabrication d&rsquo;une \u00e9olienne en carton\u00a0\u00bb.<\/strong><\/p>\n<p style=\"text-align: justify;\">Atelier de 15 enfants. D\u00e8s 8 ans<br \/>\n<em>Inscription obligatoire au 05 63 93 28 66<\/em><\/p>\n<p>Apporter une bouteille plastique contenant du sable.<\/p>\n<h5 style=\"text-align: justify;\"><strong>\u00e0 13 h 45 &#8211;<\/strong> Construction labellis\u00e9e BBC<\/h5>\n<p style=\"text-align: justify;\">Visite d\u2019une maison basse consommation organis\u00e9e par l&rsquo;Espace Info Energie du CAUE 82<br \/>\nMaison en b\u00e9ton cellulaire avec appartement attenant.<br \/>\nLabellisation BBC Effinergie. Test d\u2019\u00e9tanch\u00e9it\u00e9 \u00e0 l\u2019air \u00e0 la porte soufflante r\u00e9alis\u00e9 en direct.<br \/>\nT\u00e9moignage des propri\u00e9taires et du constructeur.<br \/>\n<em>Inscription obligatoire au 05 63 91 42 70<\/em><br \/>\nRDV aux R\u00e9collets<\/p>\n<h5 style=\"text-align: justify;\">\u00e0 20h 00 &#8211; Soir\u00e9e\/d\u00e9bat : salle de conf\u00e9rence<\/h5>\n<p style=\"text-align: justify;\"><strong>\u00abLa m\u00e9thanisation sous toutes ses formes\u00bb<\/strong><\/p>\n<p style=\"text-align: justify;\">Qu\u2019est-ce que la m\u00e9thanisation ?<br \/>\nPrincipe expos\u00e9 par Christian COUTURIER, association SOLAGRO<\/p>\n<p style=\"text-align: justify;\">3 exemples<\/p>\n<p style=\"text-align: justify;\">\u00a8 <em>S.A.S BOYER <\/em>\u00e0 Moissac<br \/>\nUnit\u00e9 de biom\u00e9thanisation<\/p>\n<p style=\"text-align: justify;\">\u00a8 Christian COUTURIER <em>Association SOLAGRO<\/em><br \/>\nM\u00e9thanisation agricole<\/p>\n<p style=\"text-align: justify;\"><strong><img data-recalc-dims=\"1\" loading=\"lazy\" decoding=\"async\" class=\"alignright size-full wp-image-14213\" title=\"Communaut\u00e9 de communes du Quercy Caussadais\" src=\"https:\/\/i0.wp.com\/www.o-p-i.fr\/parlonsen\/wp-content\/uploads\/comcomcaussade.jpg?resize=247%2C200&#038;ssl=1\" alt=\"Communaut\u00e9 de communes du Quercy Caussadais\" width=\"247\" height=\"200\" \/><\/strong>\u00a8 Eric PEYRAT <em>DRIMM-SECHE Environnement<\/em><br \/>\nM\u00e9thanisation des d\u00e9chets<\/p>\n<p style=\"text-align: justify;\"><strong>Pour y aller &#8230;<\/strong><br \/>\n<a title=\"Ouvre le plan dans une nouvelle fen\u00eatre\" href=\"https:\/\/maps.google.fr\/maps?q=Immeuble+des+R%C3%A9collets+82300++CAUSSADE&amp;ie=UTF8&amp;oe=utf-8&amp;client=firefox-a&amp;hnear=Rue+des+R%C3%A9collets,+82300+Caussade,+Tarn-Et-Garonne,+Midi-Pyr%C3%A9n%C3%A9es&amp;gl=fr&amp;t=m&amp;z=16\" target=\"_blank\">Immeuble des R\u00e9collets<br \/>\n82300\u00a0 CAUSSADE<\/a><\/p>\n<p style=\"text-align: justify;\"><strong>Contact : <\/strong>Communaut\u00e9 de Communes du Quercy Caussadais<br \/>\nZ.I. de Meaux<br \/>\n82300 CAUSSADE<br \/>\nT\u00e9l. : 05.63.93.28.66<br \/>\nCourriel : <a href=\"mailto:estelle.desmard.quercycaussadais@orange.fr\">estelle.desmard.quercycaussadais@orange.fr<\/a><\/p>\n<p style=\"text-align: justify;\"><em>Communiqu\u00e9 d&rsquo;Estelle Desmard<\/em>.<\/p>\n<p style=\"text-align: justify;\">\n","protected":false},"excerpt":{"rendered":"<div class=\"mh-excerpt\">Du 9 au 12 Octobre 2012 . Animations et expositions gratuites.<\/div>\n","protected":false},"author":2,"featured_media":0,"comment_status":"open","ping_status":"open","sticky":false,"template":"","format":"standard","meta":{"om_disable_all_campaigns":false,"advanced_seo_description":"","jetpack_seo_html_title":"","jetpack_seo_noindex":false,"_jetpack_memberships_contains_paid_content":false,"footnotes":"","_links_to":"","_links_to_target":""},"categories":[3,42,1,1276,55,725,54,6,1388],"tags":[323,393,539,574,647,56,777,2565,813,145,816,168,817,169,1098,172,180,189,234,2562,305],"class_list":{"0":"post-14208","1":"post","2":"type-post","3":"status-publish","4":"format-standard","6":"category-agriculture","7":"category-a-cote-de-chez-nous","8":"category-culture","9":"category-economie-parlons-en","10":"category-environnement","11":"category-formation-parlons-en","12":"category-loisirs","13":"category-pratique","14":"category-n-78-octobre-2012","15":"tag-enfant","16":"tag-developpement-durable","17":"tag-solaire","18":"tag-dechet","19":"tag-panneaux-photovoltaiques","20":"tag-fete","21":"tag-respect-de-lenvironnement","22":"tag-methane","23":"tag-methanisation","24":"tag-animation","25":"tag-energies-renouvelables","26":"tag-eolien","27":"tag-economies-denergie","28":"tag-energie","29":"tag-science","30":"tag-exposition","31":"tag-atelier","32":"tag-debat","33":"tag-conference","34":"tag-environnement","35":"tag-caussade"},"jetpack_featured_media_url":"","views":{"total":0,"cached_at":"","cached_date":1738514060},"jetpack_likes_enabled":true,"jetpack_sharing_enabled":true,"jetpack_shortlink":"https:\/\/wp.me\/pg7Wxj-3Ha","jetpack-related-posts":[],"_links":{"self":[{"href":"https:\/\/www.o-p-i.fr\/parlonsen\/wp-json\/wp\/v2\/posts\/14208","targetHints":{"allow":["GET"]}}],"collection":[{"href":"https:\/\/www.o-p-i.fr\/parlonsen\/wp-json\/wp\/v2\/posts"}],"about":[{"href":"https:\/\/www.o-p-i.fr\/parlonsen\/wp-json\/wp\/v2\/types\/post"}],"author":[{"embeddable":true,"href":"https:\/\/www.o-p-i.fr\/parlonsen\/wp-json\/wp\/v2\/users\/2"}],"replies":[{"embeddable":true,"href":"https:\/\/www.o-p-i.fr\/parlonsen\/wp-json\/wp\/v2\/comments?post=14208"}],"version-history":[{"count":0,"href":"https:\/\/www.o-p-i.fr\/parlonsen\/wp-json\/wp\/v2\/posts\/14208\/revisions"}],"wp:attachment":[{"href":"https:\/\/www.o-p-i.fr\/parlonsen\/wp-json\/wp\/v2\/media?parent=14208"}],"wp:term":[{"taxonomy":"category","embeddable":true,"href":"https:\/\/www.o-p-i.fr\/parlonsen\/wp-json\/wp\/v2\/categories?post=14208"},{"taxonomy":"post_tag","embeddable":true,"href":"https:\/\/www.o-p-i.fr\/parlonsen\/wp-json\/wp\/v2\/tags?post=14208"}],"curies":[{"name":"wp","href":"https:\/\/api.w.org\/{rel}","templated":true}]}}