{"id":1436,"date":"2009-12-07T20:54:35","date_gmt":"2009-12-07T18:54:35","guid":{"rendered":"\/parlonsen\/?p=1436"},"modified":"2009-12-07T21:11:39","modified_gmt":"2009-12-07T19:11:39","slug":"telethon-cest-la-crise-aussi","status":"publish","type":"post","link":"https:\/\/www.o-p-i.fr\/parlonsen\/localisation\/au-pays-des-tescous\/monclar\/telethon-cest-la-crise-aussi\/","title":{"rendered":"TELETHON : c&rsquo;est la crise aussi ?"},"content":{"rendered":"<p style=\"text-align: justify;\">A l\u2019instar de l\u2019ensemble de la France, on ne peut pas parler de T\u00e9l\u00e9thon record \u00e0 Monclar<!--more--> (qui n&rsquo;a d&rsquo;ailleurs jamais organis\u00e9 de grandes manifestations inter-associatives et communales). Le public \u00e9tait aussi clairsem\u00e9 chez les pompiers qui invitaient \u00e0 la visite de leur caserne qu&rsquo;\u00e0 la salle cin\u00e9ma o\u00f9 pourtant un programme original \u00e9tait propos\u00e9. Pour la premi\u00e8re fois en effet en Tarn et Garonne, des associations occitanes avaient choisi de s\u2019associer \u00e0 la manifestation ch\u00e8re \u00e0 Pierre Bogino, le coordinateur du Tarn et Garonne mais cet \u00e9v\u00e9nement in\u00e9dit n\u2019a pas mobilis\u00e9 la grande foule.<\/p>\n<figure id=\"attachment_1438\" aria-describedby=\"caption-attachment-1438\" style=\"width: 400px\" class=\"wp-caption alignleft\"><img data-recalc-dims=\"1\" loading=\"lazy\" decoding=\"async\" class=\"size-full wp-image-1438\" title=\"T\u00e9l\u00e9thon \u00e0 Monclar\" src=\"https:\/\/i0.wp.com\/www.o-p-i.fr\/parlonsen\/wp-content\/uploads\/telethon_monclar.jpg?resize=400%2C299&#038;ssl=1\" alt=\"T\u00e9l\u00e9thon \u00e0 Monclar\" width=\"400\" height=\"299\" srcset=\"https:\/\/i0.wp.com\/www.o-p-i.fr\/parlonsen\/wp-content\/uploads\/telethon_monclar.jpg?w=400&amp;ssl=1 400w, https:\/\/i0.wp.com\/www.o-p-i.fr\/parlonsen\/wp-content\/uploads\/telethon_monclar.jpg?resize=300%2C224&amp;ssl=1 300w\" sizes=\"auto, (max-width: 400px) 100vw, 400px\" \/><figcaption id=\"caption-attachment-1438\" class=\"wp-caption-text\">T\u00e9l\u00e9thon \u00e0 Monclar<\/figcaption><\/figure>\n<p style=\"text-align: justify;\">Cependant, si les \u00ab initi\u00e9s \u00bb ont boud\u00e9 la dict\u00e9e occitane et n\u2019ont pas os\u00e9 venir lire ou d\u00e9clamer des textes, le public a beaucoup appr\u00e9ci\u00e9 les projections qui se sont succ\u00e9d\u00e9 de 14h \u00e0 19h. A c\u00f4t\u00e9 des vid\u00e9os \u00abAl canton de Monclar\u00bb sur t\u00e9l\u00e9viseur qui mettaient des acteurs locaux en vedette, la retransmission sur grand \u00e9cran du spectacle de Padena et l\u2019opus 1 du triptyque \u00abOccitania, Occitania\u00bb de Claude Vernick a ravi les spectateurs qui apr\u00e8s avoir ri de bon c\u0153ur avec le c\u00e9l\u00e8bre comique occitan ont suivi avec beaucoup d\u2019int\u00e9r\u00eat le documentaire, s\u00e9duits par la qualit\u00e9 des intervenants et souvent \u00e9tonn\u00e9s de d\u00e9couvrir que \u00ableur\u00bb patois et occitan sont une seule et m\u00eame langue.<br \/>\nMerci \u00e0 tous ceux qui ont c\u00e9d\u00e9 leurs droits, merci au projectionniste qui a offert son temps au profit du T\u00e9l\u00e9thon, merci au Maire de Monclar qui a si spontan\u00e9ment ouvert le Cin\u00e9ma, \u00e0 l\u2019office de tourisme pour son soutien logistique et aux anonymes qui ont proc\u00e9d\u00e9 \u00e0 l\u2019affichage .<br \/>\nRendez-vous pour un T\u00e9l\u00e9thon 2010 plus g\u00e9n\u00e9reux mais pour 2009 vous pouvez encore faire vos promesses de dons toute la semaine en appelant le 3637.<\/p>\n","protected":false},"excerpt":{"rendered":"<div class=\"mh-excerpt\">A l\u2019instar de l\u2019ensemble de la France, on ne peut pas parler de T\u00e9l\u00e9thon record \u00e0 Monclar<\/div>\n","protected":false},"author":8,"featured_media":0,"comment_status":"open","ping_status":"open","sticky":false,"template":"","format":"standard","meta":{"om_disable_all_campaigns":false,"advanced_seo_description":"","jetpack_seo_html_title":"","jetpack_seo_noindex":false,"_jetpack_memberships_contains_paid_content":false,"footnotes":"","_links_to":"","_links_to_target":""},"categories":[91,16,58,199],"tags":[2564,143],"class_list":{"0":"post-1436","1":"post","2":"type-post","3":"status-publish","4":"format-standard","6":"category-telethon","7":"category-monclar","8":"category-sante","9":"category-n-44","10":"tag-telethon","11":"tag-monclar-de-quercy"},"jetpack_featured_media_url":"","views":{"total":0,"cached_at":"","cached_date":1738515146},"jetpack_likes_enabled":true,"jetpack_sharing_enabled":true,"jetpack_shortlink":"https:\/\/wp.me\/pg7Wxj-na","jetpack-related-posts":[],"_links":{"self":[{"href":"https:\/\/www.o-p-i.fr\/parlonsen\/wp-json\/wp\/v2\/posts\/1436","targetHints":{"allow":["GET"]}}],"collection":[{"href":"https:\/\/www.o-p-i.fr\/parlonsen\/wp-json\/wp\/v2\/posts"}],"about":[{"href":"https:\/\/www.o-p-i.fr\/parlonsen\/wp-json\/wp\/v2\/types\/post"}],"author":[{"embeddable":true,"href":"https:\/\/www.o-p-i.fr\/parlonsen\/wp-json\/wp\/v2\/users\/8"}],"replies":[{"embeddable":true,"href":"https:\/\/www.o-p-i.fr\/parlonsen\/wp-json\/wp\/v2\/comments?post=1436"}],"version-history":[{"count":0,"href":"https:\/\/www.o-p-i.fr\/parlonsen\/wp-json\/wp\/v2\/posts\/1436\/revisions"}],"wp:attachment":[{"href":"https:\/\/www.o-p-i.fr\/parlonsen\/wp-json\/wp\/v2\/media?parent=1436"}],"wp:term":[{"taxonomy":"category","embeddable":true,"href":"https:\/\/www.o-p-i.fr\/parlonsen\/wp-json\/wp\/v2\/categories?post=1436"},{"taxonomy":"post_tag","embeddable":true,"href":"https:\/\/www.o-p-i.fr\/parlonsen\/wp-json\/wp\/v2\/tags?post=1436"}],"curies":[{"name":"wp","href":"https:\/\/api.w.org\/{rel}","templated":true}]}}